{"id":12772,"date":"2020-12-04T10:27:33","date_gmt":"2020-12-04T15:27:33","guid":{"rendered":"https:\/\/jrfortin.com\/jrf\/?p=12772"},"modified":"2023-07-13T09:17:14","modified_gmt":"2023-07-13T13:17:14","slug":"existe-t-il-une-relation-entre-les-pandemies-et-les-champs-electromagnetiques","status":"publish","type":"post","link":"https:\/\/jrfortin.com\/jrf\/blog\/existe-t-il-une-relation-entre-les-pandemies-et-les-champs-electromagnetiques\/","title":{"rendered":"Champs \u00e9lectro-magn\u00e9tiques, 5G, pland\u00e9mies et contr\u00f4le plan\u00e9taire"},"content":{"rendered":"<p style=\"text-align: center;\"><img data-recalc-dims=\"1\" loading=\"lazy\" decoding=\"async\" data-attachment-id=\"13690\" data-permalink=\"https:\/\/jrfortin.com\/jrf\/blog\/existe-t-il-une-relation-entre-les-pandemies-et-les-champs-electromagnetiques\/attachment\/3232\/\" data-orig-file=\"https:\/\/i0.wp.com\/jrfortin.com\/jrf\/wp-content\/uploads\/2020\/05\/3232.png?fit=1850%2C1850&amp;ssl=1\" data-orig-size=\"1850,1850\" data-comments-opened=\"1\" data-image-meta=\"{&quot;aperture&quot;:&quot;0&quot;,&quot;credit&quot;:&quot;&quot;,&quot;camera&quot;:&quot;&quot;,&quot;caption&quot;:&quot;&quot;,&quot;created_timestamp&quot;:&quot;0&quot;,&quot;copyright&quot;:&quot;&quot;,&quot;focal_length&quot;:&quot;0&quot;,&quot;iso&quot;:&quot;0&quot;,&quot;shutter_speed&quot;:&quot;0&quot;,&quot;title&quot;:&quot;&quot;,&quot;orientation&quot;:&quot;0&quot;}\" data-image-title=\"3232\" data-image-description=\"&lt;p&gt;Symbole t\u00e9l\u00e9pathique pour appeler la communaut\u00e9 d&amp;rsquo;Androm\u00e8de &lt;\/p&gt;\n\" data-image-caption=\"\" data-medium-file=\"https:\/\/i0.wp.com\/jrfortin.com\/jrf\/wp-content\/uploads\/2020\/05\/3232.png?fit=300%2C300&amp;ssl=1\" data-large-file=\"https:\/\/i0.wp.com\/jrfortin.com\/jrf\/wp-content\/uploads\/2020\/05\/3232.png?fit=830%2C830&amp;ssl=1\" class=\"aligncenter wp-image-13690\" src=\"https:\/\/i0.wp.com\/jrfortin.com\/jrf\/wp-content\/uploads\/2020\/05\/3232.png?resize=281%2C281&#038;ssl=1\" alt=\"\" width=\"281\" height=\"281\" srcset=\"https:\/\/i0.wp.com\/jrfortin.com\/jrf\/wp-content\/uploads\/2020\/05\/3232.png?w=1850&amp;ssl=1 1850w, https:\/\/i0.wp.com\/jrfortin.com\/jrf\/wp-content\/uploads\/2020\/05\/3232.png?resize=300%2C300&amp;ssl=1 300w, https:\/\/i0.wp.com\/jrfortin.com\/jrf\/wp-content\/uploads\/2020\/05\/3232.png?resize=1024%2C1024&amp;ssl=1 1024w, https:\/\/i0.wp.com\/jrfortin.com\/jrf\/wp-content\/uploads\/2020\/05\/3232.png?resize=120%2C120&amp;ssl=1 120w, https:\/\/i0.wp.com\/jrfortin.com\/jrf\/wp-content\/uploads\/2020\/05\/3232.png?resize=768%2C768&amp;ssl=1 768w, https:\/\/i0.wp.com\/jrfortin.com\/jrf\/wp-content\/uploads\/2020\/05\/3232.png?resize=1536%2C1536&amp;ssl=1 1536w, https:\/\/i0.wp.com\/jrfortin.com\/jrf\/wp-content\/uploads\/2020\/05\/3232.png?resize=150%2C150&amp;ssl=1 150w, https:\/\/i0.wp.com\/jrfortin.com\/jrf\/wp-content\/uploads\/2020\/05\/3232.png?resize=1320%2C1320&amp;ssl=1 1320w, https:\/\/i0.wp.com\/jrfortin.com\/jrf\/wp-content\/uploads\/2020\/05\/3232.png?w=1660&amp;ssl=1 1660w\" sizes=\"auto, (max-width: 281px) 100vw, 281px\" \/><\/p>\n<hr \/>\n<p style=\"text-align: justify;\">Il a \u00e9t\u00e9 observ\u00e9 que les pand\u00e9mies des 150 derni\u00e8res ann\u00e9es correspondent \u00e0 des sauts quantiques importants caus\u00e9s par l\u2019\u00e9lectrification de la plan\u00e8te Terre. Par exemple, en 1917 on introduisit les ondes radio \u00e0 l\u2019\u00e9chelle plan\u00e9taire. Quelque six mois plus tard, soit le temps observ\u00e9 d\u2019incubation, la pand\u00e9mie de la grippe espagnole dont l\u2019origine demeure encore inconnue tuait environ 7.5 millions de personnes de 1918 \u00e0 1919. Puis, plus rien! Curieusement, la maladie est apparue soudainement partout sur la Terre au m\u00eame moment, et \u00e0 une \u00e9poque o\u00f9 il fallait parfois des mois de voyagement pour se rendre aux antipodes de la plan\u00e8te.<\/p>\n<p style=\"text-align: justify;\">En 1968 il a eu la grippe de Hong-Kong qui a co\u00efncid\u00e9 avec l\u2019av\u00e8nement du d\u00e9ploiement de satellites \u00e9mettant des fr\u00e9quences radioactives dans la ceinture de radiations Van Allen situ\u00e9e dans la magn\u00e9tosph\u00e8re de la Terre. R\u00e9sultat: un million de victimes.<\/p>\n<p><strong>LA NATURE DES VIRUS<\/strong><\/p>\n<p style=\"text-align: justify;\">Les virus sont des excr\u00e9tions de cellules intoxiqu\u00e9es, qui pour se purifier sont contraintes d\u2019expulser des d\u00e9bris nuisibles. De fait, les virus sont des \u00e9l\u00e9ments prot\u00e9in\u00e9s d\u2019ADN ou d\u2019ARN expuls\u00e9s de cellules empoisonn\u00e9es. Les virus ne sont pas la cause de la maladie, mais la toxicit\u00e9 qui m\u00e8ne \u00e0 ces excr\u00e9tions l\u2019est. Identifier cette toxicit\u00e9 permet \u00e9ventuellement d\u2019y rem\u00e9dier. Les virus ne sont pas des b\u00e9b\u00eates mal\u00e9fiques qui nous attaquent, ils sont des messagers qui indique au corps qu&rsquo;il doit se d\u00e9barrasser d&rsquo;une toxicit\u00e9, et lorsque c&rsquo;est fait, ils meurent.<\/p>\n<p style=\"text-align: justify;\">Le corps humain contient 100 fois plus de virus que de cellules. On peut trouver jusqu&rsquo;\u00e0 100 milliards de virus seulement dans un litre d&rsquo;eau de mer. Chaque minute nous respirons environ 200 000 virus. Autrement dit, ce sont plus de 105 milliards de virus que nous inhalons chaque ann\u00e9e en respirant ! Ce chiffre augmente en hiver et quand nous pratiquons une activit\u00e9 physique.<\/p>\n<p style=\"text-align: justify;\">D&rsquo;autre part, lorsqu\u2019on expose des entit\u00e9s biologiques \u00e0 un nouveau champ \u00e9lectromagn\u00e9tique, on les empoisonne. Le champ \u00e9lectromagn\u00e9tique devient une pollution, une dangereuse toxicit\u00e9 pour les humains en affectant directement le syst\u00e8me immunitaire.<\/p>\n<p style=\"text-align: justify;\">De nos jours, nous pouvons communiquer partout sur la plan\u00e8te en temps r\u00e9el. Nous sommes bel et bien tous connect\u00e9s par des champs \u00e9lectromagn\u00e9tiques globaux, en plus de nos connexions li\u00e9es au ph\u00e9nom\u00e8ne d\u2019intrication quantique. Nous sommes compos\u00e9s de champs \u00e9lectriques. Nos cellules corporelles sont des piles. Chacune des 50 trillions de cellules de notre corps, p\u00f4le n\u00e9gatif \u00e0 l&rsquo;int\u00e9rieur et p\u00f4le positif \u00e0 l&rsquo;ext\u00e9rieur, \u00e9met 1.4 volt pour un total d&rsquo;environ 700 trillions de volts.<\/p>\n<p style=\"text-align: justify;\">Qui plus est, le corps physique lui-m\u00eame s\u2019av\u00e8re une antenne qui fait de chacun de nous \u00e0 la fois un r\u00e9cepteur et un \u00e9metteur. Les fr\u00e9quences que le corps re\u00e7oit, l&rsquo;\u00e9nergie, sont des communications qui fa\u00e7onnent pr\u00e9cis\u00e9ment la r\u00e9alit\u00e9 que nous vivons \u00e0 chaque instant. Par exemple, lorsque nous nous exposons au Soleil, nous recevons une fr\u00e9quence qui communique au corps de produire de la vitamine D et il le fait. Les ondes lumineuses que nous recevons sont immat\u00e9rielles, et malgr\u00e9 cela elles nous affectes directement. Les champs \u00e9lectromagn\u00e9tiques sont \u00e9galement des ondes qui nous affectent de diverses fa\u00e7ons.<\/p>\n<p style=\"text-align: justify;\">C&rsquo;est pourquoi les variations des champs \u00e9lectromagn\u00e9tiques per\u00e7ues, inconsciemment ou non, viennent modifier nos fonctions corporelles et nos pens\u00e9es. C\u2019est d&rsquo;ailleurs essentiel pour qu\u2019il y ait contamination par un virus. Ainsi, tout le processus s\u2019op\u00e8re d\u2019abord et avant tout au niveau quantique. La ma\u00eetrise de cette sph\u00e8re de conscience permet entre autres de ne pas subir les influences n\u00e9gatives de la toxicit\u00e9 de ces champs \u00e9lectromagn\u00e9tiques polluants.<\/p>\n<p style=\"text-align: justify;\">Ainsi, les merdias d\u2019information subventionn\u00e9s qui \u00e9mettent sans arr\u00eat dans le syst\u00e8me mondial des \u00e9l\u00e9ments de peur \u00e0 des fins de contr\u00f4le des populations syntonisent directement une fr\u00e9quence cr\u00e9ant la disharmonie individuelle aupr\u00e8s de nombreux humains n\u2019ayant pas la capacit\u00e9 d\u2019accepter l\u2019intrusion, de la rediriger au Centre et de la laisser s\u2019\u00e9vanouir dans le cosmos. Il s\u2019agit ici d&rsquo;une application de la ma\u00eetrise de la divine indiff\u00e9rence du BUDO qui s\u2019obtient par l\u2019\u00e9l\u00e9vation de la conscience et une profonde coordination corps-esprit.<\/p>\n<p><strong>L&rsquo;\u00c9LECTRIFICATION PLAN\u00c9TAIRE<\/strong><\/p>\n<p style=\"text-align: justify;\">La derni\u00e8re \u00e9lectrification plan\u00e9taire majeure co\u00efncide avec la pand\u00e9mie du coronavirus de 2020. Il s\u2019agit de la mise en place de la technologie 5G qui aura requis le d\u00e9ploiement de 20 000 satellites autour de la plan\u00e8te ainsi que l\u2019installation de centaines de millions d\u2019antennes au sol.<\/p>\n<p style=\"text-align: justify;\">L&rsquo;exposition \u00e0 la 5G produit une augmentation de radicaux libres nocifs chez les humains et les animaux, affaiblissant ainsi leur m\u00e9tabolisme et leur syst\u00e8me immunitaire. Cette condition rend les victimes susceptibles \u00e0 l&rsquo;intrusion du virus. D&rsquo;ailleurs, les premi\u00e8res victimes \u00e0 subir les effets du virus de la COVID-19 sont des pays asiatiques accusant une large couverture de la 5G, dont la Cor\u00e9e du sud qui fut le premier \u00c9tat a d\u00e9ployer la technologie partout au pays. Il y a eu beaucoup de gens contamin\u00e9s provenant de bateaux de croisi\u00e8res \u00e9quip\u00e9s de la 5G. La technologie n&rsquo;a pas produit le virus bien s\u00fbr, mais elle s&rsquo;attaque au syst\u00e8me immunitaire et permet au virus de causer de graves probl\u00e8mes de sant\u00e9 chez les gens d\u00e9j\u00e0 malades.<\/p>\n<p style=\"text-align: justify;\">Ces technologies sont nuisibles pour la sant\u00e9 des humains et des animaux. En effet, leur utilisation produit une d\u00e9structuration de l\u2019eau corporelle, entra\u00eenant ainsi une communication inter et intra cellulaire de pi\u00e8tre qualit\u00e9 causant ainsi de nombreux autres probl\u00e8mes de sant\u00e9.<\/p>\n<p style=\"text-align: justify;\">Un ami m&rsquo;a rapport\u00e9 que depuis l&rsquo;installation de la 5G dans certain secteurs de la r\u00e9gion de Portneuf, les animaux de ferme meurent myst\u00e9rieusement en grand nombre et les humains tombent malades. Le massacre est v\u00e9ritablement commenc\u00e9&#8230;<\/p>\n<p style=\"text-align: justify;\">Un exercice pratique (\u00e0 partir d\u2019une info de mon ami Raymond) avec un t\u00e9l\u00e9phone cellulaire permet de valider ce qui pr\u00e9c\u00e8de. Beaucoup de personnes transportent leur cellulaire dans une poche de veste ou dans une poche de chemise, de sorte que l\u2019appareil se retrouve pr\u00e8s du c\u0153ur. Si on teste la stabilit\u00e9 physique d\u2019une personne portant ce type d\u2019appareil en appliquant une l\u00e9g\u00e8re pression sur la poitrine, on verra qu\u2019il est tr\u00e8s facile de la d\u00e9s\u00e9quilibrer. Alors qu\u2019autrement, la personne demeurera stable simplement en relaxant.<\/p>\n<p style=\"text-align: justify;\">M\u00eame si le cellulaire est ferm\u00e9 et sans puce de t\u00e9l\u00e9communication, la personne sera tr\u00e8s facilement d\u00e9s\u00e9quilibr\u00e9e. La nature m\u00eame de ce type de technologie est incompatible avec la vie humaine (<a href=\"https:\/\/jrfortin.com\/jrf\/blog\/comment-se-proteger-des-ondes-electromagnetiques-negatives\/\" target=\"_blank\" rel=\"noopener noreferrer\">\u00e0 moins de se prot\u00e9ger de l&rsquo;appareil<\/a>).<\/p>\n<p style=\"text-align: justify;\">Imaginez maintenant le r\u00e9sultat sur le corps humain et l&rsquo;esprit si on ajoute un signal cellulaire comme celui de la puissance d\u00e9mesur\u00e9e de la 5G, des puces \u00e9lectroniques sous-cutan\u00e9es ou des vaccins comportant de grandes quantit\u00e9s de m\u00e9taux ! En fait, les vaxxins Covid-19 comportent principalement de l&rsquo;oxyde de graph\u00e8ne, un produit magn\u00e9tique hautement toxique qui produit, entre autres, des mini caillots sanguins dans tous les organes du corps humain (<a href=\"https:\/\/lafinducovid.com\/michel_dogna_graphene_vaccin\" target=\"_blank\" rel=\"noopener\">Voir cet article d&rsquo;ao\u00fbt 2021<\/a> pour tous conna\u00eetre les d\u00e9tails de l&rsquo;instrument du plus grand crime contre l&rsquo;humanit\u00e9 que le monde ait connu).<\/p>\n<p>&nbsp;<\/p>\n<p style=\"text-align: center;\"><img data-recalc-dims=\"1\" loading=\"lazy\" decoding=\"async\" data-attachment-id=\"12773\" data-permalink=\"https:\/\/jrfortin.com\/jrf\/blog\/existe-t-il-une-relation-entre-les-pandemies-et-les-champs-electromagnetiques\/terre\/\" data-orig-file=\"https:\/\/i0.wp.com\/jrfortin.com\/jrf\/wp-content\/uploads\/2020\/03\/terre.jpg?fit=550%2C550&amp;ssl=1\" data-orig-size=\"550,550\" data-comments-opened=\"1\" data-image-meta=\"{&quot;aperture&quot;:&quot;0&quot;,&quot;credit&quot;:&quot;&quot;,&quot;camera&quot;:&quot;&quot;,&quot;caption&quot;:&quot;&quot;,&quot;created_timestamp&quot;:&quot;0&quot;,&quot;copyright&quot;:&quot;&quot;,&quot;focal_length&quot;:&quot;0&quot;,&quot;iso&quot;:&quot;0&quot;,&quot;shutter_speed&quot;:&quot;0&quot;,&quot;title&quot;:&quot;&quot;,&quot;orientation&quot;:&quot;0&quot;}\" data-image-title=\"terre\" data-image-description=\"&lt;p&gt;La plan\u00e8te Terre&lt;\/p&gt;\n\" data-image-caption=\"\" data-medium-file=\"https:\/\/i0.wp.com\/jrfortin.com\/jrf\/wp-content\/uploads\/2020\/03\/terre.jpg?fit=300%2C300&amp;ssl=1\" data-large-file=\"https:\/\/i0.wp.com\/jrfortin.com\/jrf\/wp-content\/uploads\/2020\/03\/terre.jpg?fit=550%2C550&amp;ssl=1\" class=\"aligncenter wp-image-12773\" src=\"https:\/\/i0.wp.com\/jrfortin.com\/jrf\/wp-content\/uploads\/2020\/03\/terre.jpg?resize=277%2C277&#038;ssl=1\" alt=\"\" width=\"277\" height=\"277\" srcset=\"https:\/\/i0.wp.com\/jrfortin.com\/jrf\/wp-content\/uploads\/2020\/03\/terre.jpg?w=550&amp;ssl=1 550w, https:\/\/i0.wp.com\/jrfortin.com\/jrf\/wp-content\/uploads\/2020\/03\/terre.jpg?resize=300%2C300&amp;ssl=1 300w, https:\/\/i0.wp.com\/jrfortin.com\/jrf\/wp-content\/uploads\/2020\/03\/terre.jpg?resize=120%2C120&amp;ssl=1 120w, https:\/\/i0.wp.com\/jrfortin.com\/jrf\/wp-content\/uploads\/2020\/03\/terre.jpg?resize=150%2C150&amp;ssl=1 150w\" sizes=\"auto, (max-width: 277px) 100vw, 277px\" \/><\/p>\n<p>&nbsp;<\/p>\n<p><strong>LE <\/strong><strong>CONTR\u00d4LE PLAN\u00c9TAIRE<\/strong><\/p>\n<p style=\"text-align: justify;\">L\u2019utilisation de la technologie 5G pourra sans nul doute permettre de d\u00e9nantir les humains de leurs pens\u00e9es, de leur humanit\u00e9, de leur vie priv\u00e9e, de leur libre arbitre et surtout de leur capacit\u00e9 d\u2019\u00e9veil, ceci afin de les soumettre \u00e0 un contr\u00f4le plan\u00e9taire absolu. C&rsquo;est \u00e0 chacun de nous de refuser cette technologie qui est maintenant propos\u00e9e par les fournisseurs de t\u00e9l\u00e9phones cellulaires.<\/p>\n<hr \/>\n<p style=\"text-align: center;\">Voyez la d\u00e9marche du \u00a0\u00bb Mouvement canadien pour une technologie s\u00e9curitaire \u00a0\u00bb concernant la 5G<\/p>\n<div style=\"padding: 75% 0 0 0; position: relative;\"><iframe style=\"position: absolute; top: 0; left: 0; width: 100%; height: 100%;\" title=\"5ggg.mp4\" src=\"https:\/\/player.vimeo.com\/video\/560055789?badge=0&amp;autopause=0&amp;player_id=0&amp;app_id=58479\" frameborder=\"0\" allowfullscreen=\"allowfullscreen\"><\/iframe><\/div>\n<p><script src=\"https:\/\/player.vimeo.com\/api\/player.js\"><\/script><\/p>\n<p style=\"text-align: center;\"><a href=\"https:\/\/www.appel5gappeal.ca\/fr\/index.php\" target=\"_blank\" rel=\"noopener noreferrer\"><strong>SIGNER L&rsquo;APPEL EN CLIQUANT ICI<\/strong><\/a><\/p>\n<hr \/>\n<p style=\"text-align: justify;\">Sous pr\u00e9texte de protection de la sant\u00e9 publique, nos gouvernements ob\u00e9issent \u00e0 l&rsquo;ONU et \u00e0 l&rsquo;OMS et nous imposent une v\u00e9ritable dictature, contrevenant ainsi \u00e0 la charte canadiennes des droits et libert\u00e9s. Le confinement est mondial afin d&rsquo;exercer un contr\u00f4le plan\u00e9taire. D&rsquo;ailleurs, les malversations de l&rsquo;OMS sont pr\u00e9sentement sous enqu\u00eate internationale. Le Pr\u00e9sident M. Donald Thrump a retir\u00e9 la contribution financi\u00e8re des \u00c9tats-unis \u00e0 l&rsquo;OMS. Le but avou\u00e9 de M. Thrump est de stopper l&rsquo;establishment (voir la vid\u00e9o que les merdias d&rsquo;information subventionn\u00e9s n&rsquo;ont jamais os\u00e9 diffuser).<\/p>\n<!--[if lt IE 9]><script>document.createElement('video');<\/script><![endif]-->\n\t<div class=\"wp-playlist wp-video-playlist wp-playlist-light\">\n\t\t<video controls=\"controls\" preload=\"none\" width=\"808\"\n\t\t height=\"452\"\t><\/video>\n\t<div class=\"wp-playlist-next\"><\/div>\n\t<div class=\"wp-playlist-prev\"><\/div>\n\t<noscript>\n\t<ol>\n\t\t<li><a href='https:\/\/jrfortin.com\/jrf\/wp-content\/uploads\/2023\/07\/DGTrump.mov'>DGTrump<\/a><\/li>\t<\/ol>\n\t<\/noscript>\n\t<script type=\"application\/json\" class=\"wp-playlist-script\">{\"type\":\"video\",\"tracklist\":true,\"tracknumbers\":true,\"images\":true,\"artists\":true,\"tracks\":[{\"src\":\"https:\\\/\\\/jrfortin.com\\\/jrf\\\/wp-content\\\/uploads\\\/2023\\\/07\\\/DGTrump.mov\",\"type\":\"video\\\/quicktime\",\"title\":\"DGTrump\",\"caption\":\"\",\"description\":\"\",\"meta\":{\"length_formatted\":\"6:11\"},\"dimensions\":{\"original\":{\"width\":400,\"height\":224},\"resized\":{\"width\":808,\"height\":452}},\"image\":{\"src\":\"https:\\\/\\\/jrfortin.com\\\/jrf\\\/wp-includes\\\/images\\\/media\\\/video.svg\",\"width\":48,\"height\":64},\"thumb\":{\"src\":\"https:\\\/\\\/jrfortin.com\\\/jrf\\\/wp-includes\\\/images\\\/media\\\/video.svg\",\"width\":48,\"height\":64}}]}<\/script>\n<\/div>\n\t\n<p style=\"text-align: justify;\">La premi\u00e8re vague annonc\u00e9e de covid-19 n&rsquo;a jamais eu lieu et on parle d\u00e9j\u00e0 d&rsquo;en inventer une 2e et m\u00eame une 3e. On nous pr\u00e9disait 100 000 morts qui auraient \u00e9t\u00e9 caus\u00e9es par le coronavirus au Qu\u00e9bec, mais m\u00eame avec des statistiques fauss\u00e9es il y a eu beaucoup moins de d\u00e9c\u00e8s cette ann\u00e9e que l&rsquo;an dernier. Beaucoup de d\u00e9c\u00e8s ont \u00e9t\u00e9 caus\u00e9s sciemment par la n\u00e9gligence de soins aupr\u00e8s d&rsquo;ain\u00e9s d\u00e9j\u00e0 tr\u00e8s vuln\u00e9rables en CHSLD. En effet, en les privant de leur aidant naturel en raison du confinement impos\u00e9 ill\u00e9galement, de nombreuses personnes \u00e2g\u00e9s sont mortes de faim et de soif. Au d\u00e9but d\u00e9cembre 2020, l&rsquo;Institut National de Sant\u00e9 Publique estimait le nombre de d\u00e9c\u00e8s r\u00e9els de la Covid-19 \u00e0 200 morts. Il s&rsquo;agit simplement de la grippe, comme \u00e0 tous les ans. Il n&rsquo;y a pas eu plus de morts que les ann\u00e9es pr\u00e9c\u00e9dentes au Qu\u00e9bec et en France.<\/p>\n<p style=\"text-align: justify;\">Notre premier ministre tr\u00e8s d\u00e9sol\u00e9 a admis que ces d\u00e9c\u00e8s auraient quand m\u00eame eu lieu de toute fa\u00e7on. Pendant ce temps, la vice-premi\u00e8re ministre s&rsquo;adresse au Qu\u00e9b\u00e9cois comme \u00e0 des enfants en leur parlant de soumission, d&rsquo;ob\u00e9issance et de docilit\u00e9 pendant que notre Soci\u00e9t\u00e9 et notre \u00e9conomie sont syst\u00e9matiquement d\u00e9truites. Sur le site officiel du gouvernement du Qu\u00e9bec, on informe la population que les citoyens devraient \u00ab\u00a0se masturber\u00a0\u00bb plut\u00f4t que de faire l&rsquo;amour \u00e0 leur conjoint ou conjointe.<\/p>\n<p style=\"text-align: justify;\">Selon les sp\u00e9cialistes, les r\u00e8gles de distanciation, le port du masque, le confinement pour les gens en sant\u00e9 et autres contraintes al\u00e9atoires comme restreindre les rassemblements sont parfaitement inutiles parce qu&rsquo;elles ne fonctionnent simplement pas. D&rsquo;ailleurs, les pays (comme la Su\u00e8de) qui n&rsquo;ont pas fait de confinement s&rsquo;en sont sortis beaucoup mieux que ceux qui l&rsquo;ont fait.<\/p>\n<p style=\"text-align: justify;\">Par contre, la peur de la grippe a convaincu de nombreuses personnes de porter des masques qui vont leur causer \u00e9ventuellement de s\u00e9rieux probl\u00e8mes de sant\u00e9 bien pire. Ils vont bient\u00f4t tomber comme des mouches et on va attribuer ces d\u00e9c\u00e8s \u00e0 la grippe facile \u00e0 soigner avec des m\u00e9dicaments qui ne ne co\u00fbte presque rien. On pourra alors voter des lois coercitives et convaincre les repr\u00e9sentants de l&rsquo;ordre de faire de la r\u00e9pression aupr\u00e8s des citoyens. Ce qui est \u00e9videmment contraire \u00e0 leur serment de servir les citoyens et de les prot\u00e9ger.<\/p>\n<p style=\"text-align: justify;\">Ainsi, on aper\u00e7oit un peu partout des personnes seules au volant de leur automobile, \u00e0 pied ou en v\u00e9lo&#8230; avec leur masque! C&rsquo;est normal qu&rsquo;en mode peur et infantilis\u00e9s les humains ne r\u00e9fl\u00e9chissent plus, ils se transforment en b\u00e9tail et on peut observer de nombreuses aberrations comportementales. J&rsquo;ai m\u00eame surpris dans un parc des personnes \u00e2g\u00e9s en train de s&#8217;embrasser avec leurs masques&#8230;<\/p>\n<h3 id=\"ticker\" class=\"style-scope ytd-masthead\" style=\"text-align: center;\">Le port du masque est un acte de soumission, inutile, et dangereux pour la sant\u00e9!<\/h3>\n<hr \/>\n<h3 style=\"text-align: center;\">498 648 9<br \/>\n548 748 978<\/h3>\n<hr \/>\n<p><strong>EN \u00c9TAT D&rsquo;\u00c9VEIL NOTRE DESTIN EST ENTRE NOS MAINS<\/strong><\/p>\n<p style=\"text-align: justify;\">Comme il a \u00e9t\u00e9 dit pr\u00e9c\u00e9demment, l&rsquo;humain est un syst\u00e8me \u00e9nerg\u00e9tique r\u00e9agissant aux champs \u00e9lectromagn\u00e9tiques et \u00e0 l\u2019\u00e9lectricit\u00e9. L\u2019\u00e9nergie domine non seulement la mati\u00e8re, mais la fa\u00e7onne et l\u2019anime. Lorsque le message \u00e9nerg\u00e9tique est d\u00e9faillant, alors la biologie et sa chimie fonctionnent mal et peuvent causer la mort biologique. La technologie 5G repr\u00e9sente une pollution \u00e9lectromagn\u00e9tique d\u2019une amplitude jamais vue.<\/p>\n<p style=\"text-align: justify;\">Ces champs \u00e9lectromagn\u00e9tiques plan\u00e9taires sont toxiques et les pand\u00e9mies subs\u00e9quentes qui peuvent en r\u00e9sulter s\u2019av\u00e8rent vraisemblablement un mal n\u00e9cessaire pour contrer ces effets de la d\u00e9sharmonisation de l\u2019esp\u00e8ce humaine d\u2019avec la nature. Le retour \u00e0 l\u2019\u00e9quilibre hom\u00e9ostatique prend un certain temps pour que la toxicit\u00e9 \u00e9lectromagn\u00e9tique soit annihil\u00e9e, pour que l&rsquo;humanit\u00e9 y soit adapt\u00e9e. Entre-temps, de nombreuses personnes y succombent ou sont affaiblies.<\/p>\n<p style=\"text-align: justify;\">De fait, ces polluants \u00e9lectromagn\u00e9tiques font r\u00e9agir l\u2019humanit\u00e9 comme s&rsquo;il s&rsquo;agissait d&rsquo;un seul organisme vivant qui subit une une crise de gu\u00e9rison. Notons \u00e9galement que dans le cas de la COVID-19 (soit le nom de la maladie provoqu\u00e9e par un coronavirus tr\u00e8s semblable \u00e0 celui de la grippe saisonni\u00e8re), beaucoup croient que les autorit\u00e9s se refusent \u00e0 administrer le m\u00e9dicament (la Chloroquine) qui s&rsquo;av\u00e8re pourtant efficace \u00e0 pr\u00e8s de 100%, parce que \u00e7a ne rapporte pratiquement rien \u00e0 l&rsquo;industrie pharmaceutique.<\/p>\n<p style=\"text-align: justify;\">Par contre, l&rsquo;utilisation \u00e0 grande \u00e9chelle d&rsquo;un test de d\u00e9pistage PCR (tr\u00e8s peu fiable et inappropri\u00e9 selon l&rsquo;OMS) et la vaccination qu&rsquo;on essaie de rendre obligatoire c&rsquo;est tr\u00e8s payant, m\u00eame si cette tentative est en contravention avec le code de Nuremberg dans la section de crimes contre l&rsquo;humanit\u00e9. Le vaccin ARN va modifier\u00a0 le code g\u00e9n\u00e9tique pour le rendre malade de multiples fa\u00e7ons. L&rsquo;OGM ainsi cr\u00e9er par le vaccin va se d\u00e9connecter de son \u00e2me qui l&rsquo;habite et entra\u00eener tout son \u00eatre dans une involution totale. La pland\u00e9mie et la vaccination sont les outils du plus grand g\u00e9nocide de l&rsquo;histoire de l&rsquo;humanit\u00e9.<\/p>\n<p style=\"text-align: justify;\">Pourquoi certaines personnes meurent et pourquoi d\u2019autres ne sont pas malades m\u00eame lorsque expos\u00e9s au virus? Les personnes dont la fr\u00e9quence vibratoire est basse et celles dont l\u2019eau contenue dans le corps est de mauvaise qualit\u00e9 sont les plus susceptibles de subir les effets n\u00e9fastes de ces champs \u00e9lectromagn\u00e9tiques. Comme nous le savons, <a href=\"https:\/\/jrfortin.com\/jrf\/blog\/des-vaisseaux-de-cristal-pour-augmenter-le-taux-vibratoire-de-leau\/\" target=\"_blank\" rel=\"noopener noreferrer\">l\u2019eau est une substance photonique dont les humains sont constitu\u00e9s \u00e0 99,1% (72 % dela masse corporelle)<\/a>. Cette substance dans laquelle notre corps baigne s\u2019assure de l\u2019importante communication cellulaire dont d\u00e9pend notre sant\u00e9.<\/p>\n<p style=\"text-align: justify;\">Le virus de la COVID-19 n&rsquo;a cependant jamais \u00e9t\u00e9 isol\u00e9. Il s&rsquo;agit en fait de la grippe saisonni\u00e8re empir\u00e9e par l&rsquo;oxyde de graph\u00e8ne contenu dans les tests PCR et les masques. Ce produit hautement toxique produit le gout de m\u00e9tal dans la bouche et la perte de l&rsquo;odorat.<\/p>\n<p style=\"text-align: justify;\">Par ailleurs, un virus est une entit\u00e9 \u00e0 faible vibration avec une structure ferm\u00e9e du circuit \u00e9lectromagn\u00e9tique, avec une fr\u00e9quence de r\u00e9sonance d&rsquo;environ 5,5 Hz \u00e0 14,5 Hz. Dans les plages plus \u00e9lev\u00e9es, il n&rsquo;est pas actif et, \u00e0 partir des plages de 25,5 Hz et plus, le virus meurt&#8230; Ainsi, une personne \u00e9mettant naturellement une forte vibration pourra en gu\u00e9rir une autre lorsqu&rsquo;en pr\u00e9sence, et c&rsquo;est pourquoi on isole les gens malades afin qu&rsquo;elles ne gu\u00e9rissent pas.<\/p>\n<p style=\"text-align: justify;\">Devant ces variations d\u2019un monde constamment en changement, l\u2019humain \u00e9veill\u00e9 trouvera dans ses capacit\u00e9s spirituelles les modes d\u2019adaptation n\u00e9cessaire \u00e0 la construction de nouvelles r\u00e9alit\u00e9s au niveau quantique qui permettront d\u2019outrepasser les paradigmes des mondes biologiques et physiques. \u00c9veil spirituel, augmentation de la fr\u00e9quence vibratoire, dynamisation de l\u2019eau, gratitude exprim\u00e9e envers la vie, et autres syst\u00e8mes d\u2019harmonisation de soi avec la nature sont garants d\u2019une r\u00e9sistance extr\u00eame aux pand\u00e9mies, et surtout, celles provoqu\u00e9es par l&rsquo;homme, intentionnellement ou pas.<\/p>\n<div id=\"container\" class=\"style-scope ytd-masthead\">\n<div id=\"start\" class=\"style-scope ytd-masthead\" style=\"text-align: center;\"><\/div>\n<\/div>\n","protected":false},"excerpt":{"rendered":"<p>Il a \u00e9t\u00e9 observ\u00e9 que les pand\u00e9mies des 150 derni\u00e8r\u2026<\/p>\n<p> <a class=\"continue-reading-link\" href=\"https:\/\/jrfortin.com\/jrf\/blog\/existe-t-il-une-relation-entre-les-pandemies-et-les-champs-electromagnetiques\/\"><span>continuez la lecture<\/span><i class=\"crycon-right-dir\"><\/i><\/a> <\/p>\n","protected":false},"author":1,"featured_media":13690,"comment_status":"open","ping_status":"open","sticky":false,"template":"","format":"gallery","meta":{"_jetpack_memberships_contains_paid_content":false,"footnotes":""},"categories":[312],"tags":[],"class_list":["post-12772","post","type-post","status-publish","format-gallery","has-post-thumbnail","hentry","category-eveil-des-consciences","post_format-post-format-gallery"],"yoast_head":"<!-- This site is optimized with the Yoast SEO plugin v26.7 - https:\/\/yoast.com\/wordpress\/plugins\/seo\/ -->\n<title>Champs \u00e9lectro-magn\u00e9tiques, 5G, pland\u00e9mies et contr\u00f4le plan\u00e9taire - Dojo du Nouveau Monde<\/title>\n<meta name=\"robots\" content=\"index, follow, max-snippet:-1, max-image-preview:large, max-video-preview:-1\" \/>\n<link rel=\"canonical\" href=\"https:\/\/jrfortin.com\/jrf\/blog\/existe-t-il-une-relation-entre-les-pandemies-et-les-champs-electromagnetiques\/\" \/>\n<meta property=\"og:locale\" content=\"fr_FR\" \/>\n<meta property=\"og:type\" content=\"article\" \/>\n<meta property=\"og:title\" content=\"Champs \u00e9lectro-magn\u00e9tiques, 5G, pland\u00e9mies et contr\u00f4le plan\u00e9taire - Dojo du Nouveau Monde\" \/>\n<meta property=\"og:description\" content=\"Il a \u00e9t\u00e9 observ\u00e9 que les pand\u00e9mies des 150 derni\u00e8r\u2026 continuez la lecture\" \/>\n<meta property=\"og:url\" content=\"https:\/\/jrfortin.com\/jrf\/blog\/existe-t-il-une-relation-entre-les-pandemies-et-les-champs-electromagnetiques\/\" \/>\n<meta property=\"og:site_name\" content=\"Dojo du Nouveau Monde\" \/>\n<meta property=\"article:published_time\" content=\"2020-12-04T15:27:33+00:00\" \/>\n<meta property=\"article:modified_time\" content=\"2023-07-13T13:17:14+00:00\" \/>\n<meta property=\"og:image\" content=\"https:\/\/i0.wp.com\/jrfortin.com\/jrf\/wp-content\/uploads\/2020\/05\/3232.png?fit=1850%2C1850&ssl=1\" \/>\n\t<meta property=\"og:image:width\" content=\"1850\" \/>\n\t<meta property=\"og:image:height\" content=\"1850\" \/>\n\t<meta property=\"og:image:type\" content=\"image\/png\" \/>\n<meta name=\"author\" content=\"Shihan Jean-Rock Fortin, M.A.\" \/>\n<meta name=\"twitter:card\" content=\"summary_large_image\" \/>\n<meta name=\"twitter:creator\" content=\"@fortin_rock\" \/>\n<meta name=\"twitter:site\" content=\"@fortin_rock\" \/>\n<meta name=\"twitter:label1\" content=\"\u00c9crit par\" \/>\n\t<meta name=\"twitter:data1\" content=\"Shihan Jean-Rock Fortin, M.A.\" \/>\n\t<meta name=\"twitter:label2\" content=\"Dur\u00e9e de lecture estim\u00e9e\" \/>\n\t<meta name=\"twitter:data2\" content=\"11 minutes\" \/>\n<script type=\"application\/ld+json\" class=\"yoast-schema-graph\">{\"@context\":\"https:\/\/schema.org\",\"@graph\":[{\"@type\":\"Article\",\"@id\":\"https:\/\/jrfortin.com\/jrf\/blog\/existe-t-il-une-relation-entre-les-pandemies-et-les-champs-electromagnetiques\/#article\",\"isPartOf\":{\"@id\":\"https:\/\/jrfortin.com\/jrf\/blog\/existe-t-il-une-relation-entre-les-pandemies-et-les-champs-electromagnetiques\/\"},\"author\":{\"name\":\"Shihan Jean-Rock Fortin, M.A.\",\"@id\":\"https:\/\/jrfortin.com\/jrf\/#\/schema\/person\/420b013ae3febafe8d99a66adee55de9\"},\"headline\":\"Champs \u00e9lectro-magn\u00e9tiques, 5G, pland\u00e9mies et contr\u00f4le plan\u00e9taire\",\"datePublished\":\"2020-12-04T15:27:33+00:00\",\"dateModified\":\"2023-07-13T13:17:14+00:00\",\"mainEntityOfPage\":{\"@id\":\"https:\/\/jrfortin.com\/jrf\/blog\/existe-t-il-une-relation-entre-les-pandemies-et-les-champs-electromagnetiques\/\"},\"wordCount\":2754,\"commentCount\":2,\"publisher\":{\"@id\":\"https:\/\/jrfortin.com\/jrf\/#\/schema\/person\/420b013ae3febafe8d99a66adee55de9\"},\"image\":{\"@id\":\"https:\/\/jrfortin.com\/jrf\/blog\/existe-t-il-une-relation-entre-les-pandemies-et-les-champs-electromagnetiques\/#primaryimage\"},\"thumbnailUrl\":\"https:\/\/i0.wp.com\/jrfortin.com\/jrf\/wp-content\/uploads\/2020\/05\/3232.png?fit=1850%2C1850&ssl=1\",\"articleSection\":[\"\u00c9veil des consciences\"],\"inLanguage\":\"fr-FR\",\"potentialAction\":[{\"@type\":\"CommentAction\",\"name\":\"Comment\",\"target\":[\"https:\/\/jrfortin.com\/jrf\/blog\/existe-t-il-une-relation-entre-les-pandemies-et-les-champs-electromagnetiques\/#respond\"]}]},{\"@type\":\"WebPage\",\"@id\":\"https:\/\/jrfortin.com\/jrf\/blog\/existe-t-il-une-relation-entre-les-pandemies-et-les-champs-electromagnetiques\/\",\"url\":\"https:\/\/jrfortin.com\/jrf\/blog\/existe-t-il-une-relation-entre-les-pandemies-et-les-champs-electromagnetiques\/\",\"name\":\"Champs \u00e9lectro-magn\u00e9tiques, 5G, pland\u00e9mies et contr\u00f4le plan\u00e9taire - Dojo du Nouveau Monde\",\"isPartOf\":{\"@id\":\"https:\/\/jrfortin.com\/jrf\/#website\"},\"primaryImageOfPage\":{\"@id\":\"https:\/\/jrfortin.com\/jrf\/blog\/existe-t-il-une-relation-entre-les-pandemies-et-les-champs-electromagnetiques\/#primaryimage\"},\"image\":{\"@id\":\"https:\/\/jrfortin.com\/jrf\/blog\/existe-t-il-une-relation-entre-les-pandemies-et-les-champs-electromagnetiques\/#primaryimage\"},\"thumbnailUrl\":\"https:\/\/i0.wp.com\/jrfortin.com\/jrf\/wp-content\/uploads\/2020\/05\/3232.png?fit=1850%2C1850&ssl=1\",\"datePublished\":\"2020-12-04T15:27:33+00:00\",\"dateModified\":\"2023-07-13T13:17:14+00:00\",\"breadcrumb\":{\"@id\":\"https:\/\/jrfortin.com\/jrf\/blog\/existe-t-il-une-relation-entre-les-pandemies-et-les-champs-electromagnetiques\/#breadcrumb\"},\"inLanguage\":\"fr-FR\",\"potentialAction\":[{\"@type\":\"ReadAction\",\"target\":[\"https:\/\/jrfortin.com\/jrf\/blog\/existe-t-il-une-relation-entre-les-pandemies-et-les-champs-electromagnetiques\/\"]}]},{\"@type\":\"ImageObject\",\"inLanguage\":\"fr-FR\",\"@id\":\"https:\/\/jrfortin.com\/jrf\/blog\/existe-t-il-une-relation-entre-les-pandemies-et-les-champs-electromagnetiques\/#primaryimage\",\"url\":\"https:\/\/i0.wp.com\/jrfortin.com\/jrf\/wp-content\/uploads\/2020\/05\/3232.png?fit=1850%2C1850&ssl=1\",\"contentUrl\":\"https:\/\/i0.wp.com\/jrfortin.com\/jrf\/wp-content\/uploads\/2020\/05\/3232.png?fit=1850%2C1850&ssl=1\",\"width\":1850,\"height\":1850},{\"@type\":\"BreadcrumbList\",\"@id\":\"https:\/\/jrfortin.com\/jrf\/blog\/existe-t-il-une-relation-entre-les-pandemies-et-les-champs-electromagnetiques\/#breadcrumb\",\"itemListElement\":[{\"@type\":\"ListItem\",\"position\":1,\"name\":\"Accueil\",\"item\":\"https:\/\/jrfortin.com\/jrf\/\"},{\"@type\":\"ListItem\",\"position\":2,\"name\":\"Champs \u00e9lectro-magn\u00e9tiques, 5G, pland\u00e9mies et contr\u00f4le plan\u00e9taire\"}]},{\"@type\":\"WebSite\",\"@id\":\"https:\/\/jrfortin.com\/jrf\/#website\",\"url\":\"https:\/\/jrfortin.com\/jrf\/\",\"name\":\"Dojo du Nouveau Monde\",\"description\":\"R\u00e9seau de Shihan Jean-Rock Fortin\",\"publisher\":{\"@id\":\"https:\/\/jrfortin.com\/jrf\/#\/schema\/person\/420b013ae3febafe8d99a66adee55de9\"},\"potentialAction\":[{\"@type\":\"SearchAction\",\"target\":{\"@type\":\"EntryPoint\",\"urlTemplate\":\"https:\/\/jrfortin.com\/jrf\/?s={search_term_string}\"},\"query-input\":{\"@type\":\"PropertyValueSpecification\",\"valueRequired\":true,\"valueName\":\"search_term_string\"}}],\"inLanguage\":\"fr-FR\"},{\"@type\":[\"Person\",\"Organization\"],\"@id\":\"https:\/\/jrfortin.com\/jrf\/#\/schema\/person\/420b013ae3febafe8d99a66adee55de9\",\"name\":\"Shihan Jean-Rock Fortin, M.A.\",\"image\":{\"@type\":\"ImageObject\",\"inLanguage\":\"fr-FR\",\"@id\":\"https:\/\/jrfortin.com\/jrf\/#\/schema\/person\/image\/\",\"url\":\"https:\/\/i2.wp.com\/jrfortin.com\/jrf\/wp-content\/uploads\/2020\/07\/ki-le-chemin.jpg?fit=600%2C848&ssl=1\",\"contentUrl\":\"https:\/\/i2.wp.com\/jrfortin.com\/jrf\/wp-content\/uploads\/2020\/07\/ki-le-chemin.jpg?fit=600%2C848&ssl=1\",\"width\":600,\"height\":848,\"caption\":\"Shihan Jean-Rock Fortin, M.A.\"},\"logo\":{\"@id\":\"https:\/\/jrfortin.com\/jrf\/#\/schema\/person\/image\/\"},\"description\":\"Globetrotteur par affaires et pour le plaisir, et Orientaliste, je suis instructeur d'arts martiaux (maitre-enseignant de Ki-A\u00efkido [Shihan] &amp; Dim-Mak), Fondateur du Dojo du Nouveau Monde (2010), \\\"S\u00e9ancier\\\" de Kiatsu, M\u00e9tatronicien, Radiesth\u00e9siste, Coutelier d'art, Conf\u00e9rencier et Auteur du livre \\\"Ki - Le Chemin de l'\u00c9veil\\\" (2018). Je suis \u00e9galement Consultant strat\u00e9gique en \u00e9volution et prosp\u00e9rit\u00e9 des personnes et des organisations.\",\"sameAs\":[\"http:\/\/www.jrfortin.com\"],\"url\":\"https:\/\/jrfortin.com\/jrf\/blog\/author\/jean-rock\/\"}]}<\/script>\n<!-- \/ Yoast SEO plugin. -->","yoast_head_json":{"title":"Champs \u00e9lectro-magn\u00e9tiques, 5G, pland\u00e9mies et contr\u00f4le plan\u00e9taire - Dojo du Nouveau Monde","robots":{"index":"index","follow":"follow","max-snippet":"max-snippet:-1","max-image-preview":"max-image-preview:large","max-video-preview":"max-video-preview:-1"},"canonical":"https:\/\/jrfortin.com\/jrf\/blog\/existe-t-il-une-relation-entre-les-pandemies-et-les-champs-electromagnetiques\/","og_locale":"fr_FR","og_type":"article","og_title":"Champs \u00e9lectro-magn\u00e9tiques, 5G, pland\u00e9mies et contr\u00f4le plan\u00e9taire - Dojo du Nouveau Monde","og_description":"Il a \u00e9t\u00e9 observ\u00e9 que les pand\u00e9mies des 150 derni\u00e8r\u2026 continuez la lecture","og_url":"https:\/\/jrfortin.com\/jrf\/blog\/existe-t-il-une-relation-entre-les-pandemies-et-les-champs-electromagnetiques\/","og_site_name":"Dojo du Nouveau Monde","article_published_time":"2020-12-04T15:27:33+00:00","article_modified_time":"2023-07-13T13:17:14+00:00","og_image":[{"width":1850,"height":1850,"url":"https:\/\/i0.wp.com\/jrfortin.com\/jrf\/wp-content\/uploads\/2020\/05\/3232.png?fit=1850%2C1850&ssl=1","type":"image\/png"}],"author":"Shihan Jean-Rock Fortin, M.A.","twitter_card":"summary_large_image","twitter_creator":"@fortin_rock","twitter_site":"@fortin_rock","twitter_misc":{"\u00c9crit par":"Shihan Jean-Rock Fortin, M.A.","Dur\u00e9e de lecture estim\u00e9e":"11 minutes"},"schema":{"@context":"https:\/\/schema.org","@graph":[{"@type":"Article","@id":"https:\/\/jrfortin.com\/jrf\/blog\/existe-t-il-une-relation-entre-les-pandemies-et-les-champs-electromagnetiques\/#article","isPartOf":{"@id":"https:\/\/jrfortin.com\/jrf\/blog\/existe-t-il-une-relation-entre-les-pandemies-et-les-champs-electromagnetiques\/"},"author":{"name":"Shihan Jean-Rock Fortin, M.A.","@id":"https:\/\/jrfortin.com\/jrf\/#\/schema\/person\/420b013ae3febafe8d99a66adee55de9"},"headline":"Champs \u00e9lectro-magn\u00e9tiques, 5G, pland\u00e9mies et contr\u00f4le plan\u00e9taire","datePublished":"2020-12-04T15:27:33+00:00","dateModified":"2023-07-13T13:17:14+00:00","mainEntityOfPage":{"@id":"https:\/\/jrfortin.com\/jrf\/blog\/existe-t-il-une-relation-entre-les-pandemies-et-les-champs-electromagnetiques\/"},"wordCount":2754,"commentCount":2,"publisher":{"@id":"https:\/\/jrfortin.com\/jrf\/#\/schema\/person\/420b013ae3febafe8d99a66adee55de9"},"image":{"@id":"https:\/\/jrfortin.com\/jrf\/blog\/existe-t-il-une-relation-entre-les-pandemies-et-les-champs-electromagnetiques\/#primaryimage"},"thumbnailUrl":"https:\/\/i0.wp.com\/jrfortin.com\/jrf\/wp-content\/uploads\/2020\/05\/3232.png?fit=1850%2C1850&ssl=1","articleSection":["\u00c9veil des consciences"],"inLanguage":"fr-FR","potentialAction":[{"@type":"CommentAction","name":"Comment","target":["https:\/\/jrfortin.com\/jrf\/blog\/existe-t-il-une-relation-entre-les-pandemies-et-les-champs-electromagnetiques\/#respond"]}]},{"@type":"WebPage","@id":"https:\/\/jrfortin.com\/jrf\/blog\/existe-t-il-une-relation-entre-les-pandemies-et-les-champs-electromagnetiques\/","url":"https:\/\/jrfortin.com\/jrf\/blog\/existe-t-il-une-relation-entre-les-pandemies-et-les-champs-electromagnetiques\/","name":"Champs \u00e9lectro-magn\u00e9tiques, 5G, pland\u00e9mies et contr\u00f4le plan\u00e9taire - Dojo du Nouveau Monde","isPartOf":{"@id":"https:\/\/jrfortin.com\/jrf\/#website"},"primaryImageOfPage":{"@id":"https:\/\/jrfortin.com\/jrf\/blog\/existe-t-il-une-relation-entre-les-pandemies-et-les-champs-electromagnetiques\/#primaryimage"},"image":{"@id":"https:\/\/jrfortin.com\/jrf\/blog\/existe-t-il-une-relation-entre-les-pandemies-et-les-champs-electromagnetiques\/#primaryimage"},"thumbnailUrl":"https:\/\/i0.wp.com\/jrfortin.com\/jrf\/wp-content\/uploads\/2020\/05\/3232.png?fit=1850%2C1850&ssl=1","datePublished":"2020-12-04T15:27:33+00:00","dateModified":"2023-07-13T13:17:14+00:00","breadcrumb":{"@id":"https:\/\/jrfortin.com\/jrf\/blog\/existe-t-il-une-relation-entre-les-pandemies-et-les-champs-electromagnetiques\/#breadcrumb"},"inLanguage":"fr-FR","potentialAction":[{"@type":"ReadAction","target":["https:\/\/jrfortin.com\/jrf\/blog\/existe-t-il-une-relation-entre-les-pandemies-et-les-champs-electromagnetiques\/"]}]},{"@type":"ImageObject","inLanguage":"fr-FR","@id":"https:\/\/jrfortin.com\/jrf\/blog\/existe-t-il-une-relation-entre-les-pandemies-et-les-champs-electromagnetiques\/#primaryimage","url":"https:\/\/i0.wp.com\/jrfortin.com\/jrf\/wp-content\/uploads\/2020\/05\/3232.png?fit=1850%2C1850&ssl=1","contentUrl":"https:\/\/i0.wp.com\/jrfortin.com\/jrf\/wp-content\/uploads\/2020\/05\/3232.png?fit=1850%2C1850&ssl=1","width":1850,"height":1850},{"@type":"BreadcrumbList","@id":"https:\/\/jrfortin.com\/jrf\/blog\/existe-t-il-une-relation-entre-les-pandemies-et-les-champs-electromagnetiques\/#breadcrumb","itemListElement":[{"@type":"ListItem","position":1,"name":"Accueil","item":"https:\/\/jrfortin.com\/jrf\/"},{"@type":"ListItem","position":2,"name":"Champs \u00e9lectro-magn\u00e9tiques, 5G, pland\u00e9mies et contr\u00f4le plan\u00e9taire"}]},{"@type":"WebSite","@id":"https:\/\/jrfortin.com\/jrf\/#website","url":"https:\/\/jrfortin.com\/jrf\/","name":"Dojo du Nouveau Monde","description":"R\u00e9seau de Shihan Jean-Rock Fortin","publisher":{"@id":"https:\/\/jrfortin.com\/jrf\/#\/schema\/person\/420b013ae3febafe8d99a66adee55de9"},"potentialAction":[{"@type":"SearchAction","target":{"@type":"EntryPoint","urlTemplate":"https:\/\/jrfortin.com\/jrf\/?s={search_term_string}"},"query-input":{"@type":"PropertyValueSpecification","valueRequired":true,"valueName":"search_term_string"}}],"inLanguage":"fr-FR"},{"@type":["Person","Organization"],"@id":"https:\/\/jrfortin.com\/jrf\/#\/schema\/person\/420b013ae3febafe8d99a66adee55de9","name":"Shihan Jean-Rock Fortin, M.A.","image":{"@type":"ImageObject","inLanguage":"fr-FR","@id":"https:\/\/jrfortin.com\/jrf\/#\/schema\/person\/image\/","url":"https:\/\/i2.wp.com\/jrfortin.com\/jrf\/wp-content\/uploads\/2020\/07\/ki-le-chemin.jpg?fit=600%2C848&ssl=1","contentUrl":"https:\/\/i2.wp.com\/jrfortin.com\/jrf\/wp-content\/uploads\/2020\/07\/ki-le-chemin.jpg?fit=600%2C848&ssl=1","width":600,"height":848,"caption":"Shihan Jean-Rock Fortin, M.A."},"logo":{"@id":"https:\/\/jrfortin.com\/jrf\/#\/schema\/person\/image\/"},"description":"Globetrotteur par affaires et pour le plaisir, et Orientaliste, je suis instructeur d'arts martiaux (maitre-enseignant de Ki-A\u00efkido [Shihan] &amp; Dim-Mak), Fondateur du Dojo du Nouveau Monde (2010), \"S\u00e9ancier\" de Kiatsu, M\u00e9tatronicien, Radiesth\u00e9siste, Coutelier d'art, Conf\u00e9rencier et Auteur du livre \"Ki - Le Chemin de l'\u00c9veil\" (2018). Je suis \u00e9galement Consultant strat\u00e9gique en \u00e9volution et prosp\u00e9rit\u00e9 des personnes et des organisations.","sameAs":["http:\/\/www.jrfortin.com"],"url":"https:\/\/jrfortin.com\/jrf\/blog\/author\/jean-rock\/"}]}},"jetpack_featured_media_url":"https:\/\/i0.wp.com\/jrfortin.com\/jrf\/wp-content\/uploads\/2020\/05\/3232.png?fit=1850%2C1850&ssl=1","jetpack_sharing_enabled":true,"_links":{"self":[{"href":"https:\/\/jrfortin.com\/jrf\/wp-json\/wp\/v2\/posts\/12772","targetHints":{"allow":["GET"]}}],"collection":[{"href":"https:\/\/jrfortin.com\/jrf\/wp-json\/wp\/v2\/posts"}],"about":[{"href":"https:\/\/jrfortin.com\/jrf\/wp-json\/wp\/v2\/types\/post"}],"author":[{"embeddable":true,"href":"https:\/\/jrfortin.com\/jrf\/wp-json\/wp\/v2\/users\/1"}],"replies":[{"embeddable":true,"href":"https:\/\/jrfortin.com\/jrf\/wp-json\/wp\/v2\/comments?post=12772"}],"version-history":[{"count":2,"href":"https:\/\/jrfortin.com\/jrf\/wp-json\/wp\/v2\/posts\/12772\/revisions"}],"predecessor-version":[{"id":19588,"href":"https:\/\/jrfortin.com\/jrf\/wp-json\/wp\/v2\/posts\/12772\/revisions\/19588"}],"wp:featuredmedia":[{"embeddable":true,"href":"https:\/\/jrfortin.com\/jrf\/wp-json\/wp\/v2\/media\/13690"}],"wp:attachment":[{"href":"https:\/\/jrfortin.com\/jrf\/wp-json\/wp\/v2\/media?parent=12772"}],"wp:term":[{"taxonomy":"category","embeddable":true,"href":"https:\/\/jrfortin.com\/jrf\/wp-json\/wp\/v2\/categories?post=12772"},{"taxonomy":"post_tag","embeddable":true,"href":"https:\/\/jrfortin.com\/jrf\/wp-json\/wp\/v2\/tags?post=12772"}],"curies":[{"name":"wp","href":"https:\/\/api.w.org\/{rel}","templated":true}]}}