{"id":13786,"date":"2021-02-22T15:32:54","date_gmt":"2021-02-22T20:32:54","guid":{"rendered":"https:\/\/jrfortin.com\/jrf\/?p=13786"},"modified":"2022-07-05T10:10:50","modified_gmt":"2022-07-05T14:10:50","slug":"comment-se-proteger-des-ondes-electromagnetiques-negatives","status":"publish","type":"post","link":"https:\/\/jrfortin.com\/jrf\/blog\/comment-se-proteger-des-ondes-electromagnetiques-negatives\/","title":{"rendered":"Comment se prot\u00e9ger des ondes \u00e9lectro-magn\u00e9tiques nocives de nos appareils"},"content":{"rendered":"<p style=\"text-align: justify;\"><img data-recalc-dims=\"1\" loading=\"lazy\" decoding=\"async\" data-attachment-id=\"13787\" data-permalink=\"https:\/\/jrfortin.com\/jrf\/blog\/comment-se-proteger-des-ondes-electromagnetiques-negatives\/triskel\/\" data-orig-file=\"https:\/\/i0.wp.com\/jrfortin.com\/jrf\/wp-content\/uploads\/2020\/06\/triskel.png?fit=565%2C565&amp;ssl=1\" data-orig-size=\"565,565\" data-comments-opened=\"1\" data-image-meta=\"{&quot;aperture&quot;:&quot;0&quot;,&quot;credit&quot;:&quot;&quot;,&quot;camera&quot;:&quot;&quot;,&quot;caption&quot;:&quot;&quot;,&quot;created_timestamp&quot;:&quot;0&quot;,&quot;copyright&quot;:&quot;&quot;,&quot;focal_length&quot;:&quot;0&quot;,&quot;iso&quot;:&quot;0&quot;,&quot;shutter_speed&quot;:&quot;0&quot;,&quot;title&quot;:&quot;&quot;,&quot;orientation&quot;:&quot;0&quot;}\" data-image-title=\"triskel\" data-image-description=\"\" data-image-caption=\"\" data-medium-file=\"https:\/\/i0.wp.com\/jrfortin.com\/jrf\/wp-content\/uploads\/2020\/06\/triskel.png?fit=300%2C300&amp;ssl=1\" data-large-file=\"https:\/\/i0.wp.com\/jrfortin.com\/jrf\/wp-content\/uploads\/2020\/06\/triskel.png?fit=565%2C565&amp;ssl=1\" class=\"aligncenter wp-image-13787\" src=\"https:\/\/i0.wp.com\/jrfortin.com\/jrf\/wp-content\/uploads\/2020\/06\/triskel.png?resize=251%2C251&#038;ssl=1\" alt=\"\" width=\"251\" height=\"251\" srcset=\"https:\/\/i0.wp.com\/jrfortin.com\/jrf\/wp-content\/uploads\/2020\/06\/triskel.png?w=565&amp;ssl=1 565w, https:\/\/i0.wp.com\/jrfortin.com\/jrf\/wp-content\/uploads\/2020\/06\/triskel.png?resize=300%2C300&amp;ssl=1 300w, https:\/\/i0.wp.com\/jrfortin.com\/jrf\/wp-content\/uploads\/2020\/06\/triskel.png?resize=120%2C120&amp;ssl=1 120w, https:\/\/i0.wp.com\/jrfortin.com\/jrf\/wp-content\/uploads\/2020\/06\/triskel.png?resize=150%2C150&amp;ssl=1 150w\" sizes=\"auto, (max-width: 251px) 100vw, 251px\" \/><\/p>\n<p style=\"text-align: justify;\">Les appareils \u00e9lectriques et \u00e9lectroniques produisent l\u2019\u00e9mission d\u2019ondes \u00e9lectromagn\u00e9tiques affectant parfois n\u00e9gativement le corps humain.<\/p>\n<p style=\"text-align: justify;\">En effet, il s\u2019agit d\u2019une toxicit\u00e9 pouvant nuire \u00e0 notre sant\u00e9 et m\u00eame nuire \u00e0 notre condition mentale parce que certaines fr\u00e9quences affectent directement le cerveau et donc nos pens\u00e9es. Il existe toutefois des m\u00e9thodes simples pour s\u2019en prot\u00e9ger. En voici une pour se prot\u00e9ger de nos appareils.<\/p>\n<p style=\"text-align: justify;\">La premi\u00e8re \u00e9tape ce cette d\u00e9marche de protection consiste \u00e0 identifier les nuisances. Par exemple, placer un pendule au-dessus d\u2019un t\u00e9l\u00e9phone cellulaire (ou autre appareil). Pr\u00e9alablement, commandez de vous indiquer le champ de torsion de l\u2019objet. Si l\u2019appareil n\u2019est pas prot\u00e9g\u00e9, alors le pendule tournera dans le sens contraire des aiguilles d\u2019une montre (l\u00e9vogyre). Dans ce cas, le niveau vibratoire de l&rsquo;objet sera \u00e9gal \u00e0 z\u00e9ro, indiquant un appareil \u00e9mettant des ondes nuisibles (si vous ne savez pas mesurer la fr\u00e9quence vibratoire, <a href=\"https:\/\/jrfortin.com\/jrf\/blog\/quelques-rudiments-de-radiesthesie\/\" target=\"_blank\" rel=\"noopener noreferrer\">cliquez ici<\/a>). Il est en torsion gauche.<\/p>\n<p style=\"text-align: justify;\">D\u2019autres appareils peuvent \u00e9mettre des ondes n\u00e9gatives. Par exemple, cuisini\u00e8re, laveuse, s\u00e9cheuse, panneau \u00e9lectrique, prise de courant, modem, Wifi, ordinateur, souris sans fil, etc.<\/p>\n<p style=\"text-align: justify;\">\u00c0 pr\u00e9sent, pour valider la nocivit\u00e9, prenez un verre d\u2019eau du robinet et mesurez son niveau vibratoire. \u00c7a vous donnera quelque chose aux alentours de 4500 Unit\u00e9s Bovis. Puis, placez-le pr\u00e8s de votre cellulaire. La vibration tombera \u00e0 z\u00e9ro. C\u2019est dire que lorsqu\u2019on appuie le t\u00e9l\u00e9phone cellulaire sur notre oreille, la vibration de l\u2019eau de notre t\u00eate tombe \u00e9galement \u00e0 z\u00e9ro. Ce qui est tr\u00e8s n\u00e9faste pour la communication inter et intra cellulaire qui utilise l&rsquo;eau comme m\u00e9dium (voir l&rsquo;article sur la vibration de l&rsquo;eau, <a href=\"https:\/\/jrfortin.com\/jrf\/blog\/des-vaisseaux-de-cristal-pour-augmenter-le-taux-vibratoire-de-leau\/\" target=\"_blank\" rel=\"noopener noreferrer\">en cliquant ici<\/a>).<\/p>\n<p style=\"text-align: justify;\">Lorsqu\u2019un appareil est compatible avec la vie humaine et que l\u2019on teste son champ de torsion avec le pendule comme pr\u00e9c\u00e9demment, il tournera dans le sens des aiguilles d\u2019une montre (dextrogyre). De plus, il doit vibrer au-dessus de 18,000 Unit\u00e9s Bovis pour s&rsquo;av\u00e9rer s\u00e9curitaire. Pour convertir un appareil \u00e9mettant des ondes nuisibles, on doit proc\u00e9der \u00e0 une inversion de phase \u00e0 180 degr\u00e9s, c\u2019est-\u00e0-dire qu\u2019on doit inverser sa polarit\u00e9.<\/p>\n<p style=\"text-align: justify;\">Une m\u00e9thode simple consiste \u00e0 lui installer une onde de forme \u00ab \u0153uf \u00bb muni d\u2019une trisk\u00e8le (un symbole \u00e0 trois branches utilis\u00e9 fortement en Europe, surtout par les Celtes). Cette onde de forme \u00e9met une fr\u00e9quence affectant la fonction d\u2019onde de la mati\u00e8re au niveau quantique. \u00c0 cet effet, la trisk\u00e8le agit tel un moteur d&rsquo;activation de la fonction d&rsquo;onde. Il en r\u00e9sulte une inversion de polarit\u00e9.<\/p>\n<p style=\"text-align: justify;\">Ainsi, on place le dessin du petit \u0153uf avec le cot\u00e9 trisk\u00e8le faisant face \u00e0 l\u2019appareil, puis on refait les m\u00eames tests que tout \u00e0 l\u2019heure pour constater que le pendule tourne maintenant en torsion droite (dans le sens des aiguilles d&rsquo;une montre), que l\u2019eau n\u2019est plus affect\u00e9e n\u00e9gativement par le cellulaire et que ce dernier enregistre une fr\u00e9quence vibratoire de 125,000 Unit\u00e9s Bovis. On dira alors qu\u2019il est prot\u00e9g\u00e9 (bien que ce soit nous qui le sommes). D&rsquo;un appareil nuisible, nous en avons fait un outil quasi th\u00e9rapeutique.<\/p>\n<p style=\"text-align: justify;\">Mais ce n\u2019est pas tout. Un exercice pratique (\u00e0 partir d\u2019une info de mon ami Raymond) avec un t\u00e9l\u00e9phone cellulaire permet de valider ce qui pr\u00e9c\u00e8de. Beaucoup de personnes transportent leur cellulaire dans une poche de veste ou dans une poche de chemise, de sorte que l\u2019appareil se retrouve pr\u00e8s du c\u0153ur.<\/p>\n<p style=\"text-align: justify;\">Si on teste la stabilit\u00e9 physique d\u2019une personne portant ce type d\u2019appareil en appliquant une l\u00e9g\u00e8re pression sur la poitrine, on verra qu\u2019il est tr\u00e8s facile de la d\u00e9s\u00e9quilibrer lorsque le cellulaire n\u2019est pas prot\u00e9g\u00e9. Alors qu\u2019avec la forme d\u2019onde \u00ab \u0153uf \u00bb, la personne demeurera tr\u00e8s stable simplement en relaxant. Ainsi, il sera possible de maintenir la coordination corps \u2013 esprit avec un cellulaire \u00e0 la main.<\/p>\n<p style=\"text-align: justify;\"><a href=\"https:\/\/jrfortin.com\/jrf\/wp-content\/uploads\/2020\/06\/oeufs.pdf\" target=\"_blank\" rel=\"noopener noreferrer\">Vous pouvez t\u00e9l\u00e9charger ce document pour imprimer les formes d&rsquo;onde \u00ab Oeuf \u00bb pour les apposer sur vos appareils<\/a>.<\/p>\n<hr \/>\n<p style=\"text-align: justify;\">J&rsquo;ai fabriqu\u00e9 des pendentifs \u00ab \u0153ufs \u00bb en f\u00e9mur de girafe pour prot\u00e9ger des membres de ma famille et des amis des effets n\u00e9gatifs de l&rsquo;\u00e9mission des ondes \u00e9lectromagn\u00e9tiques nocives comme la 5G.<\/p>\n<p style=\"text-align: justify;\">Le cot\u00e9 Trisk\u00e8le doit reposer vers la poitrine pour produire le maximum de protection. Le petit objet prot\u00e8ge \u00e0 pr\u00e8s de 100% selon la mesure prise sur un cadran de radiesth\u00e9sie \u00e0 l&rsquo;aide d&rsquo;un pendule. Aussi, il est tr\u00e8s vibratoire, alors on doit le porter quelques heures par jour au d\u00e9but afin de s&rsquo;y habituer.<\/p>\n<p style=\"text-align: center;\"><img data-recalc-dims=\"1\" loading=\"lazy\" decoding=\"async\" data-attachment-id=\"15533\" data-permalink=\"https:\/\/jrfortin.com\/jrf\/blog\/comment-se-proteger-des-ondes-electromagnetiques-negatives\/img_2320\/\" data-orig-file=\"https:\/\/i0.wp.com\/jrfortin.com\/jrf\/wp-content\/uploads\/2020\/06\/IMG_2320-scaled.jpg?fit=2560%2C1962&amp;ssl=1\" data-orig-size=\"2560,1962\" data-comments-opened=\"1\" data-image-meta=\"{&quot;aperture&quot;:&quot;2.2&quot;,&quot;credit&quot;:&quot;&quot;,&quot;camera&quot;:&quot;iPhone SE (1st generation)&quot;,&quot;caption&quot;:&quot;&quot;,&quot;created_timestamp&quot;:&quot;1614082434&quot;,&quot;copyright&quot;:&quot;&quot;,&quot;focal_length&quot;:&quot;4.15&quot;,&quot;iso&quot;:&quot;100&quot;,&quot;shutter_speed&quot;:&quot;0.033333333333333&quot;,&quot;title&quot;:&quot;&quot;,&quot;orientation&quot;:&quot;0&quot;}\" data-image-title=\"IMG_2320\" data-image-description=\"\" data-image-caption=\"&lt;p&gt;Pendentifs oeuf en f\u00e9mur de girafe avec trisk\u00e8le pour protection des ondes \u00e9lectromagn\u00e9tiques&lt;\/p&gt;\n\" data-medium-file=\"https:\/\/i0.wp.com\/jrfortin.com\/jrf\/wp-content\/uploads\/2020\/06\/IMG_2320-scaled.jpg?fit=300%2C230&amp;ssl=1\" data-large-file=\"https:\/\/i0.wp.com\/jrfortin.com\/jrf\/wp-content\/uploads\/2020\/06\/IMG_2320-scaled.jpg?fit=830%2C636&amp;ssl=1\" class=\"aligncenter size-full wp-image-15533\" src=\"https:\/\/i0.wp.com\/jrfortin.com\/jrf\/wp-content\/uploads\/2020\/06\/IMG_2320-scaled.jpg?resize=830%2C636&#038;ssl=1\" alt=\"\" width=\"830\" height=\"636\" srcset=\"https:\/\/i0.wp.com\/jrfortin.com\/jrf\/wp-content\/uploads\/2020\/06\/IMG_2320-scaled.jpg?w=2560&amp;ssl=1 2560w, https:\/\/i0.wp.com\/jrfortin.com\/jrf\/wp-content\/uploads\/2020\/06\/IMG_2320-scaled.jpg?resize=300%2C230&amp;ssl=1 300w, https:\/\/i0.wp.com\/jrfortin.com\/jrf\/wp-content\/uploads\/2020\/06\/IMG_2320-scaled.jpg?resize=1024%2C785&amp;ssl=1 1024w, https:\/\/i0.wp.com\/jrfortin.com\/jrf\/wp-content\/uploads\/2020\/06\/IMG_2320-scaled.jpg?resize=768%2C589&amp;ssl=1 768w, https:\/\/i0.wp.com\/jrfortin.com\/jrf\/wp-content\/uploads\/2020\/06\/IMG_2320-scaled.jpg?resize=1536%2C1177&amp;ssl=1 1536w, https:\/\/i0.wp.com\/jrfortin.com\/jrf\/wp-content\/uploads\/2020\/06\/IMG_2320-scaled.jpg?resize=2048%2C1570&amp;ssl=1 2048w, https:\/\/i0.wp.com\/jrfortin.com\/jrf\/wp-content\/uploads\/2020\/06\/IMG_2320-scaled.jpg?resize=150%2C115&amp;ssl=1 150w, https:\/\/i0.wp.com\/jrfortin.com\/jrf\/wp-content\/uploads\/2020\/06\/IMG_2320-scaled.jpg?resize=1320%2C1012&amp;ssl=1 1320w, https:\/\/i0.wp.com\/jrfortin.com\/jrf\/wp-content\/uploads\/2020\/06\/IMG_2320-scaled.jpg?resize=24%2C18&amp;ssl=1 24w, https:\/\/i0.wp.com\/jrfortin.com\/jrf\/wp-content\/uploads\/2020\/06\/IMG_2320-scaled.jpg?resize=36%2C28&amp;ssl=1 36w, https:\/\/i0.wp.com\/jrfortin.com\/jrf\/wp-content\/uploads\/2020\/06\/IMG_2320-scaled.jpg?resize=48%2C37&amp;ssl=1 48w, https:\/\/i0.wp.com\/jrfortin.com\/jrf\/wp-content\/uploads\/2020\/06\/IMG_2320-scaled.jpg?w=1660&amp;ssl=1 1660w, https:\/\/i0.wp.com\/jrfortin.com\/jrf\/wp-content\/uploads\/2020\/06\/IMG_2320-scaled.jpg?w=2490&amp;ssl=1 2490w\" sizes=\"auto, (max-width: 830px) 100vw, 830px\" \/><\/p>\n","protected":false},"excerpt":{"rendered":"<p>Les appareils \u00e9lectriques et \u00e9lectroniques produis\u2026<\/p>\n<p> <a class=\"continue-reading-link\" href=\"https:\/\/jrfortin.com\/jrf\/blog\/comment-se-proteger-des-ondes-electromagnetiques-negatives\/\"><span>continuez la lecture<\/span><i class=\"crycon-right-dir\"><\/i><\/a> <\/p>\n","protected":false},"author":1,"featured_media":14117,"comment_status":"open","ping_status":"open","sticky":false,"template":"","format":"gallery","meta":{"_jetpack_memberships_contains_paid_content":false,"footnotes":""},"categories":[313,279],"tags":[],"class_list":["post-13786","post","type-post","status-publish","format-gallery","has-post-thumbnail","hentry","category-radiesthesie","category-therapeutique","post_format-post-format-gallery"],"yoast_head":"<!-- This site is optimized with the Yoast SEO plugin v26.7 - https:\/\/yoast.com\/wordpress\/plugins\/seo\/ -->\n<title>Comment se prot\u00e9ger des ondes \u00e9lectro-magn\u00e9tiques nocives de nos appareils - Dojo du Nouveau Monde<\/title>\n<meta name=\"robots\" content=\"index, follow, max-snippet:-1, max-image-preview:large, max-video-preview:-1\" \/>\n<link rel=\"canonical\" href=\"https:\/\/jrfortin.com\/jrf\/blog\/comment-se-proteger-des-ondes-electromagnetiques-negatives\/\" \/>\n<meta property=\"og:locale\" content=\"fr_FR\" \/>\n<meta property=\"og:type\" content=\"article\" \/>\n<meta property=\"og:title\" content=\"Comment se prot\u00e9ger des ondes \u00e9lectro-magn\u00e9tiques nocives de nos appareils - Dojo du Nouveau Monde\" \/>\n<meta property=\"og:description\" content=\"Les appareils \u00e9lectriques et \u00e9lectroniques produis\u2026 continuez la lecture\" \/>\n<meta property=\"og:url\" content=\"https:\/\/jrfortin.com\/jrf\/blog\/comment-se-proteger-des-ondes-electromagnetiques-negatives\/\" \/>\n<meta property=\"og:site_name\" content=\"Dojo du Nouveau Monde\" \/>\n<meta property=\"article:published_time\" content=\"2021-02-22T20:32:54+00:00\" \/>\n<meta property=\"article:modified_time\" content=\"2022-07-05T14:10:50+00:00\" \/>\n<meta property=\"og:image\" content=\"https:\/\/i0.wp.com\/jrfortin.com\/jrf\/wp-content\/uploads\/2020\/07\/triskel.png?fit=565%2C565&ssl=1\" \/>\n\t<meta property=\"og:image:width\" content=\"565\" \/>\n\t<meta property=\"og:image:height\" content=\"565\" \/>\n\t<meta property=\"og:image:type\" content=\"image\/png\" \/>\n<meta name=\"author\" content=\"Shihan Jean-Rock Fortin, M.A.\" \/>\n<meta name=\"twitter:card\" content=\"summary_large_image\" \/>\n<meta name=\"twitter:creator\" content=\"@fortin_rock\" \/>\n<meta name=\"twitter:site\" content=\"@fortin_rock\" \/>\n<meta name=\"twitter:label1\" content=\"\u00c9crit par\" \/>\n\t<meta name=\"twitter:data1\" content=\"Shihan Jean-Rock Fortin, M.A.\" \/>\n\t<meta name=\"twitter:label2\" content=\"Dur\u00e9e de lecture estim\u00e9e\" \/>\n\t<meta name=\"twitter:data2\" content=\"4 minutes\" \/>\n<script type=\"application\/ld+json\" class=\"yoast-schema-graph\">{\"@context\":\"https:\/\/schema.org\",\"@graph\":[{\"@type\":\"Article\",\"@id\":\"https:\/\/jrfortin.com\/jrf\/blog\/comment-se-proteger-des-ondes-electromagnetiques-negatives\/#article\",\"isPartOf\":{\"@id\":\"https:\/\/jrfortin.com\/jrf\/blog\/comment-se-proteger-des-ondes-electromagnetiques-negatives\/\"},\"author\":{\"name\":\"Shihan Jean-Rock Fortin, M.A.\",\"@id\":\"https:\/\/jrfortin.com\/jrf\/#\/schema\/person\/420b013ae3febafe8d99a66adee55de9\"},\"headline\":\"Comment se prot\u00e9ger des ondes \u00e9lectro-magn\u00e9tiques nocives de nos appareils\",\"datePublished\":\"2021-02-22T20:32:54+00:00\",\"dateModified\":\"2022-07-05T14:10:50+00:00\",\"mainEntityOfPage\":{\"@id\":\"https:\/\/jrfortin.com\/jrf\/blog\/comment-se-proteger-des-ondes-electromagnetiques-negatives\/\"},\"wordCount\":826,\"commentCount\":3,\"publisher\":{\"@id\":\"https:\/\/jrfortin.com\/jrf\/#\/schema\/person\/420b013ae3febafe8d99a66adee55de9\"},\"image\":{\"@id\":\"https:\/\/jrfortin.com\/jrf\/blog\/comment-se-proteger-des-ondes-electromagnetiques-negatives\/#primaryimage\"},\"thumbnailUrl\":\"https:\/\/i0.wp.com\/jrfortin.com\/jrf\/wp-content\/uploads\/2020\/07\/triskel.png?fit=565%2C565&ssl=1\",\"articleSection\":[\"Radiesth\u00e9sie\",\"Sant\u00e9\"],\"inLanguage\":\"fr-FR\",\"potentialAction\":[{\"@type\":\"CommentAction\",\"name\":\"Comment\",\"target\":[\"https:\/\/jrfortin.com\/jrf\/blog\/comment-se-proteger-des-ondes-electromagnetiques-negatives\/#respond\"]}]},{\"@type\":\"WebPage\",\"@id\":\"https:\/\/jrfortin.com\/jrf\/blog\/comment-se-proteger-des-ondes-electromagnetiques-negatives\/\",\"url\":\"https:\/\/jrfortin.com\/jrf\/blog\/comment-se-proteger-des-ondes-electromagnetiques-negatives\/\",\"name\":\"Comment se prot\u00e9ger des ondes \u00e9lectro-magn\u00e9tiques nocives de nos appareils - Dojo du Nouveau Monde\",\"isPartOf\":{\"@id\":\"https:\/\/jrfortin.com\/jrf\/#website\"},\"primaryImageOfPage\":{\"@id\":\"https:\/\/jrfortin.com\/jrf\/blog\/comment-se-proteger-des-ondes-electromagnetiques-negatives\/#primaryimage\"},\"image\":{\"@id\":\"https:\/\/jrfortin.com\/jrf\/blog\/comment-se-proteger-des-ondes-electromagnetiques-negatives\/#primaryimage\"},\"thumbnailUrl\":\"https:\/\/i0.wp.com\/jrfortin.com\/jrf\/wp-content\/uploads\/2020\/07\/triskel.png?fit=565%2C565&ssl=1\",\"datePublished\":\"2021-02-22T20:32:54+00:00\",\"dateModified\":\"2022-07-05T14:10:50+00:00\",\"breadcrumb\":{\"@id\":\"https:\/\/jrfortin.com\/jrf\/blog\/comment-se-proteger-des-ondes-electromagnetiques-negatives\/#breadcrumb\"},\"inLanguage\":\"fr-FR\",\"potentialAction\":[{\"@type\":\"ReadAction\",\"target\":[\"https:\/\/jrfortin.com\/jrf\/blog\/comment-se-proteger-des-ondes-electromagnetiques-negatives\/\"]}]},{\"@type\":\"ImageObject\",\"inLanguage\":\"fr-FR\",\"@id\":\"https:\/\/jrfortin.com\/jrf\/blog\/comment-se-proteger-des-ondes-electromagnetiques-negatives\/#primaryimage\",\"url\":\"https:\/\/i0.wp.com\/jrfortin.com\/jrf\/wp-content\/uploads\/2020\/07\/triskel.png?fit=565%2C565&ssl=1\",\"contentUrl\":\"https:\/\/i0.wp.com\/jrfortin.com\/jrf\/wp-content\/uploads\/2020\/07\/triskel.png?fit=565%2C565&ssl=1\",\"width\":565,\"height\":565},{\"@type\":\"BreadcrumbList\",\"@id\":\"https:\/\/jrfortin.com\/jrf\/blog\/comment-se-proteger-des-ondes-electromagnetiques-negatives\/#breadcrumb\",\"itemListElement\":[{\"@type\":\"ListItem\",\"position\":1,\"name\":\"Accueil\",\"item\":\"https:\/\/jrfortin.com\/jrf\/\"},{\"@type\":\"ListItem\",\"position\":2,\"name\":\"Comment se prot\u00e9ger des ondes \u00e9lectro-magn\u00e9tiques nocives de nos appareils\"}]},{\"@type\":\"WebSite\",\"@id\":\"https:\/\/jrfortin.com\/jrf\/#website\",\"url\":\"https:\/\/jrfortin.com\/jrf\/\",\"name\":\"Dojo du Nouveau Monde\",\"description\":\"R\u00e9seau de Shihan Jean-Rock Fortin\",\"publisher\":{\"@id\":\"https:\/\/jrfortin.com\/jrf\/#\/schema\/person\/420b013ae3febafe8d99a66adee55de9\"},\"potentialAction\":[{\"@type\":\"SearchAction\",\"target\":{\"@type\":\"EntryPoint\",\"urlTemplate\":\"https:\/\/jrfortin.com\/jrf\/?s={search_term_string}\"},\"query-input\":{\"@type\":\"PropertyValueSpecification\",\"valueRequired\":true,\"valueName\":\"search_term_string\"}}],\"inLanguage\":\"fr-FR\"},{\"@type\":[\"Person\",\"Organization\"],\"@id\":\"https:\/\/jrfortin.com\/jrf\/#\/schema\/person\/420b013ae3febafe8d99a66adee55de9\",\"name\":\"Shihan Jean-Rock Fortin, M.A.\",\"image\":{\"@type\":\"ImageObject\",\"inLanguage\":\"fr-FR\",\"@id\":\"https:\/\/jrfortin.com\/jrf\/#\/schema\/person\/image\/\",\"url\":\"https:\/\/i2.wp.com\/jrfortin.com\/jrf\/wp-content\/uploads\/2020\/07\/ki-le-chemin.jpg?fit=600%2C848&ssl=1\",\"contentUrl\":\"https:\/\/i2.wp.com\/jrfortin.com\/jrf\/wp-content\/uploads\/2020\/07\/ki-le-chemin.jpg?fit=600%2C848&ssl=1\",\"width\":600,\"height\":848,\"caption\":\"Shihan Jean-Rock Fortin, M.A.\"},\"logo\":{\"@id\":\"https:\/\/jrfortin.com\/jrf\/#\/schema\/person\/image\/\"},\"description\":\"Globetrotteur par affaires et pour le plaisir, et Orientaliste, je suis instructeur d'arts martiaux (maitre-enseignant de Ki-A\u00efkido [Shihan] &amp; Dim-Mak), Fondateur du Dojo du Nouveau Monde (2010), \\\"S\u00e9ancier\\\" de Kiatsu, M\u00e9tatronicien, Radiesth\u00e9siste, Coutelier d'art, Conf\u00e9rencier et Auteur du livre \\\"Ki - Le Chemin de l'\u00c9veil\\\" (2018). Je suis \u00e9galement Consultant strat\u00e9gique en \u00e9volution et prosp\u00e9rit\u00e9 des personnes et des organisations.\",\"sameAs\":[\"http:\/\/www.jrfortin.com\"],\"url\":\"https:\/\/jrfortin.com\/jrf\/blog\/author\/jean-rock\/\"}]}<\/script>\n<!-- \/ Yoast SEO plugin. -->","yoast_head_json":{"title":"Comment se prot\u00e9ger des ondes \u00e9lectro-magn\u00e9tiques nocives de nos appareils - Dojo du Nouveau Monde","robots":{"index":"index","follow":"follow","max-snippet":"max-snippet:-1","max-image-preview":"max-image-preview:large","max-video-preview":"max-video-preview:-1"},"canonical":"https:\/\/jrfortin.com\/jrf\/blog\/comment-se-proteger-des-ondes-electromagnetiques-negatives\/","og_locale":"fr_FR","og_type":"article","og_title":"Comment se prot\u00e9ger des ondes \u00e9lectro-magn\u00e9tiques nocives de nos appareils - Dojo du Nouveau Monde","og_description":"Les appareils \u00e9lectriques et \u00e9lectroniques produis\u2026 continuez la lecture","og_url":"https:\/\/jrfortin.com\/jrf\/blog\/comment-se-proteger-des-ondes-electromagnetiques-negatives\/","og_site_name":"Dojo du Nouveau Monde","article_published_time":"2021-02-22T20:32:54+00:00","article_modified_time":"2022-07-05T14:10:50+00:00","og_image":[{"width":565,"height":565,"url":"https:\/\/i0.wp.com\/jrfortin.com\/jrf\/wp-content\/uploads\/2020\/07\/triskel.png?fit=565%2C565&ssl=1","type":"image\/png"}],"author":"Shihan Jean-Rock Fortin, M.A.","twitter_card":"summary_large_image","twitter_creator":"@fortin_rock","twitter_site":"@fortin_rock","twitter_misc":{"\u00c9crit par":"Shihan Jean-Rock Fortin, M.A.","Dur\u00e9e de lecture estim\u00e9e":"4 minutes"},"schema":{"@context":"https:\/\/schema.org","@graph":[{"@type":"Article","@id":"https:\/\/jrfortin.com\/jrf\/blog\/comment-se-proteger-des-ondes-electromagnetiques-negatives\/#article","isPartOf":{"@id":"https:\/\/jrfortin.com\/jrf\/blog\/comment-se-proteger-des-ondes-electromagnetiques-negatives\/"},"author":{"name":"Shihan Jean-Rock Fortin, M.A.","@id":"https:\/\/jrfortin.com\/jrf\/#\/schema\/person\/420b013ae3febafe8d99a66adee55de9"},"headline":"Comment se prot\u00e9ger des ondes \u00e9lectro-magn\u00e9tiques nocives de nos appareils","datePublished":"2021-02-22T20:32:54+00:00","dateModified":"2022-07-05T14:10:50+00:00","mainEntityOfPage":{"@id":"https:\/\/jrfortin.com\/jrf\/blog\/comment-se-proteger-des-ondes-electromagnetiques-negatives\/"},"wordCount":826,"commentCount":3,"publisher":{"@id":"https:\/\/jrfortin.com\/jrf\/#\/schema\/person\/420b013ae3febafe8d99a66adee55de9"},"image":{"@id":"https:\/\/jrfortin.com\/jrf\/blog\/comment-se-proteger-des-ondes-electromagnetiques-negatives\/#primaryimage"},"thumbnailUrl":"https:\/\/i0.wp.com\/jrfortin.com\/jrf\/wp-content\/uploads\/2020\/07\/triskel.png?fit=565%2C565&ssl=1","articleSection":["Radiesth\u00e9sie","Sant\u00e9"],"inLanguage":"fr-FR","potentialAction":[{"@type":"CommentAction","name":"Comment","target":["https:\/\/jrfortin.com\/jrf\/blog\/comment-se-proteger-des-ondes-electromagnetiques-negatives\/#respond"]}]},{"@type":"WebPage","@id":"https:\/\/jrfortin.com\/jrf\/blog\/comment-se-proteger-des-ondes-electromagnetiques-negatives\/","url":"https:\/\/jrfortin.com\/jrf\/blog\/comment-se-proteger-des-ondes-electromagnetiques-negatives\/","name":"Comment se prot\u00e9ger des ondes \u00e9lectro-magn\u00e9tiques nocives de nos appareils - Dojo du Nouveau Monde","isPartOf":{"@id":"https:\/\/jrfortin.com\/jrf\/#website"},"primaryImageOfPage":{"@id":"https:\/\/jrfortin.com\/jrf\/blog\/comment-se-proteger-des-ondes-electromagnetiques-negatives\/#primaryimage"},"image":{"@id":"https:\/\/jrfortin.com\/jrf\/blog\/comment-se-proteger-des-ondes-electromagnetiques-negatives\/#primaryimage"},"thumbnailUrl":"https:\/\/i0.wp.com\/jrfortin.com\/jrf\/wp-content\/uploads\/2020\/07\/triskel.png?fit=565%2C565&ssl=1","datePublished":"2021-02-22T20:32:54+00:00","dateModified":"2022-07-05T14:10:50+00:00","breadcrumb":{"@id":"https:\/\/jrfortin.com\/jrf\/blog\/comment-se-proteger-des-ondes-electromagnetiques-negatives\/#breadcrumb"},"inLanguage":"fr-FR","potentialAction":[{"@type":"ReadAction","target":["https:\/\/jrfortin.com\/jrf\/blog\/comment-se-proteger-des-ondes-electromagnetiques-negatives\/"]}]},{"@type":"ImageObject","inLanguage":"fr-FR","@id":"https:\/\/jrfortin.com\/jrf\/blog\/comment-se-proteger-des-ondes-electromagnetiques-negatives\/#primaryimage","url":"https:\/\/i0.wp.com\/jrfortin.com\/jrf\/wp-content\/uploads\/2020\/07\/triskel.png?fit=565%2C565&ssl=1","contentUrl":"https:\/\/i0.wp.com\/jrfortin.com\/jrf\/wp-content\/uploads\/2020\/07\/triskel.png?fit=565%2C565&ssl=1","width":565,"height":565},{"@type":"BreadcrumbList","@id":"https:\/\/jrfortin.com\/jrf\/blog\/comment-se-proteger-des-ondes-electromagnetiques-negatives\/#breadcrumb","itemListElement":[{"@type":"ListItem","position":1,"name":"Accueil","item":"https:\/\/jrfortin.com\/jrf\/"},{"@type":"ListItem","position":2,"name":"Comment se prot\u00e9ger des ondes \u00e9lectro-magn\u00e9tiques nocives de nos appareils"}]},{"@type":"WebSite","@id":"https:\/\/jrfortin.com\/jrf\/#website","url":"https:\/\/jrfortin.com\/jrf\/","name":"Dojo du Nouveau Monde","description":"R\u00e9seau de Shihan Jean-Rock Fortin","publisher":{"@id":"https:\/\/jrfortin.com\/jrf\/#\/schema\/person\/420b013ae3febafe8d99a66adee55de9"},"potentialAction":[{"@type":"SearchAction","target":{"@type":"EntryPoint","urlTemplate":"https:\/\/jrfortin.com\/jrf\/?s={search_term_string}"},"query-input":{"@type":"PropertyValueSpecification","valueRequired":true,"valueName":"search_term_string"}}],"inLanguage":"fr-FR"},{"@type":["Person","Organization"],"@id":"https:\/\/jrfortin.com\/jrf\/#\/schema\/person\/420b013ae3febafe8d99a66adee55de9","name":"Shihan Jean-Rock Fortin, M.A.","image":{"@type":"ImageObject","inLanguage":"fr-FR","@id":"https:\/\/jrfortin.com\/jrf\/#\/schema\/person\/image\/","url":"https:\/\/i2.wp.com\/jrfortin.com\/jrf\/wp-content\/uploads\/2020\/07\/ki-le-chemin.jpg?fit=600%2C848&ssl=1","contentUrl":"https:\/\/i2.wp.com\/jrfortin.com\/jrf\/wp-content\/uploads\/2020\/07\/ki-le-chemin.jpg?fit=600%2C848&ssl=1","width":600,"height":848,"caption":"Shihan Jean-Rock Fortin, M.A."},"logo":{"@id":"https:\/\/jrfortin.com\/jrf\/#\/schema\/person\/image\/"},"description":"Globetrotteur par affaires et pour le plaisir, et Orientaliste, je suis instructeur d'arts martiaux (maitre-enseignant de Ki-A\u00efkido [Shihan] &amp; Dim-Mak), Fondateur du Dojo du Nouveau Monde (2010), \"S\u00e9ancier\" de Kiatsu, M\u00e9tatronicien, Radiesth\u00e9siste, Coutelier d'art, Conf\u00e9rencier et Auteur du livre \"Ki - Le Chemin de l'\u00c9veil\" (2018). Je suis \u00e9galement Consultant strat\u00e9gique en \u00e9volution et prosp\u00e9rit\u00e9 des personnes et des organisations.","sameAs":["http:\/\/www.jrfortin.com"],"url":"https:\/\/jrfortin.com\/jrf\/blog\/author\/jean-rock\/"}]}},"jetpack_featured_media_url":"https:\/\/i0.wp.com\/jrfortin.com\/jrf\/wp-content\/uploads\/2020\/07\/triskel.png?fit=565%2C565&ssl=1","jetpack_sharing_enabled":true,"_links":{"self":[{"href":"https:\/\/jrfortin.com\/jrf\/wp-json\/wp\/v2\/posts\/13786","targetHints":{"allow":["GET"]}}],"collection":[{"href":"https:\/\/jrfortin.com\/jrf\/wp-json\/wp\/v2\/posts"}],"about":[{"href":"https:\/\/jrfortin.com\/jrf\/wp-json\/wp\/v2\/types\/post"}],"author":[{"embeddable":true,"href":"https:\/\/jrfortin.com\/jrf\/wp-json\/wp\/v2\/users\/1"}],"replies":[{"embeddable":true,"href":"https:\/\/jrfortin.com\/jrf\/wp-json\/wp\/v2\/comments?post=13786"}],"version-history":[{"count":2,"href":"https:\/\/jrfortin.com\/jrf\/wp-json\/wp\/v2\/posts\/13786\/revisions"}],"predecessor-version":[{"id":16017,"href":"https:\/\/jrfortin.com\/jrf\/wp-json\/wp\/v2\/posts\/13786\/revisions\/16017"}],"wp:featuredmedia":[{"embeddable":true,"href":"https:\/\/jrfortin.com\/jrf\/wp-json\/wp\/v2\/media\/14117"}],"wp:attachment":[{"href":"https:\/\/jrfortin.com\/jrf\/wp-json\/wp\/v2\/media?parent=13786"}],"wp:term":[{"taxonomy":"category","embeddable":true,"href":"https:\/\/jrfortin.com\/jrf\/wp-json\/wp\/v2\/categories?post=13786"},{"taxonomy":"post_tag","embeddable":true,"href":"https:\/\/jrfortin.com\/jrf\/wp-json\/wp\/v2\/tags?post=13786"}],"curies":[{"name":"wp","href":"https:\/\/api.w.org\/{rel}","templated":true}]}}