{"id":14331,"date":"2023-02-11T08:00:23","date_gmt":"2023-02-11T13:00:23","guid":{"rendered":"https:\/\/jrfortin.com\/jrf\/?p=14331"},"modified":"2023-07-02T14:10:18","modified_gmt":"2023-07-02T18:10:18","slug":"resonance-schumann","status":"publish","type":"post","link":"https:\/\/jrfortin.com\/jrf\/blog\/resonance-schumann\/","title":{"rendered":"Les effets sur les humains de l&rsquo;augmentation de la r\u00e9sonance de Schumann &#8211; *** MISE \u00c0 JOUR au :"},"content":{"rendered":"<div class=\"oud54xpy\">\n<!--[if lt IE 9]><script>document.createElement('video');<\/script><![endif]-->\n\t<div class=\"wp-playlist wp-video-playlist wp-playlist-light\">\n\t\t<video controls=\"controls\" preload=\"none\" width=\"808\"\n\t\t height=\"1436\"\t><\/video>\n\t<div class=\"wp-playlist-next\"><\/div>\n\t<div class=\"wp-playlist-prev\"><\/div>\n\t<noscript>\n\t<ol>\n\t\t<li><a href='https:\/\/jrfortin.com\/jrf\/wp-content\/uploads\/2023\/02\/des-nouvelles-concernant-le-niveau-vibratoire-de-la-terre.mov'>Des-nouvelles-concernant-le-niveau-vibratoire-de-la-terre<\/a><\/li><li><a href='https:\/\/jrfortin.com\/jrf\/wp-content\/uploads\/2023\/02\/Origine-de-la-resonnance-de-Schumann.mov'>Origine de la R\u00e9sonance de Schumann<\/a><\/li>\t<\/ol>\n\t<\/noscript>\n\t<script type=\"application\/json\" class=\"wp-playlist-script\">{\"type\":\"video\",\"tracklist\":true,\"tracknumbers\":true,\"images\":true,\"artists\":true,\"tracks\":[{\"src\":\"https:\\\/\\\/jrfortin.com\\\/jrf\\\/wp-content\\\/uploads\\\/2023\\\/02\\\/des-nouvelles-concernant-le-niveau-vibratoire-de-la-terre.mov\",\"type\":\"video\\\/quicktime\",\"title\":\"Des-nouvelles-concernant-le-niveau-vibratoire-de-la-terre\",\"caption\":\"\",\"description\":\"\",\"meta\":{\"length_formatted\":\"11:02\"},\"dimensions\":{\"original\":{\"width\":854,\"height\":480},\"resized\":{\"width\":808,\"height\":454}},\"image\":{\"src\":\"https:\\\/\\\/jrfortin.com\\\/jrf\\\/wp-includes\\\/images\\\/media\\\/video.svg\",\"width\":48,\"height\":64},\"thumb\":{\"src\":\"https:\\\/\\\/jrfortin.com\\\/jrf\\\/wp-includes\\\/images\\\/media\\\/video.svg\",\"width\":48,\"height\":64}},{\"src\":\"https:\\\/\\\/jrfortin.com\\\/jrf\\\/wp-content\\\/uploads\\\/2023\\\/02\\\/Origine-de-la-resonnance-de-Schumann.mov\",\"type\":\"video\\\/quicktime\",\"title\":\"Origine de la R\\u00e9sonance de Schumann\",\"caption\":\"\",\"description\":\"\",\"meta\":{\"length_formatted\":\"7:16\"},\"dimensions\":{\"original\":{\"width\":360,\"height\":640},\"resized\":{\"width\":808,\"height\":1436}},\"image\":{\"src\":\"https:\\\/\\\/jrfortin.com\\\/jrf\\\/wp-includes\\\/images\\\/media\\\/video.svg\",\"width\":48,\"height\":64},\"thumb\":{\"src\":\"https:\\\/\\\/jrfortin.com\\\/jrf\\\/wp-includes\\\/images\\\/media\\\/video.svg\",\"width\":48,\"height\":64}}]}<\/script>\n<\/div>\n\t\n<hr \/>\n<p><em>La R\u00e9sonance de Schuman atteint un Pic Record de 140 hz !<\/em><\/p>\n<p><em>Une telle secousse vibratoire devrait agiter et mettre en lumi\u00e8re toutes attitude, croyance, habitude et situation ayant pour base et socle de veilles \u00e9nergies plus lentes, plus denses.<\/em><\/p>\n<p><em>De nombreux processus \u00e0 l&rsquo;\u00e9chelle cellulaire et atomique vont inexorablement s&rsquo;enclencher ou passer \u00e0 une nouvelle phase de leur d\u00e9veloppement, mutation.<\/em><\/p>\n<p><em>Cet \u00e9clair s&rsquo;imprimera tel un flash, programme lumineux, dans toutes les structures du vivant.<\/em><\/p>\n<h2 dir=\"auto\" style=\"text-align: center;\"><img data-recalc-dims=\"1\" loading=\"lazy\" decoding=\"async\" data-attachment-id=\"17687\" data-permalink=\"https:\/\/jrfortin.com\/jrf\/blog\/resonance-schumann\/288678686_10158291160632723_3352183193900216414_n\/\" data-orig-file=\"https:\/\/i0.wp.com\/jrfortin.com\/jrf\/wp-content\/uploads\/2020\/09\/288678686_10158291160632723_3352183193900216414_n.jpg?fit=821%2C534&amp;ssl=1\" data-orig-size=\"821,534\" data-comments-opened=\"1\" data-image-meta=\"{&quot;aperture&quot;:&quot;0&quot;,&quot;credit&quot;:&quot;&quot;,&quot;camera&quot;:&quot;&quot;,&quot;caption&quot;:&quot;&quot;,&quot;created_timestamp&quot;:&quot;0&quot;,&quot;copyright&quot;:&quot;&quot;,&quot;focal_length&quot;:&quot;0&quot;,&quot;iso&quot;:&quot;0&quot;,&quot;shutter_speed&quot;:&quot;0&quot;,&quot;title&quot;:&quot;&quot;,&quot;orientation&quot;:&quot;0&quot;}\" data-image-title=\"288678686_10158291160632723_3352183193900216414_n\" data-image-description=\"\" data-image-caption=\"\" data-medium-file=\"https:\/\/i0.wp.com\/jrfortin.com\/jrf\/wp-content\/uploads\/2020\/09\/288678686_10158291160632723_3352183193900216414_n.jpg?fit=300%2C195&amp;ssl=1\" data-large-file=\"https:\/\/i0.wp.com\/jrfortin.com\/jrf\/wp-content\/uploads\/2020\/09\/288678686_10158291160632723_3352183193900216414_n.jpg?fit=821%2C534&amp;ssl=1\" class=\"alignnone wp-image-17687 size-full\" src=\"https:\/\/i0.wp.com\/jrfortin.com\/jrf\/wp-content\/uploads\/2020\/09\/288678686_10158291160632723_3352183193900216414_n.jpg?resize=821%2C534\" alt=\"\" width=\"821\" height=\"534\" srcset=\"https:\/\/i0.wp.com\/jrfortin.com\/jrf\/wp-content\/uploads\/2020\/09\/288678686_10158291160632723_3352183193900216414_n.jpg?w=821&amp;ssl=1 821w, https:\/\/i0.wp.com\/jrfortin.com\/jrf\/wp-content\/uploads\/2020\/09\/288678686_10158291160632723_3352183193900216414_n.jpg?resize=300%2C195&amp;ssl=1 300w, https:\/\/i0.wp.com\/jrfortin.com\/jrf\/wp-content\/uploads\/2020\/09\/288678686_10158291160632723_3352183193900216414_n.jpg?resize=768%2C500&amp;ssl=1 768w, https:\/\/i0.wp.com\/jrfortin.com\/jrf\/wp-content\/uploads\/2020\/09\/288678686_10158291160632723_3352183193900216414_n.jpg?resize=150%2C98&amp;ssl=1 150w, https:\/\/i0.wp.com\/jrfortin.com\/jrf\/wp-content\/uploads\/2020\/09\/288678686_10158291160632723_3352183193900216414_n.jpg?resize=24%2C16&amp;ssl=1 24w, https:\/\/i0.wp.com\/jrfortin.com\/jrf\/wp-content\/uploads\/2020\/09\/288678686_10158291160632723_3352183193900216414_n.jpg?resize=36%2C23&amp;ssl=1 36w, https:\/\/i0.wp.com\/jrfortin.com\/jrf\/wp-content\/uploads\/2020\/09\/288678686_10158291160632723_3352183193900216414_n.jpg?resize=48%2C31&amp;ssl=1 48w\" sizes=\"auto, (max-width: 821px) 100vw, 821px\" \/><\/h2>\n<hr \/>\n<h2 dir=\"auto\"><span class=\"oi732d6d ik7dh3pa d2edcug0 hpfvmrgz qv66sw1b c1et5uql a8c37x1j muag1w35 enqfppq2 jq4qci2q a3bd9o3v lrazzd5p oo9gr5id hzawbc8m\" dir=\"auto\">Et Philippe Fran\u00e7ois nous explique :<br \/>\n<\/span><\/h2>\n<p style=\"text-align: justify;\">\u00c0 l\u2019heure actuelle, il n\u2019y a pas une seule personne sur Terre qui n\u2019ait pas ressenti une sorte de sympt\u00f4me physique bizarre et inexpliqu\u00e9, des \u00e9tats \u00e9tranges, voire inconnus, qui la mettent mal \u00e0 l\u2019aise.<\/p>\n<p style=\"text-align: justify;\">Beaucoup ne comprennent pas pourquoi cela se produit, et certains vont chez leur m\u00e9decin pour constater qu\u2019ils n\u2019ont rien. De leur c\u00f4t\u00e9, les m\u00e9decins se rendent compte qu\u2019il semble y avoir un ph\u00e9nom\u00e8ne d\u2019occurrences \u00ab psychosomatiques \u00bb inexpliqu\u00e9es.<\/p>\n<p style=\"text-align: justify;\">Il y a des preuves scientifiques qu\u2019il se passe quelque chose sur la plan\u00e8te qui \u00ab secoue le pommier \u00bb en ce moment, et ces preuves proviennent d\u2019un qui suit la r\u00e9sonance Schumann.<\/p>\n<p style=\"text-align: justify;\"><strong>Qu\u2019est-ce que la r\u00e9sonance Schumann ?<\/strong><\/p>\n<p style=\"text-align: justify;\">\u00a0Il s\u2019agit d\u2019une r\u00e9sonance \u00e9lectromagn\u00e9tique globale nomm\u00e9e par le physicien\u00a0qui l\u2019a pr\u00e9dit math\u00e9matiquement en 1952.<\/p>\n<p style=\"text-align: justify;\">La description officielle de Wikipedia est\u00a0:<\/p>\n<p style=\"text-align: justify;\"><em>\u00ab Les r\u00e9sonances Schumann (SR) sont un ensemble de pics de spectre dans la partie extr\u00eamement basse fr\u00e9quence (ELF) du spectre du champ \u00e9lectromagn\u00e9tique terrestre.<\/em><\/p>\n<p style=\"text-align: justify;\"><em>Les r\u00e9sonances Schumann sont des r\u00e9sonances \u00e9lectromagn\u00e9tiques globales, g\u00e9n\u00e9r\u00e9es et excit\u00e9es par des d\u00e9charges de foudre dans la cavit\u00e9 form\u00e9e par la surface de la Terre et l\u2019ionosph\u00e8re. \u00bb<\/em><\/p>\n<p style=\"text-align: justify;\">Ce qui se passe sur la plan\u00e8te cause effectivement plus de \u00ab foudre \u00bb ou qu\u2019il fasse en sorte que l\u2019\u00e9quipement capte quelque chose d\u2019autre, les preuves scientifiques prouvent que <strong>quelque chose<\/strong>\u00a0perturbe ou augmente la fr\u00e9quence \u00e9lectromagn\u00e9tique sur la plan\u00e8te.<\/p>\n<p style=\"text-align: justify;\">Depuis des milliers d\u2019ann\u00e9es, la r\u00e9sonance de Schumann a \u00e9t\u00e9 mesur\u00e9e \u00e0 7,83 hertz ou \u00e0 des pointes peu profondes, selon le nombre de temp\u00eates sur la plan\u00e8te \u00e0 l\u2019\u00e9poque. Le site Web russe est l\u2019un des seuls sites publics qui publient les donn\u00e9es quotidiennes sur les fluctuations actuelles de Schumann.<\/p>\n<p style=\"text-align: justify;\">Les raisons de cette situation ne sont pas claires, mais semblent indiquer qu\u2019il s\u2019agit de garder les donn\u00e9es \u00e0 l\u2019abri du regard du public.<\/p>\n<h2 dir=\"auto\"><img data-recalc-dims=\"1\" loading=\"lazy\" decoding=\"async\" data-attachment-id=\"14352\" data-permalink=\"https:\/\/jrfortin.com\/jrf\/blog\/resonance-schumann\/645644main_schumannanim_946-710\/\" data-orig-file=\"https:\/\/i0.wp.com\/jrfortin.com\/jrf\/wp-content\/uploads\/2020\/09\/645644main_SchumannAnim_946-710.jpg?fit=946%2C710&amp;ssl=1\" data-orig-size=\"946,710\" data-comments-opened=\"1\" data-image-meta=\"{&quot;aperture&quot;:&quot;0&quot;,&quot;credit&quot;:&quot;&quot;,&quot;camera&quot;:&quot;&quot;,&quot;caption&quot;:&quot;&quot;,&quot;created_timestamp&quot;:&quot;0&quot;,&quot;copyright&quot;:&quot;&quot;,&quot;focal_length&quot;:&quot;0&quot;,&quot;iso&quot;:&quot;0&quot;,&quot;shutter_speed&quot;:&quot;0&quot;,&quot;title&quot;:&quot;&quot;,&quot;orientation&quot;:&quot;0&quot;}\" data-image-title=\"645644main_SchumannAnim_946-710\" data-image-description=\"\" data-image-caption=\"\" data-medium-file=\"https:\/\/i0.wp.com\/jrfortin.com\/jrf\/wp-content\/uploads\/2020\/09\/645644main_SchumannAnim_946-710.jpg?fit=300%2C225&amp;ssl=1\" data-large-file=\"https:\/\/i0.wp.com\/jrfortin.com\/jrf\/wp-content\/uploads\/2020\/09\/645644main_SchumannAnim_946-710.jpg?fit=830%2C623&amp;ssl=1\" class=\"aligncenter wp-image-14352\" src=\"https:\/\/i0.wp.com\/jrfortin.com\/jrf\/wp-content\/uploads\/2020\/09\/645644main_SchumannAnim_946-710.jpg?resize=379%2C284&#038;ssl=1\" alt=\"\" width=\"379\" height=\"284\" srcset=\"https:\/\/i0.wp.com\/jrfortin.com\/jrf\/wp-content\/uploads\/2020\/09\/645644main_SchumannAnim_946-710.jpg?w=946&amp;ssl=1 946w, https:\/\/i0.wp.com\/jrfortin.com\/jrf\/wp-content\/uploads\/2020\/09\/645644main_SchumannAnim_946-710.jpg?resize=300%2C225&amp;ssl=1 300w, https:\/\/i0.wp.com\/jrfortin.com\/jrf\/wp-content\/uploads\/2020\/09\/645644main_SchumannAnim_946-710.jpg?resize=768%2C576&amp;ssl=1 768w, https:\/\/i0.wp.com\/jrfortin.com\/jrf\/wp-content\/uploads\/2020\/09\/645644main_SchumannAnim_946-710.jpg?resize=150%2C113&amp;ssl=1 150w\" sizes=\"auto, (max-width: 379px) 100vw, 379px\" \/><\/h2>\n<p style=\"text-align: justify;\"><strong>Comment la r\u00e9sonance de Schumann affecte-t-elle les humains ?<\/strong><\/p>\n<p style=\"text-align: justify;\">En tant qu\u2019\u00eatre spirituel fusionn\u00e9 avec un corps humain, nous avons \u00e9galement fusionn\u00e9 avec la conscience et la composition \u00e9nerg\u00e9tique de la Terre lorsque nous sommes n\u00e9s dans un corps humain.<\/p>\n<p style=\"text-align: justify;\">Pour rester en phase avec la composition et les fr\u00e9quences de la plan\u00e8te, le corps humain dispose d\u2019un syst\u00e8me d\u2019autocorrection qui peut se recalibrer \u00e0 l\u2019environnement en cas de besoin.<\/p>\n<p style=\"text-align: justify;\">Cependant, lorsque le champ aurique d\u2019un humain n\u2019est pas synchronis\u00e9, il est difficile pour les corps \u00e9motionnel, mental, spirituel et \u00e9th\u00e9rique de se synchroniser avec le corps physique et la fr\u00e9quence de la Terre. En m\u00eame temps, une salve de fr\u00e9quence des fr\u00e9quences magn\u00e9tiques de la Terre peut bousculer tous les blocages \u00e9nerg\u00e9tiques dans le champ aurique qui peuvent faire que le corps physique reste \u00e0 une ELF basse ou stagnante (fr\u00e9quence extr\u00eamement basse).<\/p>\n<p style=\"text-align: justify;\">Les salves de fr\u00e9quences plus \u00e9lev\u00e9es sont une bonne chose pour \u00e9claircir le champ aurique de l\u2019\u00eatre humain, \u00e0 condition qu\u2019elles soient faites avec mod\u00e9ration. Par exemple, si une personne est \u00e9lectrocut\u00e9e \u00e0 partir d\u2019une prise \u00e9lectrique domestique, elle a plus de chances de se r\u00e9tablir que d\u2019\u00eatre frapp\u00e9e par la foudre. L\u2019explication spirituelle et m\u00e9taphysique de l\u2019augmentation de la fr\u00e9quence du corps physique est que plus la fr\u00e9quence est \u00e9lev\u00e9e, moins la r\u00e9alit\u00e9 humaine sera dense.<\/p>\n<p style=\"text-align: justify;\">Le but est de transformer la r\u00e9alit\u00e9 dense et dominante dans laquelle nous vivons d\u2019une mani\u00e8re qui unifie l\u2019humanit\u00e9 dans une conscience sup\u00e9rieure bas\u00e9e sur l\u2019amour tout en existant encore dans le corps physique.<\/p>\n<p style=\"text-align: justify;\">Ceci ne peut \u00eatre r\u00e9alis\u00e9 qu\u2019en lib\u00e9rant les blocages \u00e9nerg\u00e9tiques du pass\u00e9 et de l\u2019enfance qui maintiennent coinc\u00e9s dans la cr\u00e9ation d\u2019une illusion r\u00e9currente de densit\u00e9 et de d\u00e9sarroi dans la r\u00e9alit\u00e9 physique.<\/p>\n<p style=\"text-align: justify;\">Ceci permettra au corps physique de vibrer harmonieusement avec la fr\u00e9quence plan\u00e9taire et d\u2019avoir un flux d\u2019\u00e9nergie sain \u00e0 l\u2019int\u00e9rieur du corps qui emp\u00eache le vieillissement et les maladies.<\/p>\n<p style=\"text-align: justify;\">Si un \u00eatre humain est coinc\u00e9 dans de vieux sch\u00e9mas et croyances, ou s\u2019il est berc\u00e9 par la complaisance dans une basse fr\u00e9quence, alors une explosion de fr\u00e9quence peut faire une ou deux choses.<\/p>\n<p style=\"text-align: justify;\">Si la personne a suffisamment \u00e9lev\u00e9 sa conscience pour r\u00e9aliser que quelque chose se passe et qu\u2019elle est capable d\u2019avoir un esprit ouvert et un c\u0153ur ouvert, alors la personne commencera \u00e0 absorber ces fr\u00e9quences autant et aussi rapidement que son esprit et son mental le lui permettent. En absorbant ces fr\u00e9quences, l\u2019eau dans le corps commence \u00e0 vibrer aux pics de fr\u00e9quence.<\/p>\n<p style=\"text-align: justify;\">Cela pourrait causer de nombreux sympt\u00f4mes d\u00e9sagr\u00e9ables, mais en fin de compte, c\u2019est aussi un t\u00e9moignage que quelque chose se passe vraiment sur notre plan\u00e8te et dans notre conscience.<\/p>\n<p style=\"text-align: justify;\"><strong>La r\u00e9sonance Schumann c\u2019est la fr\u00e9quence harmonique de la Terre\u2026 il y a des radiations cosmiques nouvelles ; radioactives, inconnues de l\u2019Homme qui d\u00e9ferlent dans ce monde, pour le faire ascensionner\u2026<\/strong><\/p>\n<p style=\"text-align: justify;\">la particularit\u00e9 de ces radiations, ou \u00e9nergies cosmiques c\u2019est de cr\u00e9er, une excitation du Noyau cristallin de la Terre et chez l\u2019Homme une excitation biologique, donc de n\u00f4tre ADN avec la multiplication des brins\u2026<\/p>\n<p style=\"text-align: justify;\"><strong>Cela produit des modifications physiologie biologique cellulaire.<\/strong> C\u2019est une mutation\u2026<\/p>\n<p style=\"text-align: justify;\">les sensations de cuisson, de feu int\u00e9rieur vont s\u2019intensifier\u2026<\/p>\n<p style=\"text-align: justify;\"><strong>On peut \u00e9prouver les sympt\u00f4mes suivants\u00a0:<\/strong><\/p>\n<p style=\"text-align: justify;\"><em>Maux de t\u00eate, migraines intenses et pressions cr\u00e2niennes, Rougeurs, vertiges, se sentir d\u00e9cal\u00e9 ou \u00ab errant \u00bb ou naus\u00e9eux. Difficult\u00e9 \u00e0 se concentrer, confusion, perte temporaire de souvenirs, Fatigue extr\u00eame ou sursauts d\u2019\u00e9nergie extr\u00eame selon le type de fr\u00e9quence v\u00e9cue \u00e0 ce moment-l\u00e0 et la fa\u00e7on dont l\u2019individu y fait face\u2026 difficult\u00e9 \u00e0 se r\u00e9veiller, \u00e9puisement, manque d\u2019\u00e9nergie, insomnie, troubles du sommeil et r\u00eaves intenses ou cauchemars.<\/em><\/p>\n<p style=\"text-align: justify;\"><em>Des sympt\u00f4mes physiologiques peuvent se manifester, difficult\u00e9s \u00e0 respirer, oppression, ou sympt\u00f4mes pseudo-grippaux, des maux de gorge, des courbatures, se sentir fi\u00e9vreux, des bourdonnements d\u2019oreilles ou des maux et douleurs dentaires.<\/em><\/p>\n<p style=\"text-align: justify;\"><strong><em>Chocs thermiques<\/em><\/strong><em>, manifestations thermiques, modifications thermiques brutales ressenties et per\u00e7ues et ind\u00e9pendantes de toute cause ext\u00e9rieure, sensation de froid glacial ou l\u2019on ne peut se r\u00e9chauffer.<\/em><\/p>\n<p style=\"text-align: justify;\"><em>Les manifestations de d\u00e9mangeaison, de chaleur, de piqures, de picotements li\u00e9s \u00e0 la p\u00e9n\u00e9tration de la Lumi\u00e8re Vibrale (Silice) qui,, ne fait pas tr\u00e8s bon m\u00e9nage, en r\u00e8gle g\u00e9n\u00e9rale, avec le corps humain de mati\u00e8re et de nature carbon\u00e9e.<\/em><\/p>\n<p style=\"text-align: justify;\"><em>Bouff\u00e9es de chaleur \u2014\u00a0<strong>comme le corps vibre plus vite, il g\u00e9n\u00e8re de la chaleur.<\/strong><\/em><\/p>\n<p style=\"text-align: justify;\"><em>Aussi\u2026<\/em><\/p>\n<p style=\"text-align: justify;\"><em>Douleurs physiques inexpliqu\u00e9es qui peuvent persister ou qui peuvent myst\u00e9rieusement aller et venir.<\/em> <em>(Nuque, omoplates, genoux, m\u00e2choire, hanches, coudes, poignets, chevilles), vertiges, pertes de m\u00e9moire, sueurs nocturnes, insomnie, fatigue intense, reflux gastrique, etc.<\/em><\/p>\n<p style=\"text-align: justify;\"><em>Les organes sensoriels changent, de nouvelles perceptions apparaissent : les yeux picotent (sensations de grains de sable, feu dans les yeux, vision trouble), les perceptions sont plus int\u00e9rieures (intuition, vision \u00e9clair\u00e9e, \u00e9vidence&#8230;). Les oreilles bourdonnent, sifflent, impression d\u2019acouph\u00e8nes.<\/em><\/p>\n<p style=\"text-align: justify;\"><em>Vertiges (\u00e9tourdissement, naus\u00e9e), Rythme cardiaque irr\u00e9gulier, Anxi\u00e9t\u00e9 et augmentation d\u2019une sensation de lutte ou fuite int\u00e9rieure.<\/em><\/p>\n<p style=\"text-align: justify;\"><em>Le go\u00fbt change, on ne peut plus manger certains aliments, Probl\u00e8mes intestinaux\u2026 Bien plus d\u2019app\u00e9tit ou manque d\u2019app\u00e9tit. L\u2019odorat \u00e9volue\u00a0: perceptions d\u2019\u00e9manations alors qu\u2019il n\u2019y a aucune fleur qui d\u00e9gage son parfum dans les environs et autres.<\/em><\/p>\n<p style=\"text-align: justify;\"><em>\u00c9galement des d\u00e9localisations de la conscience, o\u00f9 l\u2019on est ailleurs, on vit des blancs sur l\u2019\u00e9cran de la conscience\u2026 c\u2019est la lumi\u00e8re qui jaillit sur l\u2019\u00e9cran de la conscience\u2026 puis celle-ci dispara\u00eet.<\/em><\/p>\n<p style=\"text-align: justify;\">Comme vous pouvez le constater, si certains de ces sympt\u00f4mes affect\u00e9s n\u00e9gativement persistent sans que la personne fasse quelque chose pour aider son corps \u00e0 s\u2019acclimater, elle pourrait certainement avoir l\u2019impression que le corps commencerait \u00e0 montrer plus de signes de d\u00e9prime et pourrait vous donner l\u2019impression de mourir\/ \u00bb partir \u00bb.<\/p>\n<p style=\"text-align: justify;\">En fait, il est en train de se purger pour pouvoir s\u2019acclimater, \u00e0 la fa\u00e7on dont il traite la grippe ou les virus. Si une personne est compl\u00e8tement inconsciente et n\u2019est pas un \u00eatre humain compatissant et bienveillant (ou n\u2019est pas du tout un \u00eatre humain qui a une \u00e2me), ces fr\u00e9quences iront irriter et perturber et ne seront tr\u00e8s probablement pas int\u00e9gr\u00e9es.<\/p>\n<p style=\"text-align: justify;\">Ainsi, cette personne restera \u00e0 une basse fr\u00e9quence et ne b\u00e9n\u00e9ficiera pas des vagues d\u2019\u00e9nergie entrantes.<\/p>\n<p style=\"text-align: justify;\">Elle pourrait m\u00eame commencer \u00e0 provoquer le d\u00e9clin du corps physique, car pas capable de se manifester en harmonie avec la fr\u00e9quence de la plan\u00e8te. Malheureusement, certaines personnes ne s\u2019en sortent pas bien physiquement et nous voyons des gens \u00ab partir \u00bb en ce moment (mourir).<\/p>\n<p style=\"text-align: justify;\">Il n\u2019y a certainement pas de jugement l\u00e0-dedans, car certaines personnes n\u2019ont pas choisi de passer par ce changement de fr\u00e9quence ou n\u2019avaient tout simplement pas assez d\u2019\u00e9nergie pour le g\u00e9rer, et personne ne \u00ab meurt \u00bb vraiment de toute fa\u00e7on.<\/p>\n<p style=\"text-align: justify;\">Ils se d\u00e9placent simplement \u00e0 une autre fr\u00e9quence en dehors des contraintes du corps physique et vont l\u00e0 o\u00f9 ils ont besoin pour continuer leur voyage.<\/p>\n<p style=\"text-align: justify;\"><strong>Comment s\u2019acclimater au corps pour accepter les fr\u00e9quences plus \u00e9lev\u00e9es ?<\/strong><\/p>\n<p style=\"text-align: justify;\">Il existe de nombreuses fa\u00e7ons de vous aider \u00e0 vous adapter aux \u00e9nergies, mais en voici quelques-unes parmi les plus courantes\u00a0:<\/p>\n<ul style=\"text-align: justify;\">\n<li><em>La m\u00e9ditation \u2014 pas le genre de m\u00e9ditation pour se connecter avec les \u00eatres astraux ou pour avoir des exp\u00e9riences hors du corps. La m\u00e9ditation pour la paix, le repos (l\u00e2cher prise) et la respiration et la concentration sur le flux d\u2019\u00e9nergie fonctionnent mieux, et la m\u00e9ditation avec les yeux ouverts est aussi bonne.<\/em><\/li>\n<li><em>Ancrage \u2014 pieds nus sur le sol, passer du temps dans la nature, bains de sel marin, nager, manger des aliments solides, de base.<\/em><\/li>\n<li><em>Demander \u00e0 votre \u00eatre sup\u00e9rieur (Moi sup\u00e9rieur\/ la Source\/les Guides) de vous aider \u00e0 vous acclimater, surtout si vous souffrez.<\/em><\/li>\n<li><em>Buvez beaucoup d\u2019eau pure\/purifi\u00e9e ! Pas de fluorure.<\/em><\/li>\n<li><em>Repos \u2014 le corps a la capacit\u00e9 \u00e9trange d\u2019effectuer une grande partie de sa remise \u00e0 z\u00e9ro pendant qu\u2019il dort ou qu\u2019il est \u00e0 l\u2019arr\u00eat.<\/em><\/li>\n<li><em>Aimez-vous et prenez soin de votre corps.<\/em><\/li>\n<li><em>Exercice en douceur \u2014 d\u00e9placer l\u2019\u00e9nergie pour lib\u00e9rer les blocages et encourager une bonne circulation de l\u2019\u00e9nergie.<\/em><\/li>\n<li><em>Aliments complets\/nourriture compl\u00e8te \u2014 par opposition aux aliments transform\u00e9s ou OGM.<\/em><\/li>\n<li><em>Massage.<\/em><\/li>\n<li><em>\u00c9coutez votre corps et faites ce qu\u2019il faut pour \u00eatre \u00e0 l\u2019aise.<\/em><\/li>\n<\/ul>\n<p><img data-recalc-dims=\"1\" loading=\"lazy\" decoding=\"async\" data-attachment-id=\"14347\" data-permalink=\"https:\/\/jrfortin.com\/jrf\/blog\/resonance-schumann\/72550470_800885937025322_6542868907173085184_n\/\" data-orig-file=\"https:\/\/i0.wp.com\/jrfortin.com\/jrf\/wp-content\/uploads\/2020\/09\/72550470_800885937025322_6542868907173085184_n.jpg?fit=750%2C259&amp;ssl=1\" data-orig-size=\"750,259\" data-comments-opened=\"1\" data-image-meta=\"{&quot;aperture&quot;:&quot;0&quot;,&quot;credit&quot;:&quot;&quot;,&quot;camera&quot;:&quot;&quot;,&quot;caption&quot;:&quot;&quot;,&quot;created_timestamp&quot;:&quot;0&quot;,&quot;copyright&quot;:&quot;&quot;,&quot;focal_length&quot;:&quot;0&quot;,&quot;iso&quot;:&quot;0&quot;,&quot;shutter_speed&quot;:&quot;0&quot;,&quot;title&quot;:&quot;&quot;,&quot;orientation&quot;:&quot;0&quot;}\" data-image-title=\"72550470_800885937025322_6542868907173085184_n\" data-image-description=\"\" data-image-caption=\"\" data-medium-file=\"https:\/\/i0.wp.com\/jrfortin.com\/jrf\/wp-content\/uploads\/2020\/09\/72550470_800885937025322_6542868907173085184_n.jpg?fit=300%2C104&amp;ssl=1\" data-large-file=\"https:\/\/i0.wp.com\/jrfortin.com\/jrf\/wp-content\/uploads\/2020\/09\/72550470_800885937025322_6542868907173085184_n.jpg?fit=750%2C259&amp;ssl=1\" class=\"aligncenter size-full wp-image-14347\" src=\"https:\/\/i0.wp.com\/jrfortin.com\/jrf\/wp-content\/uploads\/2020\/09\/72550470_800885937025322_6542868907173085184_n.jpg?resize=750%2C259&#038;ssl=1\" alt=\"\" width=\"750\" height=\"259\" srcset=\"https:\/\/i0.wp.com\/jrfortin.com\/jrf\/wp-content\/uploads\/2020\/09\/72550470_800885937025322_6542868907173085184_n.jpg?w=750&amp;ssl=1 750w, https:\/\/i0.wp.com\/jrfortin.com\/jrf\/wp-content\/uploads\/2020\/09\/72550470_800885937025322_6542868907173085184_n.jpg?resize=300%2C104&amp;ssl=1 300w, https:\/\/i0.wp.com\/jrfortin.com\/jrf\/wp-content\/uploads\/2020\/09\/72550470_800885937025322_6542868907173085184_n.jpg?resize=150%2C52&amp;ssl=1 150w\" sizes=\"auto, (max-width: 750px) 100vw, 750px\" \/><\/p>\n<p style=\"text-align: center;\">La fl\u00e8che montre quelle est la \u00ab norme \u00bb de 7,83 hertz<\/p>\n<p style=\"text-align: justify;\"><strong>Comment lire la R\u00e9sonance de Schumann. <\/strong>Ceux qui sont sensibles \u00e0 l\u2019\u00e9nergie ont pu \u00e9tablir une corr\u00e9lation lorsqu\u2019ils ressentent quelque chose de vraiment diff\u00e9rent, et regarder le graphique pour voir si une \u00ab vague \u00bb se produit.<\/p>\n<p style=\"text-align: justify;\">Plus la bande du Rouge ou du blanc est large, plus la vague frappe longtemps&#8230; (en bas les heures) lecture horizontale de la bande rouge ou blanche.\u00a0<strong>Les couleurs repr\u00e9sent\u00e9es sur le graphique sont\u00a0: bleu (faible puissance), vert (impulsions normales), rouge (forte puissance), blanc (tr\u00e8s forte puissance).<\/strong><\/p>\n<p style=\"text-align: justify;\">Voici une capture d\u2019\u00e9cran de ce \u00e0 quoi ressemblait la R\u00e9sonance Schumann sur le site russe le 9 novembre 2018<\/p>\n<p style=\"text-align: center;\"><img data-recalc-dims=\"1\" loading=\"lazy\" decoding=\"async\" data-attachment-id=\"14348\" data-permalink=\"https:\/\/jrfortin.com\/jrf\/blog\/resonance-schumann\/72192559_800887500358499_7167083897602179072_n\/\" data-orig-file=\"https:\/\/i0.wp.com\/jrfortin.com\/jrf\/wp-content\/uploads\/2020\/09\/72192559_800887500358499_7167083897602179072_n.jpg?fit=750%2C259&amp;ssl=1\" data-orig-size=\"750,259\" data-comments-opened=\"1\" data-image-meta=\"{&quot;aperture&quot;:&quot;0&quot;,&quot;credit&quot;:&quot;&quot;,&quot;camera&quot;:&quot;&quot;,&quot;caption&quot;:&quot;&quot;,&quot;created_timestamp&quot;:&quot;0&quot;,&quot;copyright&quot;:&quot;&quot;,&quot;focal_length&quot;:&quot;0&quot;,&quot;iso&quot;:&quot;0&quot;,&quot;shutter_speed&quot;:&quot;0&quot;,&quot;title&quot;:&quot;&quot;,&quot;orientation&quot;:&quot;0&quot;}\" data-image-title=\"72192559_800887500358499_7167083897602179072_n\" data-image-description=\"\" data-image-caption=\"\" data-medium-file=\"https:\/\/i0.wp.com\/jrfortin.com\/jrf\/wp-content\/uploads\/2020\/09\/72192559_800887500358499_7167083897602179072_n.jpg?fit=300%2C104&amp;ssl=1\" data-large-file=\"https:\/\/i0.wp.com\/jrfortin.com\/jrf\/wp-content\/uploads\/2020\/09\/72192559_800887500358499_7167083897602179072_n.jpg?fit=750%2C259&amp;ssl=1\" class=\"aligncenter size-full wp-image-14348\" src=\"https:\/\/i0.wp.com\/jrfortin.com\/jrf\/wp-content\/uploads\/2020\/09\/72192559_800887500358499_7167083897602179072_n.jpg?resize=750%2C259&#038;ssl=1\" alt=\"\" width=\"750\" height=\"259\" srcset=\"https:\/\/i0.wp.com\/jrfortin.com\/jrf\/wp-content\/uploads\/2020\/09\/72192559_800887500358499_7167083897602179072_n.jpg?w=750&amp;ssl=1 750w, https:\/\/i0.wp.com\/jrfortin.com\/jrf\/wp-content\/uploads\/2020\/09\/72192559_800887500358499_7167083897602179072_n.jpg?resize=300%2C104&amp;ssl=1 300w, https:\/\/i0.wp.com\/jrfortin.com\/jrf\/wp-content\/uploads\/2020\/09\/72192559_800887500358499_7167083897602179072_n.jpg?resize=150%2C52&amp;ssl=1 150w\" sizes=\"auto, (max-width: 750px) 100vw, 750px\" \/>Sur l\u2019axe de gauche, vous verrez le hertz et sur l\u2019axe du bas vous verrez l\u2019heure en UTC +7.<\/p>\n<p style=\"text-align: justify;\">L\u2019axe sup\u00e9rieur indique la date. Le vert montre ce que je suppose \u00eatre des impulsions normales de fr\u00e9quence \u00e9lectromagn\u00e9tique. Il a \u00e9t\u00e9 d\u00e9montr\u00e9 qu\u2019un \u00ab white out \u00bb (blanchissement) est en corr\u00e9lation avec des milliers de personnes qui peuvent sentir les fluctuations avec leur corps physique.<\/p>\n<p style=\"text-align: justify;\">Plus la bande du blanc est large, plus la vague est longue et constante. Celle montr\u00e9e ici \u00e9tait grande, commen\u00e7ant vers 18\u00a0h le 8 novembre 2018 et s\u2019\u00e9talant sur plusieurs heures.<\/p>\n<p style=\"text-align: justify;\">On dirait que les pointes \u00e9taient \u00e0 environ 24 hertz. En passant, \u00e0 ce moment-l\u00e0, je me sentais extr\u00eamement somnolent et ma vue commen\u00e7ait \u00e0 se troubler jusqu\u2019\u00e0 ce que je ne puisse plus lire tr\u00e8s bien sur l\u2019ordinateur.<\/p>\n<p style=\"text-align: justify;\"><strong>La fr\u00e9quence signifie combien de cycles d\u2019ondes se produisent en une seconde.<\/strong><\/p>\n<p style=\"text-align: justify;\">1\u00a0Hz signifie 1 cycle par seconde, 40\u00a0Hz signifie 40 cycles par seconde.<\/p>\n<p style=\"text-align: justify;\">L\u2019amplitude est la taille de la vibration, la taille de l\u2019onde, et le graphique montre la variation de fr\u00e9quence en Hz et l\u2019amplitude en utilisant la couleur blanche.<\/p>\n<p style=\"text-align: justify;\">On peut en d\u00e9duire logiquement que de grandes salves de couleur blanche dans les fr\u00e9quences \u00e9lectromagn\u00e9tiques et pendant de longues p\u00e9riodes de temps vont affecter notre corps physique ! Ces pics de fr\u00e9quence \u00e9nerg\u00e9tique aident l\u2019humanit\u00e9 \u00e0 se r\u00e9veiller du charme\/confort qu\u2019une basse fr\u00e9quence peut exercer sur une personne bloqu\u00e9e dedans.<\/p>\n<p style=\"text-align: justify;\">Nous pouvons tous nous souvenir d\u2019une \u00e9poque de notre vie o\u00f9 nous nous sommes trouv\u00e9s hypnotis\u00e9s par le divertissement ou m\u00eame par l\u2019esclavage dans un travail que nous d\u00e9testions parce que nous avions besoin d\u2019argent pour survivre.<\/p>\n<p style=\"text-align: justify;\">Beaucoup de gens, y compris bien s\u00fbr ceux qui lisent cet article, se sont rendu compte qu\u2019il y a vraiment quelque chose qui ne va pas avec ce qui se passe sur la plan\u00e8te \u00e0 l\u2019heure actuelle.<\/p>\n<p style=\"text-align: justify;\">Ce sont ces personnes qui sont affect\u00e9es par des vagues d\u2019\u00e9nergie ou de vibrations, de lumi\u00e8re et de sons qui les aideront \u00e0 se lib\u00e9rer du chaos et du malheur dans lesquels elles peuvent se trouver. Au niveau de la \u00ab Matrice \u00bb, il y a 1% des gens sur cette plan\u00e8te qui voudraient contr\u00f4ler les 99% des gens sur la plan\u00e8te.<\/p>\n<p style=\"text-align: justify;\">Ils n\u2019ont pas la conscience ou la capacit\u00e9 de se d\u00e9placer \u00e0 travers ces changements de fr\u00e9quence comme quelqu\u2019un qui est \u00e9veill\u00e9, conscient, et qui a fait un choix conscient de ne pas \u00eatre sous contr\u00f4le du syst\u00e8me.<\/p>\n<p style=\"text-align: justify;\">\u00c9ventuellement, ceux qui \u00e9l\u00e8vent leur fr\u00e9quence corporelle physique \u00e0 un niveau de conscience plus \u00e9lev\u00e9 seront capables de d\u00e9jouer, d\u2019\u00e9clipser et de surpasser ceux qui souhaitent les contr\u00f4ler \u00e0 plusieurs niveaux.<\/p>\n<p style=\"text-align: justify;\">De nouvelles compr\u00e9hensions, de nouvelles capacit\u00e9s et des connexions dimensionnelles plus \u00e9lev\u00e9es appara\u00eetront chez les individus qui sont capables de s\u2019adapter.<\/p>\n<p style=\"text-align: justify;\">Alors que la fr\u00e9quence continue \u00e0 exploser, se reposer, puis exploser, nous sommes lentement (mais r\u00e9cemment \u00e0 un rythme acc\u00e9l\u00e9r\u00e9) en train de \u00ab connecter \u00bb le physique \u00e0 des dimensions, des densit\u00e9s et des consciences sup\u00e9rieures qui sont au-del\u00e0 de ceux qui ont contr\u00f4l\u00e9 les humains pendant tr\u00e8s longtemps sur la plan\u00e8te.<\/p>\n<p style=\"text-align: justify;\"><strong>Les changements de fr\u00e9quence<\/strong> aident les gens \u00e0 s\u2019\u00e9veiller<strong>.<\/strong><\/p>\n<p style=\"text-align: justify;\">Cet article est une explication simplifi\u00e9e de la fluctuation de la r\u00e9sonance Schumann montrant une corr\u00e9lation avec la fa\u00e7on dont le corps humain a v\u00e9cu cela tout en examinant la preuve scientifique en augmentation de fr\u00e9quence \u00e0 travers des graphiques diffus\u00e9s sur le site russe.<\/p>\n<p style=\"text-align: justify;\">Il vise \u00e0 att\u00e9nuer la peur du changement \/ des changements qui se produisent en fournissant des conclusions logiques. Il n\u2019a pas pour but d\u2019emp\u00eacher quiconque d\u2019obtenir des soins m\u00e9dicaux ni d\u2019expliquer en d\u00e9tail les raisons de cette situation et d\u2019o\u00f9 viennent les vagues d\u2019\u00e9nergie.<\/p>\n<p style=\"text-align: justify;\">Utilisez votre propre discernement et faites vos propres recherches pour mieux comprendre ce ph\u00e9nom\u00e8ne, et partagez vos exp\u00e9riences\u2026<\/p>\n<p style=\"text-align: justify;\"><strong>L\u2019acc\u00e9l\u00e9ration vibratoire\u2026 entra\u00eene des \u00e9cr\u00e9mages\u2026 selon les capacit\u00e9s des consciences \u00e0 s\u2019abandonner, \u00e0 vivre, \u00e0 int\u00e9grer \u00e0 diff\u00e9rents niveaux l\u2019intensit\u00e9 de la lumi\u00e8re\u2026<\/strong><\/p>\n<p style=\"text-align: justify;\">Quand l\u2019intensit\u00e9 \u00e9nerg\u00e9tique augmente\u2026 l\u2019\u00e9cr\u00e9mage\u2026 ce processus naturel, qui conduit les consciences \u00e0 s\u2019installer \u00e0 diff\u00e9rents niveaux vibratoires\u2026 sur diff\u00e9rents paliers&#8230; \u00e0 diff\u00e9rents \u00e9tages\u2026<\/p>\n<p style=\"text-align: justify;\">Cela d\u00e9finit l\u2019emplacement de la conscience, ainsi que les devenirs, la destin\u00e9e, qui en fait est issue de nous-m\u00eames\u2026 une acc\u00e9l\u00e9ration vibratoire entra\u00eene des \u00e9cr\u00e9mages. \u00c7a commence par une petite acc\u00e9l\u00e9ration (qui en fait est une mont\u00e9e vibratoire) qui s\u2019accentue progressivement.<\/p>\n<p style=\"text-align: justify;\">Ceux qui poss\u00e8dent encore en eux des visages de fermetures s\u2019arr\u00eatent \u00e0 certains niveaux, car ils sont trop lourds pour continuer la progression.<\/p>\n<p style=\"text-align: justify;\">Cela produit des modifications physiologie biologique cellulaire. C\u2019est INTENSE, transcendant, ph\u00e9nom\u00e9nal, Christique\u2026 C\u2019est une mutation\u2026 et donc pour \u00eatre franc et direct, si <strong>la cellule vibre trop bas<\/strong>, vu l\u2019intensit\u00e9 du rayonnement cosmique, vu l\u2019intensit\u00e9 nouvelle de la fr\u00e9quence harmonique de la terre, cela produit des \u00e9cr\u00e9mages.<\/p>\n<\/div>\n<div class=\"rq0escxv l9j0dhe7 du4w35lb j83agx80 cbu4d94t d8ncny3e buofh1pr g5gj957u tgvbjcpo\" style=\"text-align: justify;\">\n<div class=\"rq0escxv l9j0dhe7 du4w35lb j83agx80 cbu4d94t buofh1pr tgvbjcpo\">\n<div class=\"rq0escxv l9j0dhe7 du4w35lb j83agx80 cbu4d94t d2edcug0 bp9cbjyn taijpn5t\">\n<div>\n<div class=\"pwh3vvf2 c9zspvje\" style=\"text-align: justify;\">\n<hr \/>\n<p><span class=\"oi732d6d ik7dh3pa d2edcug0 hpfvmrgz qv66sw1b c1et5uql a8c37x1j s89635nw ew0dbk1b a5q79mjw g1cxx5fr knj5qynh oo9gr5id\" dir=\"auto\">3D = \u00e9tat de conscience ALPHA de 7,8 \u00c0 10 HERTZ <\/span><\/p>\n<p><span class=\"oi732d6d ik7dh3pa d2edcug0 hpfvmrgz qv66sw1b c1et5uql a8c37x1j s89635nw ew0dbk1b a5q79mjw g1cxx5fr knj5qynh oo9gr5id\" dir=\"auto\">4D = \u00e9tat de conscience BETA de 12-30 Hz <\/span><\/p>\n<p><span class=\"oi732d6d ik7dh3pa d2edcug0 hpfvmrgz qv66sw1b c1et5uql a8c37x1j s89635nw ew0dbk1b a5q79mjw g1cxx5fr knj5qynh oo9gr5id\" dir=\"auto\">5D = \u00e9tat de conscience GAMMA r\u00e9sonance des fr\u00e9quences de 40 \u00c0 100 Hz.<\/span><\/p>\n<\/div>\n<\/div>\n<\/div>\n<\/div>\n<\/div>\n<div>\n<div id=\"Signature\">\n<div>\n<hr \/>\n<p class=\"ecxMsoNormal\" style=\"text-align: right;\"><em>Merci France pour le partage&#8230;<\/em><\/p>\n<\/div>\n<\/div>\n<\/div>\n","protected":false},"excerpt":{"rendered":"<p>La R\u00e9sonance de Schuman atteint un Pic Record de 1\u2026<\/p>\n<p> <a class=\"continue-reading-link\" href=\"https:\/\/jrfortin.com\/jrf\/blog\/resonance-schumann\/\"><span>continuez la lecture<\/span><i class=\"crycon-right-dir\"><\/i><\/a> <\/p>\n","protected":false},"author":1,"featured_media":17687,"comment_status":"open","ping_status":"open","sticky":false,"template":"","format":"gallery","meta":{"_jetpack_memberships_contains_paid_content":false,"footnotes":""},"categories":[315],"tags":[],"class_list":["post-14331","post","type-post","status-publish","format-gallery","has-post-thumbnail","hentry","category-sciences","post_format-post-format-gallery"],"yoast_head":"<!-- This site is optimized with the Yoast SEO plugin v26.7 - https:\/\/yoast.com\/wordpress\/plugins\/seo\/ -->\n<title>Les effets sur les humains de l&#039;augmentation de la r\u00e9sonance de Schumann - *** MISE \u00c0 JOUR au : - Dojo du Nouveau Monde<\/title>\n<meta name=\"robots\" content=\"index, follow, max-snippet:-1, max-image-preview:large, max-video-preview:-1\" \/>\n<link rel=\"canonical\" href=\"https:\/\/jrfortin.com\/jrf\/blog\/resonance-schumann\/\" \/>\n<meta property=\"og:locale\" content=\"fr_FR\" \/>\n<meta property=\"og:type\" content=\"article\" \/>\n<meta property=\"og:title\" content=\"Les effets sur les humains de l&#039;augmentation de la r\u00e9sonance de Schumann - *** MISE \u00c0 JOUR au : - Dojo du Nouveau Monde\" \/>\n<meta property=\"og:description\" content=\"La R\u00e9sonance de Schuman atteint un Pic Record de 1\u2026 continuez la lecture\" \/>\n<meta property=\"og:url\" content=\"https:\/\/jrfortin.com\/jrf\/blog\/resonance-schumann\/\" \/>\n<meta property=\"og:site_name\" content=\"Dojo du Nouveau Monde\" \/>\n<meta property=\"article:published_time\" content=\"2023-02-11T13:00:23+00:00\" \/>\n<meta property=\"article:modified_time\" content=\"2023-07-02T18:10:18+00:00\" \/>\n<meta property=\"og:image\" content=\"https:\/\/i0.wp.com\/jrfortin.com\/jrf\/wp-content\/uploads\/2020\/09\/288678686_10158291160632723_3352183193900216414_n.jpg?fit=821%2C534&ssl=1\" \/>\n\t<meta property=\"og:image:width\" content=\"821\" \/>\n\t<meta property=\"og:image:height\" content=\"534\" \/>\n\t<meta property=\"og:image:type\" content=\"image\/jpeg\" \/>\n<meta name=\"author\" content=\"Shihan Jean-Rock Fortin, M.A.\" \/>\n<meta name=\"twitter:card\" content=\"summary_large_image\" \/>\n<meta name=\"twitter:creator\" content=\"@fortin_rock\" \/>\n<meta name=\"twitter:site\" content=\"@fortin_rock\" \/>\n<meta name=\"twitter:label1\" content=\"\u00c9crit par\" \/>\n\t<meta name=\"twitter:data1\" content=\"Shihan Jean-Rock Fortin, M.A.\" \/>\n\t<meta name=\"twitter:label2\" content=\"Dur\u00e9e de lecture estim\u00e9e\" \/>\n\t<meta name=\"twitter:data2\" content=\"15 minutes\" \/>\n<script type=\"application\/ld+json\" class=\"yoast-schema-graph\">{\"@context\":\"https:\/\/schema.org\",\"@graph\":[{\"@type\":\"Article\",\"@id\":\"https:\/\/jrfortin.com\/jrf\/blog\/resonance-schumann\/#article\",\"isPartOf\":{\"@id\":\"https:\/\/jrfortin.com\/jrf\/blog\/resonance-schumann\/\"},\"author\":{\"name\":\"Shihan Jean-Rock Fortin, M.A.\",\"@id\":\"https:\/\/jrfortin.com\/jrf\/#\/schema\/person\/420b013ae3febafe8d99a66adee55de9\"},\"headline\":\"Les effets sur les humains de l&rsquo;augmentation de la r\u00e9sonance de Schumann &#8211; *** MISE \u00c0 JOUR au :\",\"datePublished\":\"2023-02-11T13:00:23+00:00\",\"dateModified\":\"2023-07-02T18:10:18+00:00\",\"mainEntityOfPage\":{\"@id\":\"https:\/\/jrfortin.com\/jrf\/blog\/resonance-schumann\/\"},\"wordCount\":3012,\"commentCount\":15,\"publisher\":{\"@id\":\"https:\/\/jrfortin.com\/jrf\/#\/schema\/person\/420b013ae3febafe8d99a66adee55de9\"},\"image\":{\"@id\":\"https:\/\/jrfortin.com\/jrf\/blog\/resonance-schumann\/#primaryimage\"},\"thumbnailUrl\":\"https:\/\/i0.wp.com\/jrfortin.com\/jrf\/wp-content\/uploads\/2020\/09\/288678686_10158291160632723_3352183193900216414_n.jpg?fit=821%2C534&ssl=1\",\"articleSection\":[\"Sciences\"],\"inLanguage\":\"fr-FR\",\"potentialAction\":[{\"@type\":\"CommentAction\",\"name\":\"Comment\",\"target\":[\"https:\/\/jrfortin.com\/jrf\/blog\/resonance-schumann\/#respond\"]}]},{\"@type\":\"WebPage\",\"@id\":\"https:\/\/jrfortin.com\/jrf\/blog\/resonance-schumann\/\",\"url\":\"https:\/\/jrfortin.com\/jrf\/blog\/resonance-schumann\/\",\"name\":\"Les effets sur les humains de l'augmentation de la r\u00e9sonance de Schumann - *** MISE \u00c0 JOUR au : - Dojo du Nouveau Monde\",\"isPartOf\":{\"@id\":\"https:\/\/jrfortin.com\/jrf\/#website\"},\"primaryImageOfPage\":{\"@id\":\"https:\/\/jrfortin.com\/jrf\/blog\/resonance-schumann\/#primaryimage\"},\"image\":{\"@id\":\"https:\/\/jrfortin.com\/jrf\/blog\/resonance-schumann\/#primaryimage\"},\"thumbnailUrl\":\"https:\/\/i0.wp.com\/jrfortin.com\/jrf\/wp-content\/uploads\/2020\/09\/288678686_10158291160632723_3352183193900216414_n.jpg?fit=821%2C534&ssl=1\",\"datePublished\":\"2023-02-11T13:00:23+00:00\",\"dateModified\":\"2023-07-02T18:10:18+00:00\",\"breadcrumb\":{\"@id\":\"https:\/\/jrfortin.com\/jrf\/blog\/resonance-schumann\/#breadcrumb\"},\"inLanguage\":\"fr-FR\",\"potentialAction\":[{\"@type\":\"ReadAction\",\"target\":[\"https:\/\/jrfortin.com\/jrf\/blog\/resonance-schumann\/\"]}]},{\"@type\":\"ImageObject\",\"inLanguage\":\"fr-FR\",\"@id\":\"https:\/\/jrfortin.com\/jrf\/blog\/resonance-schumann\/#primaryimage\",\"url\":\"https:\/\/i0.wp.com\/jrfortin.com\/jrf\/wp-content\/uploads\/2020\/09\/288678686_10158291160632723_3352183193900216414_n.jpg?fit=821%2C534&ssl=1\",\"contentUrl\":\"https:\/\/i0.wp.com\/jrfortin.com\/jrf\/wp-content\/uploads\/2020\/09\/288678686_10158291160632723_3352183193900216414_n.jpg?fit=821%2C534&ssl=1\",\"width\":821,\"height\":534},{\"@type\":\"BreadcrumbList\",\"@id\":\"https:\/\/jrfortin.com\/jrf\/blog\/resonance-schumann\/#breadcrumb\",\"itemListElement\":[{\"@type\":\"ListItem\",\"position\":1,\"name\":\"Accueil\",\"item\":\"https:\/\/jrfortin.com\/jrf\/\"},{\"@type\":\"ListItem\",\"position\":2,\"name\":\"Les effets sur les humains de l&#8217;augmentation de la r\u00e9sonance de Schumann &#8211; *** MISE \u00c0 JOUR au :\"}]},{\"@type\":\"WebSite\",\"@id\":\"https:\/\/jrfortin.com\/jrf\/#website\",\"url\":\"https:\/\/jrfortin.com\/jrf\/\",\"name\":\"Dojo du Nouveau Monde\",\"description\":\"R\u00e9seau de Shihan Jean-Rock Fortin\",\"publisher\":{\"@id\":\"https:\/\/jrfortin.com\/jrf\/#\/schema\/person\/420b013ae3febafe8d99a66adee55de9\"},\"potentialAction\":[{\"@type\":\"SearchAction\",\"target\":{\"@type\":\"EntryPoint\",\"urlTemplate\":\"https:\/\/jrfortin.com\/jrf\/?s={search_term_string}\"},\"query-input\":{\"@type\":\"PropertyValueSpecification\",\"valueRequired\":true,\"valueName\":\"search_term_string\"}}],\"inLanguage\":\"fr-FR\"},{\"@type\":[\"Person\",\"Organization\"],\"@id\":\"https:\/\/jrfortin.com\/jrf\/#\/schema\/person\/420b013ae3febafe8d99a66adee55de9\",\"name\":\"Shihan Jean-Rock Fortin, M.A.\",\"image\":{\"@type\":\"ImageObject\",\"inLanguage\":\"fr-FR\",\"@id\":\"https:\/\/jrfortin.com\/jrf\/#\/schema\/person\/image\/\",\"url\":\"https:\/\/i2.wp.com\/jrfortin.com\/jrf\/wp-content\/uploads\/2020\/07\/ki-le-chemin.jpg?fit=600%2C848&ssl=1\",\"contentUrl\":\"https:\/\/i2.wp.com\/jrfortin.com\/jrf\/wp-content\/uploads\/2020\/07\/ki-le-chemin.jpg?fit=600%2C848&ssl=1\",\"width\":600,\"height\":848,\"caption\":\"Shihan Jean-Rock Fortin, M.A.\"},\"logo\":{\"@id\":\"https:\/\/jrfortin.com\/jrf\/#\/schema\/person\/image\/\"},\"description\":\"Globetrotteur par affaires et pour le plaisir, et Orientaliste, je suis instructeur d'arts martiaux (maitre-enseignant de Ki-A\u00efkido [Shihan] &amp; Dim-Mak), Fondateur du Dojo du Nouveau Monde (2010), \\\"S\u00e9ancier\\\" de Kiatsu, M\u00e9tatronicien, Radiesth\u00e9siste, Coutelier d'art, Conf\u00e9rencier et Auteur du livre \\\"Ki - Le Chemin de l'\u00c9veil\\\" (2018). Je suis \u00e9galement Consultant strat\u00e9gique en \u00e9volution et prosp\u00e9rit\u00e9 des personnes et des organisations.\",\"sameAs\":[\"http:\/\/www.jrfortin.com\"],\"url\":\"https:\/\/jrfortin.com\/jrf\/blog\/author\/jean-rock\/\"}]}<\/script>\n<!-- \/ Yoast SEO plugin. -->","yoast_head_json":{"title":"Les effets sur les humains de l'augmentation de la r\u00e9sonance de Schumann - *** MISE \u00c0 JOUR au : - Dojo du Nouveau Monde","robots":{"index":"index","follow":"follow","max-snippet":"max-snippet:-1","max-image-preview":"max-image-preview:large","max-video-preview":"max-video-preview:-1"},"canonical":"https:\/\/jrfortin.com\/jrf\/blog\/resonance-schumann\/","og_locale":"fr_FR","og_type":"article","og_title":"Les effets sur les humains de l'augmentation de la r\u00e9sonance de Schumann - *** MISE \u00c0 JOUR au : - Dojo du Nouveau Monde","og_description":"La R\u00e9sonance de Schuman atteint un Pic Record de 1\u2026 continuez la lecture","og_url":"https:\/\/jrfortin.com\/jrf\/blog\/resonance-schumann\/","og_site_name":"Dojo du Nouveau Monde","article_published_time":"2023-02-11T13:00:23+00:00","article_modified_time":"2023-07-02T18:10:18+00:00","og_image":[{"width":821,"height":534,"url":"https:\/\/i0.wp.com\/jrfortin.com\/jrf\/wp-content\/uploads\/2020\/09\/288678686_10158291160632723_3352183193900216414_n.jpg?fit=821%2C534&ssl=1","type":"image\/jpeg"}],"author":"Shihan Jean-Rock Fortin, M.A.","twitter_card":"summary_large_image","twitter_creator":"@fortin_rock","twitter_site":"@fortin_rock","twitter_misc":{"\u00c9crit par":"Shihan Jean-Rock Fortin, M.A.","Dur\u00e9e de lecture estim\u00e9e":"15 minutes"},"schema":{"@context":"https:\/\/schema.org","@graph":[{"@type":"Article","@id":"https:\/\/jrfortin.com\/jrf\/blog\/resonance-schumann\/#article","isPartOf":{"@id":"https:\/\/jrfortin.com\/jrf\/blog\/resonance-schumann\/"},"author":{"name":"Shihan Jean-Rock Fortin, M.A.","@id":"https:\/\/jrfortin.com\/jrf\/#\/schema\/person\/420b013ae3febafe8d99a66adee55de9"},"headline":"Les effets sur les humains de l&rsquo;augmentation de la r\u00e9sonance de Schumann &#8211; *** MISE \u00c0 JOUR au :","datePublished":"2023-02-11T13:00:23+00:00","dateModified":"2023-07-02T18:10:18+00:00","mainEntityOfPage":{"@id":"https:\/\/jrfortin.com\/jrf\/blog\/resonance-schumann\/"},"wordCount":3012,"commentCount":15,"publisher":{"@id":"https:\/\/jrfortin.com\/jrf\/#\/schema\/person\/420b013ae3febafe8d99a66adee55de9"},"image":{"@id":"https:\/\/jrfortin.com\/jrf\/blog\/resonance-schumann\/#primaryimage"},"thumbnailUrl":"https:\/\/i0.wp.com\/jrfortin.com\/jrf\/wp-content\/uploads\/2020\/09\/288678686_10158291160632723_3352183193900216414_n.jpg?fit=821%2C534&ssl=1","articleSection":["Sciences"],"inLanguage":"fr-FR","potentialAction":[{"@type":"CommentAction","name":"Comment","target":["https:\/\/jrfortin.com\/jrf\/blog\/resonance-schumann\/#respond"]}]},{"@type":"WebPage","@id":"https:\/\/jrfortin.com\/jrf\/blog\/resonance-schumann\/","url":"https:\/\/jrfortin.com\/jrf\/blog\/resonance-schumann\/","name":"Les effets sur les humains de l'augmentation de la r\u00e9sonance de Schumann - *** MISE \u00c0 JOUR au : - Dojo du Nouveau Monde","isPartOf":{"@id":"https:\/\/jrfortin.com\/jrf\/#website"},"primaryImageOfPage":{"@id":"https:\/\/jrfortin.com\/jrf\/blog\/resonance-schumann\/#primaryimage"},"image":{"@id":"https:\/\/jrfortin.com\/jrf\/blog\/resonance-schumann\/#primaryimage"},"thumbnailUrl":"https:\/\/i0.wp.com\/jrfortin.com\/jrf\/wp-content\/uploads\/2020\/09\/288678686_10158291160632723_3352183193900216414_n.jpg?fit=821%2C534&ssl=1","datePublished":"2023-02-11T13:00:23+00:00","dateModified":"2023-07-02T18:10:18+00:00","breadcrumb":{"@id":"https:\/\/jrfortin.com\/jrf\/blog\/resonance-schumann\/#breadcrumb"},"inLanguage":"fr-FR","potentialAction":[{"@type":"ReadAction","target":["https:\/\/jrfortin.com\/jrf\/blog\/resonance-schumann\/"]}]},{"@type":"ImageObject","inLanguage":"fr-FR","@id":"https:\/\/jrfortin.com\/jrf\/blog\/resonance-schumann\/#primaryimage","url":"https:\/\/i0.wp.com\/jrfortin.com\/jrf\/wp-content\/uploads\/2020\/09\/288678686_10158291160632723_3352183193900216414_n.jpg?fit=821%2C534&ssl=1","contentUrl":"https:\/\/i0.wp.com\/jrfortin.com\/jrf\/wp-content\/uploads\/2020\/09\/288678686_10158291160632723_3352183193900216414_n.jpg?fit=821%2C534&ssl=1","width":821,"height":534},{"@type":"BreadcrumbList","@id":"https:\/\/jrfortin.com\/jrf\/blog\/resonance-schumann\/#breadcrumb","itemListElement":[{"@type":"ListItem","position":1,"name":"Accueil","item":"https:\/\/jrfortin.com\/jrf\/"},{"@type":"ListItem","position":2,"name":"Les effets sur les humains de l&#8217;augmentation de la r\u00e9sonance de Schumann &#8211; *** MISE \u00c0 JOUR au :"}]},{"@type":"WebSite","@id":"https:\/\/jrfortin.com\/jrf\/#website","url":"https:\/\/jrfortin.com\/jrf\/","name":"Dojo du Nouveau Monde","description":"R\u00e9seau de Shihan Jean-Rock Fortin","publisher":{"@id":"https:\/\/jrfortin.com\/jrf\/#\/schema\/person\/420b013ae3febafe8d99a66adee55de9"},"potentialAction":[{"@type":"SearchAction","target":{"@type":"EntryPoint","urlTemplate":"https:\/\/jrfortin.com\/jrf\/?s={search_term_string}"},"query-input":{"@type":"PropertyValueSpecification","valueRequired":true,"valueName":"search_term_string"}}],"inLanguage":"fr-FR"},{"@type":["Person","Organization"],"@id":"https:\/\/jrfortin.com\/jrf\/#\/schema\/person\/420b013ae3febafe8d99a66adee55de9","name":"Shihan Jean-Rock Fortin, M.A.","image":{"@type":"ImageObject","inLanguage":"fr-FR","@id":"https:\/\/jrfortin.com\/jrf\/#\/schema\/person\/image\/","url":"https:\/\/i2.wp.com\/jrfortin.com\/jrf\/wp-content\/uploads\/2020\/07\/ki-le-chemin.jpg?fit=600%2C848&ssl=1","contentUrl":"https:\/\/i2.wp.com\/jrfortin.com\/jrf\/wp-content\/uploads\/2020\/07\/ki-le-chemin.jpg?fit=600%2C848&ssl=1","width":600,"height":848,"caption":"Shihan Jean-Rock Fortin, M.A."},"logo":{"@id":"https:\/\/jrfortin.com\/jrf\/#\/schema\/person\/image\/"},"description":"Globetrotteur par affaires et pour le plaisir, et Orientaliste, je suis instructeur d'arts martiaux (maitre-enseignant de Ki-A\u00efkido [Shihan] &amp; Dim-Mak), Fondateur du Dojo du Nouveau Monde (2010), \"S\u00e9ancier\" de Kiatsu, M\u00e9tatronicien, Radiesth\u00e9siste, Coutelier d'art, Conf\u00e9rencier et Auteur du livre \"Ki - Le Chemin de l'\u00c9veil\" (2018). Je suis \u00e9galement Consultant strat\u00e9gique en \u00e9volution et prosp\u00e9rit\u00e9 des personnes et des organisations.","sameAs":["http:\/\/www.jrfortin.com"],"url":"https:\/\/jrfortin.com\/jrf\/blog\/author\/jean-rock\/"}]}},"jetpack_featured_media_url":"https:\/\/i0.wp.com\/jrfortin.com\/jrf\/wp-content\/uploads\/2020\/09\/288678686_10158291160632723_3352183193900216414_n.jpg?fit=821%2C534&ssl=1","jetpack_sharing_enabled":true,"_links":{"self":[{"href":"https:\/\/jrfortin.com\/jrf\/wp-json\/wp\/v2\/posts\/14331","targetHints":{"allow":["GET"]}}],"collection":[{"href":"https:\/\/jrfortin.com\/jrf\/wp-json\/wp\/v2\/posts"}],"about":[{"href":"https:\/\/jrfortin.com\/jrf\/wp-json\/wp\/v2\/types\/post"}],"author":[{"embeddable":true,"href":"https:\/\/jrfortin.com\/jrf\/wp-json\/wp\/v2\/users\/1"}],"replies":[{"embeddable":true,"href":"https:\/\/jrfortin.com\/jrf\/wp-json\/wp\/v2\/comments?post=14331"}],"version-history":[{"count":2,"href":"https:\/\/jrfortin.com\/jrf\/wp-json\/wp\/v2\/posts\/14331\/revisions"}],"predecessor-version":[{"id":19147,"href":"https:\/\/jrfortin.com\/jrf\/wp-json\/wp\/v2\/posts\/14331\/revisions\/19147"}],"wp:featuredmedia":[{"embeddable":true,"href":"https:\/\/jrfortin.com\/jrf\/wp-json\/wp\/v2\/media\/17687"}],"wp:attachment":[{"href":"https:\/\/jrfortin.com\/jrf\/wp-json\/wp\/v2\/media?parent=14331"}],"wp:term":[{"taxonomy":"category","embeddable":true,"href":"https:\/\/jrfortin.com\/jrf\/wp-json\/wp\/v2\/categories?post=14331"},{"taxonomy":"post_tag","embeddable":true,"href":"https:\/\/jrfortin.com\/jrf\/wp-json\/wp\/v2\/tags?post=14331"}],"curies":[{"name":"wp","href":"https:\/\/api.w.org\/{rel}","templated":true}]}}