{"id":15087,"date":"2021-07-28T13:55:36","date_gmt":"2021-07-28T17:55:36","guid":{"rendered":"https:\/\/jrfortin.com\/jrf\/?p=15087"},"modified":"2021-07-29T09:33:21","modified_gmt":"2021-07-29T13:33:21","slug":"declaration-des-libertes-humaines","status":"publish","type":"post","link":"https:\/\/jrfortin.com\/jrf\/blog\/declaration-des-libertes-humaines\/","title":{"rendered":"D\u00e9clarations de souverainet\u00e9 spirituelle et des Libert\u00e9s Humaines : La libert\u00e9 est un droit Divin"},"content":{"rendered":"<p style=\"text-align: justify;\"><em><strong><img data-recalc-dims=\"1\" loading=\"lazy\" decoding=\"async\" data-attachment-id=\"15088\" data-permalink=\"https:\/\/jrfortin.com\/jrf\/blog\/declaration-des-libertes-humaines\/flying-eagle\/\" data-orig-file=\"https:\/\/i0.wp.com\/jrfortin.com\/jrf\/wp-content\/uploads\/2020\/12\/freedom-scaled.jpg?fit=2560%2C1913&amp;ssl=1\" data-orig-size=\"2560,1913\" data-comments-opened=\"1\" data-image-meta=\"{&quot;aperture&quot;:&quot;0&quot;,&quot;credit&quot;:&quot;Oliver Lenz Fotodesign&quot;,&quot;camera&quot;:&quot;&quot;,&quot;caption&quot;:&quot;Flying Eagle&quot;,&quot;created_timestamp&quot;:&quot;964220400&quot;,&quot;copyright&quot;:&quot;(c) Riedochse | Dreamstime.com&quot;,&quot;focal_length&quot;:&quot;0&quot;,&quot;iso&quot;:&quot;0&quot;,&quot;shutter_speed&quot;:&quot;0&quot;,&quot;title&quot;:&quot;Flying Eagle&quot;,&quot;orientation&quot;:&quot;0&quot;}\" data-image-title=\"Flying Eagle\" data-image-description=\"\" data-image-caption=\"&lt;p&gt;Flying Eagle&lt;\/p&gt;\n\" data-medium-file=\"https:\/\/i0.wp.com\/jrfortin.com\/jrf\/wp-content\/uploads\/2020\/12\/freedom-scaled.jpg?fit=300%2C224&amp;ssl=1\" data-large-file=\"https:\/\/i0.wp.com\/jrfortin.com\/jrf\/wp-content\/uploads\/2020\/12\/freedom-scaled.jpg?fit=830%2C620&amp;ssl=1\" class=\"size-full wp-image-15088 aligncenter\" src=\"https:\/\/i0.wp.com\/jrfortin.com\/jrf\/wp-content\/uploads\/2020\/12\/freedom-scaled.jpg?resize=830%2C620&#038;ssl=1\" alt=\"\" width=\"830\" height=\"620\" srcset=\"https:\/\/i0.wp.com\/jrfortin.com\/jrf\/wp-content\/uploads\/2020\/12\/freedom-scaled.jpg?w=2560&amp;ssl=1 2560w, https:\/\/i0.wp.com\/jrfortin.com\/jrf\/wp-content\/uploads\/2020\/12\/freedom-scaled.jpg?resize=300%2C224&amp;ssl=1 300w, https:\/\/i0.wp.com\/jrfortin.com\/jrf\/wp-content\/uploads\/2020\/12\/freedom-scaled.jpg?resize=1024%2C765&amp;ssl=1 1024w, https:\/\/i0.wp.com\/jrfortin.com\/jrf\/wp-content\/uploads\/2020\/12\/freedom-scaled.jpg?resize=768%2C574&amp;ssl=1 768w, https:\/\/i0.wp.com\/jrfortin.com\/jrf\/wp-content\/uploads\/2020\/12\/freedom-scaled.jpg?resize=1536%2C1148&amp;ssl=1 1536w, https:\/\/i0.wp.com\/jrfortin.com\/jrf\/wp-content\/uploads\/2020\/12\/freedom-scaled.jpg?resize=2048%2C1530&amp;ssl=1 2048w, https:\/\/i0.wp.com\/jrfortin.com\/jrf\/wp-content\/uploads\/2020\/12\/freedom-scaled.jpg?resize=150%2C112&amp;ssl=1 150w, https:\/\/i0.wp.com\/jrfortin.com\/jrf\/wp-content\/uploads\/2020\/12\/freedom-scaled.jpg?resize=1320%2C986&amp;ssl=1 1320w, https:\/\/i0.wp.com\/jrfortin.com\/jrf\/wp-content\/uploads\/2020\/12\/freedom-scaled.jpg?resize=24%2C18&amp;ssl=1 24w, https:\/\/i0.wp.com\/jrfortin.com\/jrf\/wp-content\/uploads\/2020\/12\/freedom-scaled.jpg?resize=36%2C27&amp;ssl=1 36w, https:\/\/i0.wp.com\/jrfortin.com\/jrf\/wp-content\/uploads\/2020\/12\/freedom-scaled.jpg?resize=48%2C36&amp;ssl=1 48w, https:\/\/i0.wp.com\/jrfortin.com\/jrf\/wp-content\/uploads\/2020\/12\/freedom-scaled.jpg?w=1660&amp;ssl=1 1660w, https:\/\/i0.wp.com\/jrfortin.com\/jrf\/wp-content\/uploads\/2020\/12\/freedom-scaled.jpg?w=2490&amp;ssl=1 2490w\" sizes=\"auto, (max-width: 830px) 100vw, 830px\" \/><\/strong><\/em><\/p>\n<h3 style=\"text-align: center;\"><strong>La libert\u00e9 est un droit Divin<\/strong><\/h3>\n<p style=\"text-align: justify;\">La libert\u00e9 et l&rsquo;exercice du libre arbitre sont des droits d&rsquo;ordre divin qui nous sont livr\u00e9s \u00e0 notre naissance. Aucune loi humaine ni personne ne peut r\u00e9voquer ces droits de quelconque fa\u00e7on. Si vous assumez pleinement votre souverainet\u00e9 int\u00e9rieure, alors vous assumez votre divinit\u00e9 et d\u00e8s lors vous \u00eates libres d&rsquo;exercer votre pouvoir, d&rsquo;\u00eatre et d&rsquo;agir sans contrainte d&rsquo;aucune sorte.<\/p>\n<p style=\"text-align: right;\"><em>Jean-Rock Fortin<\/em><\/p>\n<hr \/>\n<h3 style=\"text-align: center;\"><strong>D\u00e9claration de Souverainet\u00e9 spirituelle<\/strong><\/h3>\n<p style=\"text-align: center;\">Je suis un \u00eatre libre et Souverain.<br \/>\nLes seules lois auxquelles j&rsquo;ob\u00e9is sont celle de l&rsquo;Univers.<br \/>\nMon Corps physique m&rsquo;appartient.<br \/>\nC&rsquo;est le v\u00e9hicule terrestre que j&rsquo;ai choisi.<br \/>\nJ&rsquo;honore la Vie qui circule en moi,<br \/>\nC&rsquo;est l&rsquo;\u00e9nergie de la Cr\u00e9ation elle-m\u00eame.<br \/>\nMon libre-arbitre est inviolable,<br \/>\nMa libert\u00e9 d&rsquo;\u00catre est inalt\u00e9rable.<\/p>\n<p style=\"text-align: center;\">Ma Parole est cr\u00e9atrice.<br \/>\nJe d\u00e9clare ainsi \u00eatre mon propre Ma\u00eetre.<br \/>\nJ&rsquo;affirme ma Souverainet\u00e9 en tant qu&rsquo;\u00catre unique au sein de la Cr\u00e9ation.<br \/>\nLa Cr\u00e9ation toute enti\u00e8re est mon reflet.<br \/>\nJe porte l&rsquo;enti\u00e8ret\u00e9 du Cosmos dans mes cellules,<br \/>\ndans mon ADN, jusqu&rsquo;au c\u0153ur de mes atomes.<br \/>\nJe Suis le Cosmos Divin manifest\u00e9 dans la mati\u00e8re.<br \/>\nJe Suis la Conscience manifest\u00e9 dans un corps.<br \/>\nJe Suis un \u00catre libre et Souverain.<br \/>\nJe Suis indestructible.<br \/>\nJe Suis immortel.<br \/>\nJe Suis cela, JE SUIS.<\/p>\n<p style=\"text-align: right;\"><em>Gabrielle Isis<\/em><\/p>\n<hr \/>\n<h3 style=\"text-align: center;\"><strong>D\u00e9claration des Libert\u00e9s Humaines<\/strong><\/h3>\n<p style=\"text-align: justify;\">Tout \u00eatre est une \u00e2me divine et \u00e9ternelle vivant dans un corps temporel. Tout \u00eatre vit avant la naissance et vivra apr\u00e8s la mort.<\/p>\n<p style=\"text-align: justify;\">Toutes les \u00e2mes prennent une forme physique dans le but d\u2019exp\u00e9rimenter et d\u2019apprendre, par le biais de plusieurs incarnations, leur r\u00e9elle identit\u00e9 en tant que fragment du Divin.<\/p>\n<p style=\"text-align: justify;\">La vie elle-m\u00eame est un processus constant d\u2019\u00e9volution spirituelle et de d\u00e9ploiement, bas\u00e9 sur le libre choix, qui continuera jusqu\u2019\u00e0 ce que l\u2019on r\u00e9alise notre vraie nature et que nous retournerons au Divin, qui est notre point d\u2019origine.<\/p>\n<p style=\"text-align: justify;\">Il n\u2019y aucune \u00e2me qui vit pour en servir une autre, sauf par choix. L\u2019\u00e2me est \u00e0 la poursuite de son propre but et de celui du Divin, qui est son origine.<\/p>\n<p style=\"text-align: justify;\">Toute vie est r\u00e9gie par les lois naturelles et universelles qui ont pr\u00e9s\u00e9ance et l\u2019emportent sur les lois de l\u2019humanit\u00e9.<\/p>\n<p style=\"text-align: justify;\">Ces lois, telle la loi du karma, la loi de l\u2019attraction et la loi du libre-arbitre sont d\u00e9cr\u00e9t\u00e9es par Dieu pour ordonner l\u2019existence et aider l\u2019individu \u00e0 accomplir le but de sa vie.<\/p>\n<p style=\"text-align: justify;\">Aucun gouvernement ne peut et ne doit survivre s\u2019il doit son existence \u00e0 la soumission forc\u00e9e du peuple ou qui nie au peuple, les droits et les libert\u00e9s de base.<\/p>\n<p style=\"text-align: justify;\">La vie est un mouvement d\u2019une existence \u00e0 une autre, dans divers lieux de l\u2019univers, ainsi que dans d\u2019autres univers et dimensions d\u2019existence. Nous ne sommes pas seuls dans l\u2019univers, nous le partageons avec d\u2019autres civilisations. La majorit\u00e9 de ces civilisations est pacifique et plusieurs d\u2019entre elles sont plus avanc\u00e9es que nous. Il y en a quelques-unes que l\u2019on peut voir et d\u2019autres que nous ne pouvons pas.<\/p>\n<p style=\"text-align: justify;\">Nos cinq sens ne sont pas les seuls arbitres de l\u2019existence. Les humains sont des \u00eatres autant spirituels que physiques et le c\u00f4t\u00e9 spirituel transcende le physique. Dieu est un Esprit et la r\u00e9f\u00e9rence finale de la V\u00e9rit\u00e9 de Dieu n\u2019est pas physique, mais bien spirituelle.<\/p>\n<p style=\"text-align: justify;\">Dieu est Un et donc, les \u00e2mes le sont aussi. Elles forment une unit\u00e9. Elles sont cens\u00e9es vivre en paix et en harmonie, ensemble, dans une \u201cunit\u00e9 commune\u201d ou une communaut\u00e9. L\u2019utilisation de la force pour r\u00e9gler les conflits va \u00e0 l\u2019encontre de la loi naturelle. Toute personne devrait avoir le droit de g\u00e9rer ses propres affaires, sans l\u2019utilisation de la force, si ses choix ne font pas de tort aux autres.<\/p>\n<p style=\"text-align: justify;\">On ne peut obliger quelqu\u2019un \u00e0 se marier contre son gr\u00e9. Aucune femme ne devrait \u00eatre oblig\u00e9e d\u2019avoir, ou ne pas avoir, d\u2019enfants contre son gr\u00e9. Personne ne devrait \u00eatre contraint \u00e0 entretenir, ou ne pas entretenir, de croyance ou de pratique religieuse contraire \u00e0 son choix. Tout ce qui est vital pour l\u2019existence ne devrait pas \u00eatre refus\u00e9, si la communaut\u00e9 a le pouvoir de le donner.<\/p>\n<p style=\"text-align: justify;\">Toute personne devrait avoir la possibilit\u00e9 de penser, de parler et d\u2019agir comme elle le choisit, si cela ne fait de tort \u00e0 personne. Toute personne a le droit de choisir d\u2019\u00e9tudier et de pratiquer toute \u00e9ducation ou carri\u00e8re de son choix, sans interf\u00e9rence, si cela ne fait de tort \u00e0 personne.<\/p>\n<p style=\"text-align: justify;\">Personne n\u2019a le droit de tuer quelqu\u2019un d\u2019autre. Personne n\u2019a le droit de voler quelqu\u2019un d\u2019autre. Personne n\u2019a le droit de s\u2019imposer \u00e0 quiconque, d\u2019aucune fa\u00e7on.<\/p>\n<p style=\"text-align: justify;\">Tout gouvernement qui fait du tort \u00e0 ses citoyens, qui les prive de leurs biens ou de leurs droits sans leur consentement ou qui m\u00e8ne des guerres offensives contre ses voisins, quelle que soit son interpr\u00e9tation de la situation, un tel gouvernement perd sa l\u00e9gitimit\u00e9. Aucun gouvernement ne peut \u00eatre au pouvoir, sans le consentement de son peuple. Tout gouvernement qui obligent les citoyens \u00e0 s\u2019occuper du bien-\u00eatre du gouvernement avant celui des citoyens, perd sa l\u00e9gitimit\u00e9.<\/p>\n<p style=\"text-align: justify;\">Les hommes et les femmes sont cens\u00e9s vivre des vies enrichissantes, libre de toute indigence, ayant le choix de l\u2019endroit o\u00f9 ils veulent vivre et dans les conditions qu\u2019ils d\u00e9sirent, tant que ces choix ne font de tort \u00e0 personne et qu\u2019ils sont humainement accessibles. Les enfants sont cens\u00e9s vivre sous la protection bienfaisant de tous, sans \u00eatre exploit\u00e9s, ayant acc\u00e8s aux n\u00e9cessit\u00e9s de la vie, incluant l\u2019\u00e9ducation et les soins m\u00e9dicaux.<\/p>\n<p style=\"text-align: justify;\">Toutes formes d\u2019exploitation, d\u2019oppression et de pers\u00e9cution va \u00e0 l\u2019encontre de la loi universelle et naturelle. Tout conflit doit \u00eatre r\u00e9solu amicalement.<\/p>\n<p style=\"text-align: justify;\">Toute loi humaine allant \u00e0 l\u2019encontre de la loi naturelle et universelle est invalide et ne devrait pas continuer \u00e0 exister. La mise en vigueur et l\u2019imposition de lois humaines allant \u00e0 l\u2019encontre de la loi naturelle et universelle auront des cons\u00e9quences in\u00e9vitables dans cette vie ou dans une autre. M\u00eame si quelqu\u2019un peut \u00e9chapper \u00e0 la justice humaine, il ne peut \u00e9chapper \u00e0 la justice divine.<\/p>\n<p style=\"text-align: justify;\">Tous les accomplissements ont pour but la gloire de Dieu et c\u2019est vers Dieu que nous nous tournons pour prendre soin de nos besoins et pour l\u2019amour, la paix et la sagesse. Il en est ainsi. Aum\/Amen<\/p>\n<p style=\"text-align: right;\"><em>Steve Beckow (2011)<\/em><\/p>\n","protected":false},"excerpt":{"rendered":"<p>La libert\u00e9 est un droit Divin La libert\u00e9 et l&#038;rsqu\u2026<\/p>\n<p> <a class=\"continue-reading-link\" href=\"https:\/\/jrfortin.com\/jrf\/blog\/declaration-des-libertes-humaines\/\"><span>continuez la lecture<\/span><i class=\"crycon-right-dir\"><\/i><\/a> <\/p>\n","protected":false},"author":1,"featured_media":15088,"comment_status":"open","ping_status":"open","sticky":false,"template":"","format":"gallery","meta":{"_jetpack_memberships_contains_paid_content":false,"footnotes":""},"categories":[312],"tags":[],"class_list":["post-15087","post","type-post","status-publish","format-gallery","has-post-thumbnail","hentry","category-eveil-des-consciences","post_format-post-format-gallery"],"yoast_head":"<!-- This site is optimized with the Yoast SEO plugin v26.7 - https:\/\/yoast.com\/wordpress\/plugins\/seo\/ -->\n<title>D\u00e9clarations de souverainet\u00e9 spirituelle et des Libert\u00e9s Humaines : La libert\u00e9 est un droit Divin - Dojo du Nouveau Monde<\/title>\n<meta name=\"robots\" content=\"index, follow, max-snippet:-1, max-image-preview:large, max-video-preview:-1\" \/>\n<link rel=\"canonical\" href=\"https:\/\/jrfortin.com\/jrf\/blog\/declaration-des-libertes-humaines\/\" \/>\n<meta property=\"og:locale\" content=\"fr_FR\" \/>\n<meta property=\"og:type\" content=\"article\" \/>\n<meta property=\"og:title\" content=\"D\u00e9clarations de souverainet\u00e9 spirituelle et des Libert\u00e9s Humaines : La libert\u00e9 est un droit Divin - Dojo du Nouveau Monde\" \/>\n<meta property=\"og:description\" content=\"La libert\u00e9 est un droit Divin La libert\u00e9 et l&amp;rsqu\u2026 continuez la lecture\" \/>\n<meta property=\"og:url\" content=\"https:\/\/jrfortin.com\/jrf\/blog\/declaration-des-libertes-humaines\/\" \/>\n<meta property=\"og:site_name\" content=\"Dojo du Nouveau Monde\" \/>\n<meta property=\"article:published_time\" content=\"2021-07-28T17:55:36+00:00\" \/>\n<meta property=\"article:modified_time\" content=\"2021-07-29T13:33:21+00:00\" \/>\n<meta property=\"og:image\" content=\"https:\/\/i0.wp.com\/jrfortin.com\/jrf\/wp-content\/uploads\/2020\/12\/freedom-scaled.jpg?fit=2560%2C1913&ssl=1\" \/>\n\t<meta property=\"og:image:width\" content=\"2560\" \/>\n\t<meta property=\"og:image:height\" content=\"1913\" \/>\n\t<meta property=\"og:image:type\" content=\"image\/jpeg\" \/>\n<meta name=\"author\" content=\"Shihan Jean-Rock Fortin, M.A.\" \/>\n<meta name=\"twitter:card\" content=\"summary_large_image\" \/>\n<meta name=\"twitter:creator\" content=\"@fortin_rock\" \/>\n<meta name=\"twitter:site\" content=\"@fortin_rock\" \/>\n<meta name=\"twitter:label1\" content=\"\u00c9crit par\" \/>\n\t<meta name=\"twitter:data1\" content=\"Shihan Jean-Rock Fortin, M.A.\" \/>\n\t<meta name=\"twitter:label2\" content=\"Dur\u00e9e de lecture estim\u00e9e\" \/>\n\t<meta name=\"twitter:data2\" content=\"5 minutes\" \/>\n<script type=\"application\/ld+json\" class=\"yoast-schema-graph\">{\"@context\":\"https:\/\/schema.org\",\"@graph\":[{\"@type\":\"Article\",\"@id\":\"https:\/\/jrfortin.com\/jrf\/blog\/declaration-des-libertes-humaines\/#article\",\"isPartOf\":{\"@id\":\"https:\/\/jrfortin.com\/jrf\/blog\/declaration-des-libertes-humaines\/\"},\"author\":{\"name\":\"Shihan Jean-Rock Fortin, M.A.\",\"@id\":\"https:\/\/jrfortin.com\/jrf\/#\/schema\/person\/420b013ae3febafe8d99a66adee55de9\"},\"headline\":\"D\u00e9clarations de souverainet\u00e9 spirituelle et des Libert\u00e9s Humaines : La libert\u00e9 est un droit Divin\",\"datePublished\":\"2021-07-28T17:55:36+00:00\",\"dateModified\":\"2021-07-29T13:33:21+00:00\",\"mainEntityOfPage\":{\"@id\":\"https:\/\/jrfortin.com\/jrf\/blog\/declaration-des-libertes-humaines\/\"},\"wordCount\":1159,\"commentCount\":4,\"publisher\":{\"@id\":\"https:\/\/jrfortin.com\/jrf\/#\/schema\/person\/420b013ae3febafe8d99a66adee55de9\"},\"image\":{\"@id\":\"https:\/\/jrfortin.com\/jrf\/blog\/declaration-des-libertes-humaines\/#primaryimage\"},\"thumbnailUrl\":\"https:\/\/i0.wp.com\/jrfortin.com\/jrf\/wp-content\/uploads\/2020\/12\/freedom-scaled.jpg?fit=2560%2C1913&ssl=1\",\"articleSection\":[\"\u00c9veil des consciences\"],\"inLanguage\":\"fr-FR\",\"potentialAction\":[{\"@type\":\"CommentAction\",\"name\":\"Comment\",\"target\":[\"https:\/\/jrfortin.com\/jrf\/blog\/declaration-des-libertes-humaines\/#respond\"]}]},{\"@type\":\"WebPage\",\"@id\":\"https:\/\/jrfortin.com\/jrf\/blog\/declaration-des-libertes-humaines\/\",\"url\":\"https:\/\/jrfortin.com\/jrf\/blog\/declaration-des-libertes-humaines\/\",\"name\":\"D\u00e9clarations de souverainet\u00e9 spirituelle et des Libert\u00e9s Humaines : La libert\u00e9 est un droit Divin - Dojo du Nouveau Monde\",\"isPartOf\":{\"@id\":\"https:\/\/jrfortin.com\/jrf\/#website\"},\"primaryImageOfPage\":{\"@id\":\"https:\/\/jrfortin.com\/jrf\/blog\/declaration-des-libertes-humaines\/#primaryimage\"},\"image\":{\"@id\":\"https:\/\/jrfortin.com\/jrf\/blog\/declaration-des-libertes-humaines\/#primaryimage\"},\"thumbnailUrl\":\"https:\/\/i0.wp.com\/jrfortin.com\/jrf\/wp-content\/uploads\/2020\/12\/freedom-scaled.jpg?fit=2560%2C1913&ssl=1\",\"datePublished\":\"2021-07-28T17:55:36+00:00\",\"dateModified\":\"2021-07-29T13:33:21+00:00\",\"breadcrumb\":{\"@id\":\"https:\/\/jrfortin.com\/jrf\/blog\/declaration-des-libertes-humaines\/#breadcrumb\"},\"inLanguage\":\"fr-FR\",\"potentialAction\":[{\"@type\":\"ReadAction\",\"target\":[\"https:\/\/jrfortin.com\/jrf\/blog\/declaration-des-libertes-humaines\/\"]}]},{\"@type\":\"ImageObject\",\"inLanguage\":\"fr-FR\",\"@id\":\"https:\/\/jrfortin.com\/jrf\/blog\/declaration-des-libertes-humaines\/#primaryimage\",\"url\":\"https:\/\/i0.wp.com\/jrfortin.com\/jrf\/wp-content\/uploads\/2020\/12\/freedom-scaled.jpg?fit=2560%2C1913&ssl=1\",\"contentUrl\":\"https:\/\/i0.wp.com\/jrfortin.com\/jrf\/wp-content\/uploads\/2020\/12\/freedom-scaled.jpg?fit=2560%2C1913&ssl=1\",\"width\":2560,\"height\":1913,\"caption\":\"Flying Eagle\"},{\"@type\":\"BreadcrumbList\",\"@id\":\"https:\/\/jrfortin.com\/jrf\/blog\/declaration-des-libertes-humaines\/#breadcrumb\",\"itemListElement\":[{\"@type\":\"ListItem\",\"position\":1,\"name\":\"Accueil\",\"item\":\"https:\/\/jrfortin.com\/jrf\/\"},{\"@type\":\"ListItem\",\"position\":2,\"name\":\"D\u00e9clarations de souverainet\u00e9 spirituelle et des Libert\u00e9s Humaines : La libert\u00e9 est un droit Divin\"}]},{\"@type\":\"WebSite\",\"@id\":\"https:\/\/jrfortin.com\/jrf\/#website\",\"url\":\"https:\/\/jrfortin.com\/jrf\/\",\"name\":\"Dojo du Nouveau Monde\",\"description\":\"R\u00e9seau de Shihan Jean-Rock Fortin\",\"publisher\":{\"@id\":\"https:\/\/jrfortin.com\/jrf\/#\/schema\/person\/420b013ae3febafe8d99a66adee55de9\"},\"potentialAction\":[{\"@type\":\"SearchAction\",\"target\":{\"@type\":\"EntryPoint\",\"urlTemplate\":\"https:\/\/jrfortin.com\/jrf\/?s={search_term_string}\"},\"query-input\":{\"@type\":\"PropertyValueSpecification\",\"valueRequired\":true,\"valueName\":\"search_term_string\"}}],\"inLanguage\":\"fr-FR\"},{\"@type\":[\"Person\",\"Organization\"],\"@id\":\"https:\/\/jrfortin.com\/jrf\/#\/schema\/person\/420b013ae3febafe8d99a66adee55de9\",\"name\":\"Shihan Jean-Rock Fortin, M.A.\",\"image\":{\"@type\":\"ImageObject\",\"inLanguage\":\"fr-FR\",\"@id\":\"https:\/\/jrfortin.com\/jrf\/#\/schema\/person\/image\/\",\"url\":\"https:\/\/i2.wp.com\/jrfortin.com\/jrf\/wp-content\/uploads\/2020\/07\/ki-le-chemin.jpg?fit=600%2C848&ssl=1\",\"contentUrl\":\"https:\/\/i2.wp.com\/jrfortin.com\/jrf\/wp-content\/uploads\/2020\/07\/ki-le-chemin.jpg?fit=600%2C848&ssl=1\",\"width\":600,\"height\":848,\"caption\":\"Shihan Jean-Rock Fortin, M.A.\"},\"logo\":{\"@id\":\"https:\/\/jrfortin.com\/jrf\/#\/schema\/person\/image\/\"},\"description\":\"Globetrotteur par affaires et pour le plaisir, et Orientaliste, je suis instructeur d'arts martiaux (maitre-enseignant de Ki-A\u00efkido [Shihan] &amp; Dim-Mak), Fondateur du Dojo du Nouveau Monde (2010), \\\"S\u00e9ancier\\\" de Kiatsu, M\u00e9tatronicien, Radiesth\u00e9siste, Coutelier d'art, Conf\u00e9rencier et Auteur du livre \\\"Ki - Le Chemin de l'\u00c9veil\\\" (2018). Je suis \u00e9galement Consultant strat\u00e9gique en \u00e9volution et prosp\u00e9rit\u00e9 des personnes et des organisations.\",\"sameAs\":[\"http:\/\/www.jrfortin.com\"],\"url\":\"https:\/\/jrfortin.com\/jrf\/blog\/author\/jean-rock\/\"}]}<\/script>\n<!-- \/ Yoast SEO plugin. -->","yoast_head_json":{"title":"D\u00e9clarations de souverainet\u00e9 spirituelle et des Libert\u00e9s Humaines : La libert\u00e9 est un droit Divin - Dojo du Nouveau Monde","robots":{"index":"index","follow":"follow","max-snippet":"max-snippet:-1","max-image-preview":"max-image-preview:large","max-video-preview":"max-video-preview:-1"},"canonical":"https:\/\/jrfortin.com\/jrf\/blog\/declaration-des-libertes-humaines\/","og_locale":"fr_FR","og_type":"article","og_title":"D\u00e9clarations de souverainet\u00e9 spirituelle et des Libert\u00e9s Humaines : La libert\u00e9 est un droit Divin - Dojo du Nouveau Monde","og_description":"La libert\u00e9 est un droit Divin La libert\u00e9 et l&rsqu\u2026 continuez la lecture","og_url":"https:\/\/jrfortin.com\/jrf\/blog\/declaration-des-libertes-humaines\/","og_site_name":"Dojo du Nouveau Monde","article_published_time":"2021-07-28T17:55:36+00:00","article_modified_time":"2021-07-29T13:33:21+00:00","og_image":[{"width":2560,"height":1913,"url":"https:\/\/i0.wp.com\/jrfortin.com\/jrf\/wp-content\/uploads\/2020\/12\/freedom-scaled.jpg?fit=2560%2C1913&ssl=1","type":"image\/jpeg"}],"author":"Shihan Jean-Rock Fortin, M.A.","twitter_card":"summary_large_image","twitter_creator":"@fortin_rock","twitter_site":"@fortin_rock","twitter_misc":{"\u00c9crit par":"Shihan Jean-Rock Fortin, M.A.","Dur\u00e9e de lecture estim\u00e9e":"5 minutes"},"schema":{"@context":"https:\/\/schema.org","@graph":[{"@type":"Article","@id":"https:\/\/jrfortin.com\/jrf\/blog\/declaration-des-libertes-humaines\/#article","isPartOf":{"@id":"https:\/\/jrfortin.com\/jrf\/blog\/declaration-des-libertes-humaines\/"},"author":{"name":"Shihan Jean-Rock Fortin, M.A.","@id":"https:\/\/jrfortin.com\/jrf\/#\/schema\/person\/420b013ae3febafe8d99a66adee55de9"},"headline":"D\u00e9clarations de souverainet\u00e9 spirituelle et des Libert\u00e9s Humaines : La libert\u00e9 est un droit Divin","datePublished":"2021-07-28T17:55:36+00:00","dateModified":"2021-07-29T13:33:21+00:00","mainEntityOfPage":{"@id":"https:\/\/jrfortin.com\/jrf\/blog\/declaration-des-libertes-humaines\/"},"wordCount":1159,"commentCount":4,"publisher":{"@id":"https:\/\/jrfortin.com\/jrf\/#\/schema\/person\/420b013ae3febafe8d99a66adee55de9"},"image":{"@id":"https:\/\/jrfortin.com\/jrf\/blog\/declaration-des-libertes-humaines\/#primaryimage"},"thumbnailUrl":"https:\/\/i0.wp.com\/jrfortin.com\/jrf\/wp-content\/uploads\/2020\/12\/freedom-scaled.jpg?fit=2560%2C1913&ssl=1","articleSection":["\u00c9veil des consciences"],"inLanguage":"fr-FR","potentialAction":[{"@type":"CommentAction","name":"Comment","target":["https:\/\/jrfortin.com\/jrf\/blog\/declaration-des-libertes-humaines\/#respond"]}]},{"@type":"WebPage","@id":"https:\/\/jrfortin.com\/jrf\/blog\/declaration-des-libertes-humaines\/","url":"https:\/\/jrfortin.com\/jrf\/blog\/declaration-des-libertes-humaines\/","name":"D\u00e9clarations de souverainet\u00e9 spirituelle et des Libert\u00e9s Humaines : La libert\u00e9 est un droit Divin - Dojo du Nouveau Monde","isPartOf":{"@id":"https:\/\/jrfortin.com\/jrf\/#website"},"primaryImageOfPage":{"@id":"https:\/\/jrfortin.com\/jrf\/blog\/declaration-des-libertes-humaines\/#primaryimage"},"image":{"@id":"https:\/\/jrfortin.com\/jrf\/blog\/declaration-des-libertes-humaines\/#primaryimage"},"thumbnailUrl":"https:\/\/i0.wp.com\/jrfortin.com\/jrf\/wp-content\/uploads\/2020\/12\/freedom-scaled.jpg?fit=2560%2C1913&ssl=1","datePublished":"2021-07-28T17:55:36+00:00","dateModified":"2021-07-29T13:33:21+00:00","breadcrumb":{"@id":"https:\/\/jrfortin.com\/jrf\/blog\/declaration-des-libertes-humaines\/#breadcrumb"},"inLanguage":"fr-FR","potentialAction":[{"@type":"ReadAction","target":["https:\/\/jrfortin.com\/jrf\/blog\/declaration-des-libertes-humaines\/"]}]},{"@type":"ImageObject","inLanguage":"fr-FR","@id":"https:\/\/jrfortin.com\/jrf\/blog\/declaration-des-libertes-humaines\/#primaryimage","url":"https:\/\/i0.wp.com\/jrfortin.com\/jrf\/wp-content\/uploads\/2020\/12\/freedom-scaled.jpg?fit=2560%2C1913&ssl=1","contentUrl":"https:\/\/i0.wp.com\/jrfortin.com\/jrf\/wp-content\/uploads\/2020\/12\/freedom-scaled.jpg?fit=2560%2C1913&ssl=1","width":2560,"height":1913,"caption":"Flying Eagle"},{"@type":"BreadcrumbList","@id":"https:\/\/jrfortin.com\/jrf\/blog\/declaration-des-libertes-humaines\/#breadcrumb","itemListElement":[{"@type":"ListItem","position":1,"name":"Accueil","item":"https:\/\/jrfortin.com\/jrf\/"},{"@type":"ListItem","position":2,"name":"D\u00e9clarations de souverainet\u00e9 spirituelle et des Libert\u00e9s Humaines : La libert\u00e9 est un droit Divin"}]},{"@type":"WebSite","@id":"https:\/\/jrfortin.com\/jrf\/#website","url":"https:\/\/jrfortin.com\/jrf\/","name":"Dojo du Nouveau Monde","description":"R\u00e9seau de Shihan Jean-Rock Fortin","publisher":{"@id":"https:\/\/jrfortin.com\/jrf\/#\/schema\/person\/420b013ae3febafe8d99a66adee55de9"},"potentialAction":[{"@type":"SearchAction","target":{"@type":"EntryPoint","urlTemplate":"https:\/\/jrfortin.com\/jrf\/?s={search_term_string}"},"query-input":{"@type":"PropertyValueSpecification","valueRequired":true,"valueName":"search_term_string"}}],"inLanguage":"fr-FR"},{"@type":["Person","Organization"],"@id":"https:\/\/jrfortin.com\/jrf\/#\/schema\/person\/420b013ae3febafe8d99a66adee55de9","name":"Shihan Jean-Rock Fortin, M.A.","image":{"@type":"ImageObject","inLanguage":"fr-FR","@id":"https:\/\/jrfortin.com\/jrf\/#\/schema\/person\/image\/","url":"https:\/\/i2.wp.com\/jrfortin.com\/jrf\/wp-content\/uploads\/2020\/07\/ki-le-chemin.jpg?fit=600%2C848&ssl=1","contentUrl":"https:\/\/i2.wp.com\/jrfortin.com\/jrf\/wp-content\/uploads\/2020\/07\/ki-le-chemin.jpg?fit=600%2C848&ssl=1","width":600,"height":848,"caption":"Shihan Jean-Rock Fortin, M.A."},"logo":{"@id":"https:\/\/jrfortin.com\/jrf\/#\/schema\/person\/image\/"},"description":"Globetrotteur par affaires et pour le plaisir, et Orientaliste, je suis instructeur d'arts martiaux (maitre-enseignant de Ki-A\u00efkido [Shihan] &amp; Dim-Mak), Fondateur du Dojo du Nouveau Monde (2010), \"S\u00e9ancier\" de Kiatsu, M\u00e9tatronicien, Radiesth\u00e9siste, Coutelier d'art, Conf\u00e9rencier et Auteur du livre \"Ki - Le Chemin de l'\u00c9veil\" (2018). Je suis \u00e9galement Consultant strat\u00e9gique en \u00e9volution et prosp\u00e9rit\u00e9 des personnes et des organisations.","sameAs":["http:\/\/www.jrfortin.com"],"url":"https:\/\/jrfortin.com\/jrf\/blog\/author\/jean-rock\/"}]}},"jetpack_featured_media_url":"https:\/\/i0.wp.com\/jrfortin.com\/jrf\/wp-content\/uploads\/2020\/12\/freedom-scaled.jpg?fit=2560%2C1913&ssl=1","jetpack_sharing_enabled":true,"_links":{"self":[{"href":"https:\/\/jrfortin.com\/jrf\/wp-json\/wp\/v2\/posts\/15087","targetHints":{"allow":["GET"]}}],"collection":[{"href":"https:\/\/jrfortin.com\/jrf\/wp-json\/wp\/v2\/posts"}],"about":[{"href":"https:\/\/jrfortin.com\/jrf\/wp-json\/wp\/v2\/types\/post"}],"author":[{"embeddable":true,"href":"https:\/\/jrfortin.com\/jrf\/wp-json\/wp\/v2\/users\/1"}],"replies":[{"embeddable":true,"href":"https:\/\/jrfortin.com\/jrf\/wp-json\/wp\/v2\/comments?post=15087"}],"version-history":[{"count":2,"href":"https:\/\/jrfortin.com\/jrf\/wp-json\/wp\/v2\/posts\/15087\/revisions"}],"predecessor-version":[{"id":16433,"href":"https:\/\/jrfortin.com\/jrf\/wp-json\/wp\/v2\/posts\/15087\/revisions\/16433"}],"wp:featuredmedia":[{"embeddable":true,"href":"https:\/\/jrfortin.com\/jrf\/wp-json\/wp\/v2\/media\/15088"}],"wp:attachment":[{"href":"https:\/\/jrfortin.com\/jrf\/wp-json\/wp\/v2\/media?parent=15087"}],"wp:term":[{"taxonomy":"category","embeddable":true,"href":"https:\/\/jrfortin.com\/jrf\/wp-json\/wp\/v2\/categories?post=15087"},{"taxonomy":"post_tag","embeddable":true,"href":"https:\/\/jrfortin.com\/jrf\/wp-json\/wp\/v2\/tags?post=15087"}],"curies":[{"name":"wp","href":"https:\/\/api.w.org\/{rel}","templated":true}]}}