{"id":16547,"date":"2021-09-06T09:28:29","date_gmt":"2021-09-06T13:28:29","guid":{"rendered":"https:\/\/jrfortin.com\/jrf\/?p=16547"},"modified":"2021-09-06T09:28:29","modified_gmt":"2021-09-06T13:28:29","slug":"septembre-mois-de-tous-les-dangers-canalise-par-monique-mathieu","status":"publish","type":"post","link":"https:\/\/jrfortin.com\/jrf\/blog\/septembre-mois-de-tous-les-dangers-canalise-par-monique-mathieu\/","title":{"rendered":"Septembre, mois de tous les dangers, canalis\u00e9 par Monique Mathieu"},"content":{"rendered":"<p style=\"text-align: left;\">Canalis\u00e9 par Monique Mathieu et Partag\u00e9 par Messages C\u00e9lestes : <strong><a href=\"https:\/\/messagescelestes.ca\/\">https:\/\/messagescelestes.ca<\/a><\/strong><\/p>\n<p style=\"text-align: justify;\">\u00ab Le mois de septembre sera la porte ouverte sur \u00ab le \u00bb passage, c\u2019est-\u00e0-dire que vous vous pr\u00e9parerez \u00e0 cette nouvelle civilisation qui s\u2019approche et dans laquelle, et nous l\u2019esp\u00e9rons r\u00e9ellement, vous pourrez vivre.<\/p>\n<p style=\"text-align: justify;\">Ce mois de septembre sera le mois de tous les dangers, de tous les bonheurs.<\/p>\n<p style=\"text-align: justify;\">Au mois de septembre, il y aura encore des vibrations tr\u00e8s particuli\u00e8res qui vous pousseront \u00e0 l\u2019action et au positionnement. Ces vibrations, ces \u00e9nergies, n\u2019ont pas de \u00ab couleur \u00bb, c\u2019est-\u00e0-dire qu\u2019elles ne sont ni bonnes, ni mauvaises, elles ne sont ni Lumi\u00e8re, ni ombre, elles se colorent avec ce que vous \u00eates.<\/p>\n<p style=\"text-align: justify;\">Ces vibrations toucheront aussi les \u00eatres inf\u00e9rieurs, les \u00eatres col\u00e9reux, tr\u00e8s violents, etc., elles pourront augmenter encore la violence, et m\u00eame la nocivit\u00e9 de certains \u00eatres, tout comme elles pourront augmenter d\u2019une fa\u00e7on tr\u00e8s importante les potentialit\u00e9s d\u2019Amour, de g\u00e9n\u00e9rosit\u00e9, de sagesse, de respect, et tout ce qui fait et qui fera l\u2019homme nouveau.<\/p>\n<p style=\"text-align: justify;\">Alors il y aura ceux qui seront touch\u00e9s par ces vibrations et qui d\u00e9cupleront leurs \u00e9nergies inf\u00e9rieures, et ceux qui seront touch\u00e9es par ces vibrations qui d\u00e9cupleront tout ce qui est sacr\u00e9 en eux et leurs vibrations vraiment sup\u00e9rieures.<\/p>\n<p style=\"text-align: justify;\">Concernant la France, surveillez r\u00e9ellement tout ce qui se passe en vous \u00e0 partir de la semaine prochaine. Vous commencerez d\u00e9j\u00e0 \u00e0 ressentir autre chose. Vous commencerez \u00e0 vous ressentir un peu diff\u00e9rent, et le miracle c\u2019est que vos peurs, s\u2019il y en a encore en vous, seront de plus en plus absorb\u00e9es par ce que vous devenez, absorb\u00e9es par les \u00e9nergies, les ondes extraordinaires qui vous inonderont en permanence<\/p>\n<p style=\"text-align: justify;\">Selon ce que vous \u00eates, et nous le r\u00e9p\u00e9tons \u00ab selon ce que vous \u00eates \u00bb, vous irez beaucoup plus vite et beaucoup plus haut ou beaucoup plus bas.<\/p>\n<p style=\"text-align: justify;\">A partir de la semaine prochaine, et parce que c\u2019est tr\u00e8s important, nous aimerions vous demander de prier.<\/p>\n<p style=\"text-align: justify;\">Priez pour votre monde, priez pour tous les \u00eatres humains, priez pour vous-m\u00eame. Ne priez pas avec des mots d\u2019\u00e9glise qui n\u2019ont plus la valeur sacr\u00e9e qu\u2019ils devraient avoir, priez avec votre c\u0153ur, ne priez pas avec votre t\u00eate. Parlez \u00e0 voix basse, \u00e0 haute voix ou m\u00eame par la pens\u00e9e, mais laissez exprimer ce qu\u2019il y a de plus beau en vous.<\/p>\n<p style=\"text-align: justify;\">Demandez de l\u2019aide \u00e0 vos Fr\u00e8res de Lumi\u00e8re, \u00e0 Dieu P\u00e8re-M\u00e8re, parlez \u00e0 tous ces \u00catres extraordinaires et demandez-leur de l\u2019aide pour vous qui allez rena\u00eetre \u00e0 vous-m\u00eame, pour tous vos fr\u00e8res, pour ceux qui sont dans l\u2019obscurit\u00e9 de la conscience aussi bien que ceux qui s\u2019\u00e9veillent ou que ceux, bien \u00e9videmment, qui sont \u00e9veill\u00e9s. Ce sera votre participation \u00e0 la transformation de votre monde.<\/p>\n<p style=\"text-align: justify;\">N\u2019oubliez pas que la pri\u00e8re est sacr\u00e9e.<\/p>\n<p style=\"text-align: justify;\">Nous aimerions parler un peu de la pri\u00e8re parce que c\u2019est vraiment tr\u00e8s, tr\u00e8s important :<\/p>\n<p style=\"text-align: justify;\">La pri\u00e8re, c\u2019est le dialogue entre vous et Vous, c\u2019est le dialogue entre vous, votre \u00e2me et votre Partie Divine, c\u2019est le dialogue entre vous et les Grands \u00catres de Lumi\u00e8re, vos Guides, etc., et vous devez commencer \u00e0 le faire exister en vous et \u00e0 le nourrir.<\/p>\n<p style=\"text-align: justify;\">Nous utilisons le mot \u00ab pri\u00e8re \u00bb pour mieux vous faire comprendre l\u2019importance de ce dialogue ; il devra \u00eatre appuy\u00e9 par votre pens\u00e9e, c\u2019est-\u00e0-dire qu\u2019il faut qu\u2019il parte du c\u0153ur et de la t\u00eate, non de l\u2019intellect, en utilisant la puissance de la pens\u00e9e. Il faut qu\u2019il y ait une coordination entre le c\u0153ur et les pens\u00e9es que vous aurez \u00e9mises lors de toutes vos pri\u00e8res afin de demander le mieux pour toute l\u2019humanit\u00e9, pour tous vos fr\u00e8res, tous vos proches, etc.<\/p>\n<p style=\"text-align: justify;\">Nous allons ajouter ceci qui est tr\u00e8s important :<\/p>\n<p style=\"text-align: justify;\">Autour de vous, il y a \u00e9norm\u00e9ment de personnes qui subissent des injections, donc cela peut vous perturber surtout lorsque ce sont des proches, des personnes que vous aimez, etc.<\/p>\n<p style=\"text-align: justify;\">Alors l\u00e0 aussi vous avez un moyen d\u2019action. Vous pouvez demander de l\u2019aide elles, vous pouvez leur envoyer beaucoup d\u2019Amour et les visualiser en permanence en parfaite sant\u00e9, demander \u00e0 l\u2019Univers qu\u2019elles soient prot\u00e9g\u00e9es de toutes les nuisances provoqu\u00e9es par ce qu\u2019on injecte dans leur corps.<\/p>\n<p style=\"text-align: justify;\">Il faut aussi que vous compreniez ceci : au niveau humain, on va vous dire que cette injection n\u2019est pas tout \u00e0 fait tout ce qu\u2019on vous en dit. Il y a le regard des scientifiques, mais vous n\u2019avez pas encore le regard spirituel ; celui-ci pourra compl\u00e8tement transformer les pires choses qu\u2019on pourra injecter dans votre corps, il pourra les d\u00e9truire totalement parce que, dans l\u2019Univers, tout est \u00e9quilibre, et si l\u2019on met dans votre corps quelque chose qui doit compl\u00e8tement vous d\u00e9s\u00e9quilibrer au niveau cellulaire ou de votre ADN, de votre mati\u00e8re, etc., l\u2019Univers rectifie.<\/p>\n<p style=\"text-align: justify;\">Si c\u2019est le choix de leur incarnation, certaines personnes ne pourront pas r\u00e9sister \u00e0 ce poison, mais beaucoup d\u2019autres, si leur conscience est suffisamment \u00e9veill\u00e9e, pourront compl\u00e8tement annihiler ses effets n\u00e9gatifs si elles en ont conscience.<\/p>\n<p style=\"text-align: justify;\">Cependant, comme pour les enfants qui ne peuvent pas, bien \u00e9videmment, avoir conscience de ce qu\u2019on leur injecte de n\u00e9gatif pour eux, il est tr\u00e8s important de comprendre que tout ce qui peut vous para\u00eetre aujourd\u2019hui terrible pourra vous para\u00eetre une chance demain.<\/p>\n<p style=\"text-align: justify;\">Vous direz : \u00ab finalement, c\u2019\u00e9tait une chance parce que cela a permis \u00e0 beaucoup d\u2019\u00eatres de se r\u00e9veiller, et cela a permis \u00e9galement \u00e0 ceux qui sont \u00e9veill\u00e9s, qui ont une autre conscience, d\u2019aider d\u2019une fa\u00e7on beaucoup plus importante, de se sublimer eux-m\u00eames dans l\u2019aide d\u2019Amour qu\u2019ils apporteront \u00e0 tous les \u00eatres inconscients et mall\u00e9ables qui n\u2019avaient aucune conscience du danger.<\/p>\n<p style=\"text-align: justify;\">Si vous \u00eates assez nombreux pour cr\u00e9er cet \u00e9gr\u00e9gore de gu\u00e9rison, cet \u00e9gr\u00e9gore de Lumi\u00e8re et d\u2019Amour, vous gu\u00e9rirez le monde ; cependant vous ne pourrez le gu\u00e9rir qu\u2019au travers de la vraie spiritualit\u00e9, vous ne pourrez le gu\u00e9rir qu\u2019au travers de l\u2019Amour humain et de la puissance de l\u2019Amour Vibration. Lorsque vous commencerez \u00e0 faire ces pri\u00e8res, ces connexions, vous ressentirez tr\u00e8s vite l\u2019Amour Vibration en vous.<\/p>\n<p style=\"text-align: justify;\">Vous allez le reconna\u00eetre, parce que cet Amour Vibration vous apportera une telle joie int\u00e9rieure que vous direz : \u00bb J\u2019ai r\u00e9ussi, j\u2019ai compris ! \u00bb et cela vous dynamisera. Vous aurez encore et encore envie d\u2019offrir pour grandir vous-m\u00eame dans l\u2019offrande d\u2019Amour et de Lumi\u00e8re, dans l\u2019offrande de cet Amour Vibration que vous ferez \u00e0 tous ceux que vous aimez.<\/p>\n<p style=\"text-align: justify;\">Alors nous le disons et nous le r\u00e9p\u00e9tons : l\u2019Univers rectifie toujours ce qui va de travers, rectifie toujours les grandes erreurs des humains. Cette rectification peut parfois passer par un d\u00e9c\u00e8s et parfois par l\u2019Amour que ceux qui ont la connaissance, ceux qui sont ouverts, peuvent offrir \u00e0 ceux qui sont encore compl\u00e8tement endormis.<\/p>\n<p style=\"text-align: justify;\">Alors ne vous faites pas trop de soucis, parce que nous savons que beaucoup d\u2019entre vous qui ont un c\u0153ur tr\u00e8s g\u00e9n\u00e9reux, qui ont donc beaucoup d\u2019Amour \u00e0 offrir, peuvent se soucier de leurs proches qui sont oblig\u00e9s, pour des raisons \u00ab x \u00bb ou \u00ab y \u00bb, de subir ce qu\u2019ils ne veulent pas.<\/p>\n<p style=\"text-align: justify;\">Envoyez-leur de l\u2019Amour, faites-le d\u2019une fa\u00e7on collective. Non seulement vous travaillez pour vous, mais vous travaillez pour l\u2019Univers, vous travaillez pour Dieu P\u00e8re M\u00e8re, vous travaillez pour l\u2019Amour, pour la Vie, et c\u2019est important d\u2019avoir cette conscience, c\u2019est important de pouvoir et de savoir le faire \u00bb.<\/p>\n<p style=\"text-align: right;\"><strong>Canalis\u00e9 par Monique Mathieu<\/strong><\/p>\n","protected":false},"excerpt":{"rendered":"<p>Canalis\u00e9 par Monique Mathieu et Partag\u00e9 par Messag\u2026<\/p>\n<p> <a class=\"continue-reading-link\" href=\"https:\/\/jrfortin.com\/jrf\/blog\/septembre-mois-de-tous-les-dangers-canalise-par-monique-mathieu\/\"><span>continuez la lecture<\/span><i class=\"crycon-right-dir\"><\/i><\/a> <\/p>\n","protected":false},"author":1,"featured_media":16548,"comment_status":"open","ping_status":"open","sticky":false,"template":"","format":"standard","meta":{"_jetpack_memberships_contains_paid_content":false,"footnotes":""},"categories":[312],"tags":[],"class_list":["post-16547","post","type-post","status-publish","format-standard","has-post-thumbnail","hentry","category-eveil-des-consciences"],"yoast_head":"<!-- This site is optimized with the Yoast SEO plugin v26.7 - https:\/\/yoast.com\/wordpress\/plugins\/seo\/ -->\n<title>Septembre, mois de tous les dangers, canalis\u00e9 par Monique Mathieu - Dojo du Nouveau Monde<\/title>\n<meta name=\"robots\" content=\"index, follow, max-snippet:-1, max-image-preview:large, max-video-preview:-1\" \/>\n<link rel=\"canonical\" href=\"https:\/\/jrfortin.com\/jrf\/blog\/septembre-mois-de-tous-les-dangers-canalise-par-monique-mathieu\/\" \/>\n<meta property=\"og:locale\" content=\"fr_FR\" \/>\n<meta property=\"og:type\" content=\"article\" \/>\n<meta property=\"og:title\" content=\"Septembre, mois de tous les dangers, canalis\u00e9 par Monique Mathieu - Dojo du Nouveau Monde\" \/>\n<meta property=\"og:description\" content=\"Canalis\u00e9 par Monique Mathieu et Partag\u00e9 par Messag\u2026 continuez la lecture\" \/>\n<meta property=\"og:url\" content=\"https:\/\/jrfortin.com\/jrf\/blog\/septembre-mois-de-tous-les-dangers-canalise-par-monique-mathieu\/\" \/>\n<meta property=\"og:site_name\" content=\"Dojo du Nouveau Monde\" \/>\n<meta property=\"article:published_time\" content=\"2021-09-06T13:28:29+00:00\" \/>\n<meta property=\"og:image\" content=\"https:\/\/i0.wp.com\/jrfortin.com\/jrf\/wp-content\/uploads\/2021\/09\/Priere.jpg?fit=1280%2C853&ssl=1\" \/>\n\t<meta property=\"og:image:width\" content=\"1280\" \/>\n\t<meta property=\"og:image:height\" content=\"853\" \/>\n\t<meta property=\"og:image:type\" content=\"image\/jpeg\" \/>\n<meta name=\"author\" content=\"Shihan Jean-Rock Fortin, M.A.\" \/>\n<meta name=\"twitter:card\" content=\"summary_large_image\" \/>\n<meta name=\"twitter:creator\" content=\"@fortin_rock\" \/>\n<meta name=\"twitter:site\" content=\"@fortin_rock\" \/>\n<meta name=\"twitter:label1\" content=\"\u00c9crit par\" \/>\n\t<meta name=\"twitter:data1\" content=\"Shihan Jean-Rock Fortin, M.A.\" \/>\n\t<meta name=\"twitter:label2\" content=\"Dur\u00e9e de lecture estim\u00e9e\" \/>\n\t<meta name=\"twitter:data2\" content=\"7 minutes\" \/>\n<script type=\"application\/ld+json\" class=\"yoast-schema-graph\">{\"@context\":\"https:\/\/schema.org\",\"@graph\":[{\"@type\":\"Article\",\"@id\":\"https:\/\/jrfortin.com\/jrf\/blog\/septembre-mois-de-tous-les-dangers-canalise-par-monique-mathieu\/#article\",\"isPartOf\":{\"@id\":\"https:\/\/jrfortin.com\/jrf\/blog\/septembre-mois-de-tous-les-dangers-canalise-par-monique-mathieu\/\"},\"author\":{\"name\":\"Shihan Jean-Rock Fortin, M.A.\",\"@id\":\"https:\/\/jrfortin.com\/jrf\/#\/schema\/person\/420b013ae3febafe8d99a66adee55de9\"},\"headline\":\"Septembre, mois de tous les dangers, canalis\u00e9 par Monique Mathieu\",\"datePublished\":\"2021-09-06T13:28:29+00:00\",\"mainEntityOfPage\":{\"@id\":\"https:\/\/jrfortin.com\/jrf\/blog\/septembre-mois-de-tous-les-dangers-canalise-par-monique-mathieu\/\"},\"wordCount\":1376,\"commentCount\":0,\"publisher\":{\"@id\":\"https:\/\/jrfortin.com\/jrf\/#\/schema\/person\/420b013ae3febafe8d99a66adee55de9\"},\"image\":{\"@id\":\"https:\/\/jrfortin.com\/jrf\/blog\/septembre-mois-de-tous-les-dangers-canalise-par-monique-mathieu\/#primaryimage\"},\"thumbnailUrl\":\"https:\/\/i0.wp.com\/jrfortin.com\/jrf\/wp-content\/uploads\/2021\/09\/Priere.jpg?fit=1280%2C853&ssl=1\",\"articleSection\":[\"\u00c9veil des consciences\"],\"inLanguage\":\"fr-FR\",\"potentialAction\":[{\"@type\":\"CommentAction\",\"name\":\"Comment\",\"target\":[\"https:\/\/jrfortin.com\/jrf\/blog\/septembre-mois-de-tous-les-dangers-canalise-par-monique-mathieu\/#respond\"]}]},{\"@type\":\"WebPage\",\"@id\":\"https:\/\/jrfortin.com\/jrf\/blog\/septembre-mois-de-tous-les-dangers-canalise-par-monique-mathieu\/\",\"url\":\"https:\/\/jrfortin.com\/jrf\/blog\/septembre-mois-de-tous-les-dangers-canalise-par-monique-mathieu\/\",\"name\":\"Septembre, mois de tous les dangers, canalis\u00e9 par Monique Mathieu - Dojo du Nouveau Monde\",\"isPartOf\":{\"@id\":\"https:\/\/jrfortin.com\/jrf\/#website\"},\"primaryImageOfPage\":{\"@id\":\"https:\/\/jrfortin.com\/jrf\/blog\/septembre-mois-de-tous-les-dangers-canalise-par-monique-mathieu\/#primaryimage\"},\"image\":{\"@id\":\"https:\/\/jrfortin.com\/jrf\/blog\/septembre-mois-de-tous-les-dangers-canalise-par-monique-mathieu\/#primaryimage\"},\"thumbnailUrl\":\"https:\/\/i0.wp.com\/jrfortin.com\/jrf\/wp-content\/uploads\/2021\/09\/Priere.jpg?fit=1280%2C853&ssl=1\",\"datePublished\":\"2021-09-06T13:28:29+00:00\",\"breadcrumb\":{\"@id\":\"https:\/\/jrfortin.com\/jrf\/blog\/septembre-mois-de-tous-les-dangers-canalise-par-monique-mathieu\/#breadcrumb\"},\"inLanguage\":\"fr-FR\",\"potentialAction\":[{\"@type\":\"ReadAction\",\"target\":[\"https:\/\/jrfortin.com\/jrf\/blog\/septembre-mois-de-tous-les-dangers-canalise-par-monique-mathieu\/\"]}]},{\"@type\":\"ImageObject\",\"inLanguage\":\"fr-FR\",\"@id\":\"https:\/\/jrfortin.com\/jrf\/blog\/septembre-mois-de-tous-les-dangers-canalise-par-monique-mathieu\/#primaryimage\",\"url\":\"https:\/\/i0.wp.com\/jrfortin.com\/jrf\/wp-content\/uploads\/2021\/09\/Priere.jpg?fit=1280%2C853&ssl=1\",\"contentUrl\":\"https:\/\/i0.wp.com\/jrfortin.com\/jrf\/wp-content\/uploads\/2021\/09\/Priere.jpg?fit=1280%2C853&ssl=1\",\"width\":1280,\"height\":853},{\"@type\":\"BreadcrumbList\",\"@id\":\"https:\/\/jrfortin.com\/jrf\/blog\/septembre-mois-de-tous-les-dangers-canalise-par-monique-mathieu\/#breadcrumb\",\"itemListElement\":[{\"@type\":\"ListItem\",\"position\":1,\"name\":\"Accueil\",\"item\":\"https:\/\/jrfortin.com\/jrf\/\"},{\"@type\":\"ListItem\",\"position\":2,\"name\":\"Septembre, mois de tous les dangers, canalis\u00e9 par Monique Mathieu\"}]},{\"@type\":\"WebSite\",\"@id\":\"https:\/\/jrfortin.com\/jrf\/#website\",\"url\":\"https:\/\/jrfortin.com\/jrf\/\",\"name\":\"Dojo du Nouveau Monde\",\"description\":\"R\u00e9seau de Shihan Jean-Rock Fortin\",\"publisher\":{\"@id\":\"https:\/\/jrfortin.com\/jrf\/#\/schema\/person\/420b013ae3febafe8d99a66adee55de9\"},\"potentialAction\":[{\"@type\":\"SearchAction\",\"target\":{\"@type\":\"EntryPoint\",\"urlTemplate\":\"https:\/\/jrfortin.com\/jrf\/?s={search_term_string}\"},\"query-input\":{\"@type\":\"PropertyValueSpecification\",\"valueRequired\":true,\"valueName\":\"search_term_string\"}}],\"inLanguage\":\"fr-FR\"},{\"@type\":[\"Person\",\"Organization\"],\"@id\":\"https:\/\/jrfortin.com\/jrf\/#\/schema\/person\/420b013ae3febafe8d99a66adee55de9\",\"name\":\"Shihan Jean-Rock Fortin, M.A.\",\"image\":{\"@type\":\"ImageObject\",\"inLanguage\":\"fr-FR\",\"@id\":\"https:\/\/jrfortin.com\/jrf\/#\/schema\/person\/image\/\",\"url\":\"https:\/\/i2.wp.com\/jrfortin.com\/jrf\/wp-content\/uploads\/2020\/07\/ki-le-chemin.jpg?fit=600%2C848&ssl=1\",\"contentUrl\":\"https:\/\/i2.wp.com\/jrfortin.com\/jrf\/wp-content\/uploads\/2020\/07\/ki-le-chemin.jpg?fit=600%2C848&ssl=1\",\"width\":600,\"height\":848,\"caption\":\"Shihan Jean-Rock Fortin, M.A.\"},\"logo\":{\"@id\":\"https:\/\/jrfortin.com\/jrf\/#\/schema\/person\/image\/\"},\"description\":\"Globetrotteur par affaires et pour le plaisir, et Orientaliste, je suis instructeur d'arts martiaux (maitre-enseignant de Ki-A\u00efkido [Shihan] &amp; Dim-Mak), Fondateur du Dojo du Nouveau Monde (2010), \\\"S\u00e9ancier\\\" de Kiatsu, M\u00e9tatronicien, Radiesth\u00e9siste, Coutelier d'art, Conf\u00e9rencier et Auteur du livre \\\"Ki - Le Chemin de l'\u00c9veil\\\" (2018). Je suis \u00e9galement Consultant strat\u00e9gique en \u00e9volution et prosp\u00e9rit\u00e9 des personnes et des organisations.\",\"sameAs\":[\"http:\/\/www.jrfortin.com\"],\"url\":\"https:\/\/jrfortin.com\/jrf\/blog\/author\/jean-rock\/\"}]}<\/script>\n<!-- \/ Yoast SEO plugin. -->","yoast_head_json":{"title":"Septembre, mois de tous les dangers, canalis\u00e9 par Monique Mathieu - Dojo du Nouveau Monde","robots":{"index":"index","follow":"follow","max-snippet":"max-snippet:-1","max-image-preview":"max-image-preview:large","max-video-preview":"max-video-preview:-1"},"canonical":"https:\/\/jrfortin.com\/jrf\/blog\/septembre-mois-de-tous-les-dangers-canalise-par-monique-mathieu\/","og_locale":"fr_FR","og_type":"article","og_title":"Septembre, mois de tous les dangers, canalis\u00e9 par Monique Mathieu - Dojo du Nouveau Monde","og_description":"Canalis\u00e9 par Monique Mathieu et Partag\u00e9 par Messag\u2026 continuez la lecture","og_url":"https:\/\/jrfortin.com\/jrf\/blog\/septembre-mois-de-tous-les-dangers-canalise-par-monique-mathieu\/","og_site_name":"Dojo du Nouveau Monde","article_published_time":"2021-09-06T13:28:29+00:00","og_image":[{"width":1280,"height":853,"url":"https:\/\/i0.wp.com\/jrfortin.com\/jrf\/wp-content\/uploads\/2021\/09\/Priere.jpg?fit=1280%2C853&ssl=1","type":"image\/jpeg"}],"author":"Shihan Jean-Rock Fortin, M.A.","twitter_card":"summary_large_image","twitter_creator":"@fortin_rock","twitter_site":"@fortin_rock","twitter_misc":{"\u00c9crit par":"Shihan Jean-Rock Fortin, M.A.","Dur\u00e9e de lecture estim\u00e9e":"7 minutes"},"schema":{"@context":"https:\/\/schema.org","@graph":[{"@type":"Article","@id":"https:\/\/jrfortin.com\/jrf\/blog\/septembre-mois-de-tous-les-dangers-canalise-par-monique-mathieu\/#article","isPartOf":{"@id":"https:\/\/jrfortin.com\/jrf\/blog\/septembre-mois-de-tous-les-dangers-canalise-par-monique-mathieu\/"},"author":{"name":"Shihan Jean-Rock Fortin, M.A.","@id":"https:\/\/jrfortin.com\/jrf\/#\/schema\/person\/420b013ae3febafe8d99a66adee55de9"},"headline":"Septembre, mois de tous les dangers, canalis\u00e9 par Monique Mathieu","datePublished":"2021-09-06T13:28:29+00:00","mainEntityOfPage":{"@id":"https:\/\/jrfortin.com\/jrf\/blog\/septembre-mois-de-tous-les-dangers-canalise-par-monique-mathieu\/"},"wordCount":1376,"commentCount":0,"publisher":{"@id":"https:\/\/jrfortin.com\/jrf\/#\/schema\/person\/420b013ae3febafe8d99a66adee55de9"},"image":{"@id":"https:\/\/jrfortin.com\/jrf\/blog\/septembre-mois-de-tous-les-dangers-canalise-par-monique-mathieu\/#primaryimage"},"thumbnailUrl":"https:\/\/i0.wp.com\/jrfortin.com\/jrf\/wp-content\/uploads\/2021\/09\/Priere.jpg?fit=1280%2C853&ssl=1","articleSection":["\u00c9veil des consciences"],"inLanguage":"fr-FR","potentialAction":[{"@type":"CommentAction","name":"Comment","target":["https:\/\/jrfortin.com\/jrf\/blog\/septembre-mois-de-tous-les-dangers-canalise-par-monique-mathieu\/#respond"]}]},{"@type":"WebPage","@id":"https:\/\/jrfortin.com\/jrf\/blog\/septembre-mois-de-tous-les-dangers-canalise-par-monique-mathieu\/","url":"https:\/\/jrfortin.com\/jrf\/blog\/septembre-mois-de-tous-les-dangers-canalise-par-monique-mathieu\/","name":"Septembre, mois de tous les dangers, canalis\u00e9 par Monique Mathieu - Dojo du Nouveau Monde","isPartOf":{"@id":"https:\/\/jrfortin.com\/jrf\/#website"},"primaryImageOfPage":{"@id":"https:\/\/jrfortin.com\/jrf\/blog\/septembre-mois-de-tous-les-dangers-canalise-par-monique-mathieu\/#primaryimage"},"image":{"@id":"https:\/\/jrfortin.com\/jrf\/blog\/septembre-mois-de-tous-les-dangers-canalise-par-monique-mathieu\/#primaryimage"},"thumbnailUrl":"https:\/\/i0.wp.com\/jrfortin.com\/jrf\/wp-content\/uploads\/2021\/09\/Priere.jpg?fit=1280%2C853&ssl=1","datePublished":"2021-09-06T13:28:29+00:00","breadcrumb":{"@id":"https:\/\/jrfortin.com\/jrf\/blog\/septembre-mois-de-tous-les-dangers-canalise-par-monique-mathieu\/#breadcrumb"},"inLanguage":"fr-FR","potentialAction":[{"@type":"ReadAction","target":["https:\/\/jrfortin.com\/jrf\/blog\/septembre-mois-de-tous-les-dangers-canalise-par-monique-mathieu\/"]}]},{"@type":"ImageObject","inLanguage":"fr-FR","@id":"https:\/\/jrfortin.com\/jrf\/blog\/septembre-mois-de-tous-les-dangers-canalise-par-monique-mathieu\/#primaryimage","url":"https:\/\/i0.wp.com\/jrfortin.com\/jrf\/wp-content\/uploads\/2021\/09\/Priere.jpg?fit=1280%2C853&ssl=1","contentUrl":"https:\/\/i0.wp.com\/jrfortin.com\/jrf\/wp-content\/uploads\/2021\/09\/Priere.jpg?fit=1280%2C853&ssl=1","width":1280,"height":853},{"@type":"BreadcrumbList","@id":"https:\/\/jrfortin.com\/jrf\/blog\/septembre-mois-de-tous-les-dangers-canalise-par-monique-mathieu\/#breadcrumb","itemListElement":[{"@type":"ListItem","position":1,"name":"Accueil","item":"https:\/\/jrfortin.com\/jrf\/"},{"@type":"ListItem","position":2,"name":"Septembre, mois de tous les dangers, canalis\u00e9 par Monique Mathieu"}]},{"@type":"WebSite","@id":"https:\/\/jrfortin.com\/jrf\/#website","url":"https:\/\/jrfortin.com\/jrf\/","name":"Dojo du Nouveau Monde","description":"R\u00e9seau de Shihan Jean-Rock Fortin","publisher":{"@id":"https:\/\/jrfortin.com\/jrf\/#\/schema\/person\/420b013ae3febafe8d99a66adee55de9"},"potentialAction":[{"@type":"SearchAction","target":{"@type":"EntryPoint","urlTemplate":"https:\/\/jrfortin.com\/jrf\/?s={search_term_string}"},"query-input":{"@type":"PropertyValueSpecification","valueRequired":true,"valueName":"search_term_string"}}],"inLanguage":"fr-FR"},{"@type":["Person","Organization"],"@id":"https:\/\/jrfortin.com\/jrf\/#\/schema\/person\/420b013ae3febafe8d99a66adee55de9","name":"Shihan Jean-Rock Fortin, M.A.","image":{"@type":"ImageObject","inLanguage":"fr-FR","@id":"https:\/\/jrfortin.com\/jrf\/#\/schema\/person\/image\/","url":"https:\/\/i2.wp.com\/jrfortin.com\/jrf\/wp-content\/uploads\/2020\/07\/ki-le-chemin.jpg?fit=600%2C848&ssl=1","contentUrl":"https:\/\/i2.wp.com\/jrfortin.com\/jrf\/wp-content\/uploads\/2020\/07\/ki-le-chemin.jpg?fit=600%2C848&ssl=1","width":600,"height":848,"caption":"Shihan Jean-Rock Fortin, M.A."},"logo":{"@id":"https:\/\/jrfortin.com\/jrf\/#\/schema\/person\/image\/"},"description":"Globetrotteur par affaires et pour le plaisir, et Orientaliste, je suis instructeur d'arts martiaux (maitre-enseignant de Ki-A\u00efkido [Shihan] &amp; Dim-Mak), Fondateur du Dojo du Nouveau Monde (2010), \"S\u00e9ancier\" de Kiatsu, M\u00e9tatronicien, Radiesth\u00e9siste, Coutelier d'art, Conf\u00e9rencier et Auteur du livre \"Ki - Le Chemin de l'\u00c9veil\" (2018). Je suis \u00e9galement Consultant strat\u00e9gique en \u00e9volution et prosp\u00e9rit\u00e9 des personnes et des organisations.","sameAs":["http:\/\/www.jrfortin.com"],"url":"https:\/\/jrfortin.com\/jrf\/blog\/author\/jean-rock\/"}]}},"jetpack_featured_media_url":"https:\/\/i0.wp.com\/jrfortin.com\/jrf\/wp-content\/uploads\/2021\/09\/Priere.jpg?fit=1280%2C853&ssl=1","jetpack_sharing_enabled":true,"_links":{"self":[{"href":"https:\/\/jrfortin.com\/jrf\/wp-json\/wp\/v2\/posts\/16547","targetHints":{"allow":["GET"]}}],"collection":[{"href":"https:\/\/jrfortin.com\/jrf\/wp-json\/wp\/v2\/posts"}],"about":[{"href":"https:\/\/jrfortin.com\/jrf\/wp-json\/wp\/v2\/types\/post"}],"author":[{"embeddable":true,"href":"https:\/\/jrfortin.com\/jrf\/wp-json\/wp\/v2\/users\/1"}],"replies":[{"embeddable":true,"href":"https:\/\/jrfortin.com\/jrf\/wp-json\/wp\/v2\/comments?post=16547"}],"version-history":[{"count":1,"href":"https:\/\/jrfortin.com\/jrf\/wp-json\/wp\/v2\/posts\/16547\/revisions"}],"predecessor-version":[{"id":16549,"href":"https:\/\/jrfortin.com\/jrf\/wp-json\/wp\/v2\/posts\/16547\/revisions\/16549"}],"wp:featuredmedia":[{"embeddable":true,"href":"https:\/\/jrfortin.com\/jrf\/wp-json\/wp\/v2\/media\/16548"}],"wp:attachment":[{"href":"https:\/\/jrfortin.com\/jrf\/wp-json\/wp\/v2\/media?parent=16547"}],"wp:term":[{"taxonomy":"category","embeddable":true,"href":"https:\/\/jrfortin.com\/jrf\/wp-json\/wp\/v2\/categories?post=16547"},{"taxonomy":"post_tag","embeddable":true,"href":"https:\/\/jrfortin.com\/jrf\/wp-json\/wp\/v2\/tags?post=16547"}],"curies":[{"name":"wp","href":"https:\/\/api.w.org\/{rel}","templated":true}]}}