{"id":17972,"date":"2022-09-19T08:00:56","date_gmt":"2022-09-19T12:00:56","guid":{"rendered":"https:\/\/jrfortin.com\/jrf\/?p=17972"},"modified":"2022-09-30T12:14:03","modified_gmt":"2022-09-30T16:14:03","slug":"vernissage-de-jean-rock-fortin-coutelier-dart-18-septembre-2022","status":"publish","type":"post","link":"https:\/\/jrfortin.com\/jrf\/blog\/vernissage-de-jean-rock-fortin-coutelier-dart-18-septembre-2022\/","title":{"rendered":"Exposition \/ Galerie d&rsquo;art itin\u00e9rante de Jean-Rock Fortin, COUTELIER D\u2019ART"},"content":{"rendered":"<h3 style=\"text-align: center;\">Jean-Rock Fortin, M.A., COUTELIER D\u2019ART<\/h3>\n<p>Le dimanche 18 septembre 2022 de 12 h \u00e0 16 h s&rsquo;est tenue une exposition de couteaux d&rsquo;arts au Centre de Sant\u00e9 Holistique Les Deux Mondes \u00e0 Saint-Gabriel-de-Valcartier, QC (Site Internet : <a href=\"https:\/\/lesdeuxmondes.ca\">https:\/\/lesdeuxmondes.ca)<\/a>. L\u2019\u00e9v\u00e9nement a \u00e9t\u00e9 anim\u00e9 par <em>Shihan<\/em> <strong>Jean-Rock Fortin,<\/strong> M.A., Artisan et Coutelier d\u2019Art, Fondateur du <a href=\"https:\/\/jrfortin.com\/jrf\/\">Dojo du Nouveau-Monde<\/a> et auteur du livre\u00a0: <a href=\"https:\/\/jrfortin.com\/jrf\/ouvrages-litteraires-de-jean-rock-fortin-sur-le-ki-laikido-et-la-coordination-corps-esprit\/\">Ki, le Chemin de l\u2019\u00c9veil<\/a>.<\/p>\n<p class=\"wp-image-243 size-full aligncenter\"><img data-recalc-dims=\"1\" loading=\"lazy\" decoding=\"async\" class=\"wp-image-243 size-full aligncenter\" src=\"https:\/\/i0.wp.com\/jrfortin.com\/jrf\/lucioles\/wp-content\/uploads\/sites\/38\/2022\/08\/montagef.png?resize=830%2C678\" alt=\"\" width=\"830\" height=\"678\" \/><\/p>\n<p>Les visiteurs ont pu admirer et toucher pour le plaisir des \u0153uvres d\u2019art exceptionnelles fabriqu\u00e9es enti\u00e8rement \u00e0 la main : Katanas (sabres japonais des Samoura\u00efs), Boken d\u2019art (sabre en bois), Kiridashi, Hamidashi, Rapi\u00e8re, Sabre \u00e0 champagne, \u00c9p\u00e9es m\u00e9di\u00e9vales, Couteaux et Dagues vari\u00e9s\u2026des<em> objets tr\u00e8s esth\u00e9tiques et tr\u00e8s vibrants. <\/em>Un film sur la fabrication de Katanas \u00e0 Qu\u00e9bec a \u00e9t\u00e9 pr\u00e9sent\u00e9 en continu.<\/p>\n<p style=\"text-align: center;\"><img data-recalc-dims=\"1\" loading=\"lazy\" decoding=\"async\" data-attachment-id=\"18042\" data-permalink=\"https:\/\/jrfortin.com\/jrf\/blog\/vernissage-de-jean-rock-fortin-coutelier-dart-18-septembre-2022\/expo\/\" data-orig-file=\"https:\/\/i0.wp.com\/jrfortin.com\/jrf\/wp-content\/uploads\/2022\/08\/expo.png?fit=2672%2C1558&amp;ssl=1\" data-orig-size=\"2672,1558\" data-comments-opened=\"1\" data-image-meta=\"{&quot;aperture&quot;:&quot;0&quot;,&quot;credit&quot;:&quot;&quot;,&quot;camera&quot;:&quot;&quot;,&quot;caption&quot;:&quot;&quot;,&quot;created_timestamp&quot;:&quot;0&quot;,&quot;copyright&quot;:&quot;&quot;,&quot;focal_length&quot;:&quot;0&quot;,&quot;iso&quot;:&quot;0&quot;,&quot;shutter_speed&quot;:&quot;0&quot;,&quot;title&quot;:&quot;&quot;,&quot;orientation&quot;:&quot;0&quot;}\" data-image-title=\"expo\" data-image-description=\"\" data-image-caption=\"\" data-medium-file=\"https:\/\/i0.wp.com\/jrfortin.com\/jrf\/wp-content\/uploads\/2022\/08\/expo.png?fit=300%2C175&amp;ssl=1\" data-large-file=\"https:\/\/i0.wp.com\/jrfortin.com\/jrf\/wp-content\/uploads\/2022\/08\/expo.png?fit=830%2C484&amp;ssl=1\" class=\"alignnone wp-image-18042 size-full\" src=\"https:\/\/i0.wp.com\/jrfortin.com\/jrf\/wp-content\/uploads\/2022\/08\/expo.png?resize=830%2C484\" alt=\"\" width=\"830\" height=\"484\" srcset=\"https:\/\/i0.wp.com\/jrfortin.com\/jrf\/wp-content\/uploads\/2022\/08\/expo.png?w=2672&amp;ssl=1 2672w, https:\/\/i0.wp.com\/jrfortin.com\/jrf\/wp-content\/uploads\/2022\/08\/expo.png?resize=300%2C175&amp;ssl=1 300w, https:\/\/i0.wp.com\/jrfortin.com\/jrf\/wp-content\/uploads\/2022\/08\/expo.png?resize=1024%2C597&amp;ssl=1 1024w, https:\/\/i0.wp.com\/jrfortin.com\/jrf\/wp-content\/uploads\/2022\/08\/expo.png?resize=768%2C448&amp;ssl=1 768w, https:\/\/i0.wp.com\/jrfortin.com\/jrf\/wp-content\/uploads\/2022\/08\/expo.png?resize=1536%2C896&amp;ssl=1 1536w, https:\/\/i0.wp.com\/jrfortin.com\/jrf\/wp-content\/uploads\/2022\/08\/expo.png?resize=2048%2C1194&amp;ssl=1 2048w, https:\/\/i0.wp.com\/jrfortin.com\/jrf\/wp-content\/uploads\/2022\/08\/expo.png?resize=150%2C87&amp;ssl=1 150w, https:\/\/i0.wp.com\/jrfortin.com\/jrf\/wp-content\/uploads\/2022\/08\/expo.png?resize=1320%2C770&amp;ssl=1 1320w, https:\/\/i0.wp.com\/jrfortin.com\/jrf\/wp-content\/uploads\/2022\/08\/expo.png?resize=24%2C14&amp;ssl=1 24w, https:\/\/i0.wp.com\/jrfortin.com\/jrf\/wp-content\/uploads\/2022\/08\/expo.png?resize=36%2C21&amp;ssl=1 36w, https:\/\/i0.wp.com\/jrfortin.com\/jrf\/wp-content\/uploads\/2022\/08\/expo.png?resize=48%2C28&amp;ssl=1 48w, https:\/\/i0.wp.com\/jrfortin.com\/jrf\/wp-content\/uploads\/2022\/08\/expo.png?w=1660&amp;ssl=1 1660w, https:\/\/i0.wp.com\/jrfortin.com\/jrf\/wp-content\/uploads\/2022\/08\/expo.png?w=2490&amp;ssl=1 2490w\" sizes=\"auto, (max-width: 830px) 100vw, 830px\" \/><\/p>\n<p>Peu apr\u00e8s 14h00, une conf\u00e9rence a \u00e9t\u00e9 offerte dans la salle d\u2019exposition. Elle a port\u00e9 sur la coutellerie d\u2019Art, la fabrication et l\u2019histoire des Katanas japonais et les pratiques de sabres.<\/p>\n<p>L&rsquo;\u00e9v\u00e9nement qui se voulait une exp\u00e9rience, soit un rodage d&rsquo;activit\u00e9 \u00e0 reproduire aupr\u00e8s d&rsquo;autres groupes, a \u00e9t\u00e9 un franc succ\u00e8s. La fascination du petit groupe de participants \u00e9tait palpable. Les commentaires du livre d&rsquo;or ont \u00e9t\u00e9 \u00e9logieux :<\/p>\n<p style=\"text-align: center;\"><strong><em>Merci pour cette superbe pr\u00e9sentation !<\/em><\/strong><\/p>\n<p style=\"text-align: center;\"><strong><em>Quelle exp\u00e9rience formidable ! Honor\u00e9 par votre pr\u00e9sentation et votre grande g\u00e9n\u00e9rosit\u00e9 dans le partage de votre art. Au grand bonheur de vous recevoir<br \/>\n\u00e0 nouveau, bient\u00f4t&#8230; <\/em><\/strong><\/p>\n<p style=\"text-align: center;\"><strong><em>Magnifique ! Tr\u00e8s beau travail. Bravo !<\/em><\/strong><\/p>\n<p style=\"text-align: center;\"><strong><em>C\u2019\u00e9tait super le setup ! Tr\u00e8s professionnel et aussi la conf\u00e9rence !<br \/>\nMa fille a ador\u00e9 !<br \/>\n<\/em><\/strong><\/p>\n<p style=\"text-align: center;\"><strong><em>Tr\u00e8s int\u00e9ressant, Merci pour tout !<\/em><\/strong><\/p>\n<p style=\"text-align: center;\"><strong><em>Super conf\u00e9rence !<\/em><\/strong><\/p>\n<p>En plus de pouvoir acheter des \u0153uvres couteli\u00e8res sur place et de passer des commandes, les visiteurs ont pu se procurer des articles divers de radiesth\u00e9sie et le livre :\u00a0 <a href=\"https:\/\/jrfortin.com\/jrf\/ouvrages-litteraires-de-jean-rock-fortin-sur-le-ki-laikido-et-la-coordination-corps-esprit\/\">Ki, le Chemin de l\u2019\u00c9veil<\/a>.<\/p>\n<p>Pour en savoir davantage ou pour toute question, ou <strong>pour organiser une activit\u00e9 artistique ou une conf\u00e9rence aupr\u00e8s de vos groupes<\/strong>, contactez-moi au 418-650-5494, ou par courriel : <a href=\"mailto:jrfortin@me.com\">jrfortin@me.com<\/a>.<\/p>\n<p>Au plaisir de se rencontrer en toute convivialit\u00e9\u00a0!<\/p>\n<p style=\"text-align: right;\"><strong>Jean-Rock Fortin<br \/>\n<\/strong>Coutelier d\u2019art<\/p>\n","protected":false},"excerpt":{"rendered":"<p>Jean-Rock Fortin, M.A., COUTELIER D\u2019ART Le dimanch\u2026<\/p>\n<p> <a class=\"continue-reading-link\" href=\"https:\/\/jrfortin.com\/jrf\/blog\/vernissage-de-jean-rock-fortin-coutelier-dart-18-septembre-2022\/\"><span>continuez la lecture<\/span><i class=\"crycon-right-dir\"><\/i><\/a> <\/p>\n","protected":false},"author":1,"featured_media":18042,"comment_status":"open","ping_status":"open","sticky":false,"template":"","format":"standard","meta":{"_jetpack_memberships_contains_paid_content":false,"footnotes":""},"categories":[314,114],"tags":[],"class_list":["post-17972","post","type-post","status-publish","format-standard","has-post-thumbnail","hentry","category-arts","category-ki-aikido-et-arts-martiaux"],"yoast_head":"<!-- This site is optimized with the Yoast SEO plugin v26.7 - https:\/\/yoast.com\/wordpress\/plugins\/seo\/ -->\n<title>Exposition \/ Galerie d&#039;art itin\u00e9rante de Jean-Rock Fortin, COUTELIER D\u2019ART - Dojo du Nouveau Monde<\/title>\n<meta name=\"robots\" content=\"index, follow, max-snippet:-1, max-image-preview:large, max-video-preview:-1\" \/>\n<link rel=\"canonical\" href=\"https:\/\/jrfortin.com\/jrf\/blog\/vernissage-de-jean-rock-fortin-coutelier-dart-18-septembre-2022\/\" \/>\n<meta property=\"og:locale\" content=\"fr_FR\" \/>\n<meta property=\"og:type\" content=\"article\" \/>\n<meta property=\"og:title\" content=\"Exposition \/ Galerie d&#039;art itin\u00e9rante de Jean-Rock Fortin, COUTELIER D\u2019ART - Dojo du Nouveau Monde\" \/>\n<meta property=\"og:description\" content=\"Jean-Rock Fortin, M.A., COUTELIER D\u2019ART Le dimanch\u2026 continuez la lecture\" \/>\n<meta property=\"og:url\" content=\"https:\/\/jrfortin.com\/jrf\/blog\/vernissage-de-jean-rock-fortin-coutelier-dart-18-septembre-2022\/\" \/>\n<meta property=\"og:site_name\" content=\"Dojo du Nouveau Monde\" \/>\n<meta property=\"article:published_time\" content=\"2022-09-19T12:00:56+00:00\" \/>\n<meta property=\"article:modified_time\" content=\"2022-09-30T16:14:03+00:00\" \/>\n<meta property=\"og:image\" content=\"https:\/\/jrfortin.com\/jrf\/wp-content\/uploads\/2022\/08\/expo-1024x597.png\" \/>\n\t<meta property=\"og:image:width\" content=\"1024\" \/>\n\t<meta property=\"og:image:height\" content=\"597\" \/>\n\t<meta property=\"og:image:type\" content=\"image\/png\" \/>\n<meta name=\"author\" content=\"Shihan Jean-Rock Fortin, M.A.\" \/>\n<meta name=\"twitter:card\" content=\"summary_large_image\" \/>\n<meta name=\"twitter:creator\" content=\"@fortin_rock\" \/>\n<meta name=\"twitter:site\" content=\"@fortin_rock\" \/>\n<meta name=\"twitter:label1\" content=\"\u00c9crit par\" \/>\n\t<meta name=\"twitter:data1\" content=\"Shihan Jean-Rock Fortin, M.A.\" \/>\n\t<meta name=\"twitter:label2\" content=\"Dur\u00e9e de lecture estim\u00e9e\" \/>\n\t<meta name=\"twitter:data2\" content=\"2 minutes\" \/>\n<script type=\"application\/ld+json\" class=\"yoast-schema-graph\">{\"@context\":\"https:\/\/schema.org\",\"@graph\":[{\"@type\":\"Article\",\"@id\":\"https:\/\/jrfortin.com\/jrf\/blog\/vernissage-de-jean-rock-fortin-coutelier-dart-18-septembre-2022\/#article\",\"isPartOf\":{\"@id\":\"https:\/\/jrfortin.com\/jrf\/blog\/vernissage-de-jean-rock-fortin-coutelier-dart-18-septembre-2022\/\"},\"author\":{\"name\":\"Shihan Jean-Rock Fortin, M.A.\",\"@id\":\"https:\/\/jrfortin.com\/jrf\/#\/schema\/person\/420b013ae3febafe8d99a66adee55de9\"},\"headline\":\"Exposition \/ Galerie d&rsquo;art itin\u00e9rante de Jean-Rock Fortin, COUTELIER D\u2019ART\",\"datePublished\":\"2022-09-19T12:00:56+00:00\",\"dateModified\":\"2022-09-30T16:14:03+00:00\",\"mainEntityOfPage\":{\"@id\":\"https:\/\/jrfortin.com\/jrf\/blog\/vernissage-de-jean-rock-fortin-coutelier-dart-18-septembre-2022\/\"},\"wordCount\":387,\"commentCount\":0,\"publisher\":{\"@id\":\"https:\/\/jrfortin.com\/jrf\/#\/schema\/person\/420b013ae3febafe8d99a66adee55de9\"},\"image\":{\"@id\":\"https:\/\/jrfortin.com\/jrf\/blog\/vernissage-de-jean-rock-fortin-coutelier-dart-18-septembre-2022\/#primaryimage\"},\"thumbnailUrl\":\"https:\/\/i0.wp.com\/jrfortin.com\/jrf\/wp-content\/uploads\/2022\/08\/expo.png?fit=2672%2C1558&ssl=1\",\"articleSection\":[\"Arts\",\"Arts martiaux et Ki\"],\"inLanguage\":\"fr-FR\",\"potentialAction\":[{\"@type\":\"CommentAction\",\"name\":\"Comment\",\"target\":[\"https:\/\/jrfortin.com\/jrf\/blog\/vernissage-de-jean-rock-fortin-coutelier-dart-18-septembre-2022\/#respond\"]}]},{\"@type\":\"WebPage\",\"@id\":\"https:\/\/jrfortin.com\/jrf\/blog\/vernissage-de-jean-rock-fortin-coutelier-dart-18-septembre-2022\/\",\"url\":\"https:\/\/jrfortin.com\/jrf\/blog\/vernissage-de-jean-rock-fortin-coutelier-dart-18-septembre-2022\/\",\"name\":\"Exposition \/ Galerie d'art itin\u00e9rante de Jean-Rock Fortin, COUTELIER D\u2019ART - Dojo du Nouveau Monde\",\"isPartOf\":{\"@id\":\"https:\/\/jrfortin.com\/jrf\/#website\"},\"primaryImageOfPage\":{\"@id\":\"https:\/\/jrfortin.com\/jrf\/blog\/vernissage-de-jean-rock-fortin-coutelier-dart-18-septembre-2022\/#primaryimage\"},\"image\":{\"@id\":\"https:\/\/jrfortin.com\/jrf\/blog\/vernissage-de-jean-rock-fortin-coutelier-dart-18-septembre-2022\/#primaryimage\"},\"thumbnailUrl\":\"https:\/\/i0.wp.com\/jrfortin.com\/jrf\/wp-content\/uploads\/2022\/08\/expo.png?fit=2672%2C1558&ssl=1\",\"datePublished\":\"2022-09-19T12:00:56+00:00\",\"dateModified\":\"2022-09-30T16:14:03+00:00\",\"breadcrumb\":{\"@id\":\"https:\/\/jrfortin.com\/jrf\/blog\/vernissage-de-jean-rock-fortin-coutelier-dart-18-septembre-2022\/#breadcrumb\"},\"inLanguage\":\"fr-FR\",\"potentialAction\":[{\"@type\":\"ReadAction\",\"target\":[\"https:\/\/jrfortin.com\/jrf\/blog\/vernissage-de-jean-rock-fortin-coutelier-dart-18-septembre-2022\/\"]}]},{\"@type\":\"ImageObject\",\"inLanguage\":\"fr-FR\",\"@id\":\"https:\/\/jrfortin.com\/jrf\/blog\/vernissage-de-jean-rock-fortin-coutelier-dart-18-septembre-2022\/#primaryimage\",\"url\":\"https:\/\/i0.wp.com\/jrfortin.com\/jrf\/wp-content\/uploads\/2022\/08\/expo.png?fit=2672%2C1558&ssl=1\",\"contentUrl\":\"https:\/\/i0.wp.com\/jrfortin.com\/jrf\/wp-content\/uploads\/2022\/08\/expo.png?fit=2672%2C1558&ssl=1\",\"width\":2672,\"height\":1558},{\"@type\":\"BreadcrumbList\",\"@id\":\"https:\/\/jrfortin.com\/jrf\/blog\/vernissage-de-jean-rock-fortin-coutelier-dart-18-septembre-2022\/#breadcrumb\",\"itemListElement\":[{\"@type\":\"ListItem\",\"position\":1,\"name\":\"Accueil\",\"item\":\"https:\/\/jrfortin.com\/jrf\/\"},{\"@type\":\"ListItem\",\"position\":2,\"name\":\"Exposition \/ Galerie d&#8217;art itin\u00e9rante de Jean-Rock Fortin, COUTELIER D\u2019ART\"}]},{\"@type\":\"WebSite\",\"@id\":\"https:\/\/jrfortin.com\/jrf\/#website\",\"url\":\"https:\/\/jrfortin.com\/jrf\/\",\"name\":\"Dojo du Nouveau Monde\",\"description\":\"R\u00e9seau de Shihan Jean-Rock Fortin\",\"publisher\":{\"@id\":\"https:\/\/jrfortin.com\/jrf\/#\/schema\/person\/420b013ae3febafe8d99a66adee55de9\"},\"potentialAction\":[{\"@type\":\"SearchAction\",\"target\":{\"@type\":\"EntryPoint\",\"urlTemplate\":\"https:\/\/jrfortin.com\/jrf\/?s={search_term_string}\"},\"query-input\":{\"@type\":\"PropertyValueSpecification\",\"valueRequired\":true,\"valueName\":\"search_term_string\"}}],\"inLanguage\":\"fr-FR\"},{\"@type\":[\"Person\",\"Organization\"],\"@id\":\"https:\/\/jrfortin.com\/jrf\/#\/schema\/person\/420b013ae3febafe8d99a66adee55de9\",\"name\":\"Shihan Jean-Rock Fortin, M.A.\",\"image\":{\"@type\":\"ImageObject\",\"inLanguage\":\"fr-FR\",\"@id\":\"https:\/\/jrfortin.com\/jrf\/#\/schema\/person\/image\/\",\"url\":\"https:\/\/i2.wp.com\/jrfortin.com\/jrf\/wp-content\/uploads\/2020\/07\/ki-le-chemin.jpg?fit=600%2C848&ssl=1\",\"contentUrl\":\"https:\/\/i2.wp.com\/jrfortin.com\/jrf\/wp-content\/uploads\/2020\/07\/ki-le-chemin.jpg?fit=600%2C848&ssl=1\",\"width\":600,\"height\":848,\"caption\":\"Shihan Jean-Rock Fortin, M.A.\"},\"logo\":{\"@id\":\"https:\/\/jrfortin.com\/jrf\/#\/schema\/person\/image\/\"},\"description\":\"Globetrotteur par affaires et pour le plaisir, et Orientaliste, je suis instructeur d'arts martiaux (maitre-enseignant de Ki-A\u00efkido [Shihan] &amp; Dim-Mak), Fondateur du Dojo du Nouveau Monde (2010), \\\"S\u00e9ancier\\\" de Kiatsu, M\u00e9tatronicien, Radiesth\u00e9siste, Coutelier d'art, Conf\u00e9rencier et Auteur du livre \\\"Ki - Le Chemin de l'\u00c9veil\\\" (2018). Je suis \u00e9galement Consultant strat\u00e9gique en \u00e9volution et prosp\u00e9rit\u00e9 des personnes et des organisations.\",\"sameAs\":[\"http:\/\/www.jrfortin.com\"],\"url\":\"https:\/\/jrfortin.com\/jrf\/blog\/author\/jean-rock\/\"}]}<\/script>\n<!-- \/ Yoast SEO plugin. -->","yoast_head_json":{"title":"Exposition \/ Galerie d'art itin\u00e9rante de Jean-Rock Fortin, COUTELIER D\u2019ART - Dojo du Nouveau Monde","robots":{"index":"index","follow":"follow","max-snippet":"max-snippet:-1","max-image-preview":"max-image-preview:large","max-video-preview":"max-video-preview:-1"},"canonical":"https:\/\/jrfortin.com\/jrf\/blog\/vernissage-de-jean-rock-fortin-coutelier-dart-18-septembre-2022\/","og_locale":"fr_FR","og_type":"article","og_title":"Exposition \/ Galerie d'art itin\u00e9rante de Jean-Rock Fortin, COUTELIER D\u2019ART - Dojo du Nouveau Monde","og_description":"Jean-Rock Fortin, M.A., COUTELIER D\u2019ART Le dimanch\u2026 continuez la lecture","og_url":"https:\/\/jrfortin.com\/jrf\/blog\/vernissage-de-jean-rock-fortin-coutelier-dart-18-septembre-2022\/","og_site_name":"Dojo du Nouveau Monde","article_published_time":"2022-09-19T12:00:56+00:00","article_modified_time":"2022-09-30T16:14:03+00:00","og_image":[{"width":1024,"height":597,"url":"https:\/\/jrfortin.com\/jrf\/wp-content\/uploads\/2022\/08\/expo-1024x597.png","type":"image\/png"}],"author":"Shihan Jean-Rock Fortin, M.A.","twitter_card":"summary_large_image","twitter_creator":"@fortin_rock","twitter_site":"@fortin_rock","twitter_misc":{"\u00c9crit par":"Shihan Jean-Rock Fortin, M.A.","Dur\u00e9e de lecture estim\u00e9e":"2 minutes"},"schema":{"@context":"https:\/\/schema.org","@graph":[{"@type":"Article","@id":"https:\/\/jrfortin.com\/jrf\/blog\/vernissage-de-jean-rock-fortin-coutelier-dart-18-septembre-2022\/#article","isPartOf":{"@id":"https:\/\/jrfortin.com\/jrf\/blog\/vernissage-de-jean-rock-fortin-coutelier-dart-18-septembre-2022\/"},"author":{"name":"Shihan Jean-Rock Fortin, M.A.","@id":"https:\/\/jrfortin.com\/jrf\/#\/schema\/person\/420b013ae3febafe8d99a66adee55de9"},"headline":"Exposition \/ Galerie d&rsquo;art itin\u00e9rante de Jean-Rock Fortin, COUTELIER D\u2019ART","datePublished":"2022-09-19T12:00:56+00:00","dateModified":"2022-09-30T16:14:03+00:00","mainEntityOfPage":{"@id":"https:\/\/jrfortin.com\/jrf\/blog\/vernissage-de-jean-rock-fortin-coutelier-dart-18-septembre-2022\/"},"wordCount":387,"commentCount":0,"publisher":{"@id":"https:\/\/jrfortin.com\/jrf\/#\/schema\/person\/420b013ae3febafe8d99a66adee55de9"},"image":{"@id":"https:\/\/jrfortin.com\/jrf\/blog\/vernissage-de-jean-rock-fortin-coutelier-dart-18-septembre-2022\/#primaryimage"},"thumbnailUrl":"https:\/\/i0.wp.com\/jrfortin.com\/jrf\/wp-content\/uploads\/2022\/08\/expo.png?fit=2672%2C1558&ssl=1","articleSection":["Arts","Arts martiaux et Ki"],"inLanguage":"fr-FR","potentialAction":[{"@type":"CommentAction","name":"Comment","target":["https:\/\/jrfortin.com\/jrf\/blog\/vernissage-de-jean-rock-fortin-coutelier-dart-18-septembre-2022\/#respond"]}]},{"@type":"WebPage","@id":"https:\/\/jrfortin.com\/jrf\/blog\/vernissage-de-jean-rock-fortin-coutelier-dart-18-septembre-2022\/","url":"https:\/\/jrfortin.com\/jrf\/blog\/vernissage-de-jean-rock-fortin-coutelier-dart-18-septembre-2022\/","name":"Exposition \/ Galerie d'art itin\u00e9rante de Jean-Rock Fortin, COUTELIER D\u2019ART - Dojo du Nouveau Monde","isPartOf":{"@id":"https:\/\/jrfortin.com\/jrf\/#website"},"primaryImageOfPage":{"@id":"https:\/\/jrfortin.com\/jrf\/blog\/vernissage-de-jean-rock-fortin-coutelier-dart-18-septembre-2022\/#primaryimage"},"image":{"@id":"https:\/\/jrfortin.com\/jrf\/blog\/vernissage-de-jean-rock-fortin-coutelier-dart-18-septembre-2022\/#primaryimage"},"thumbnailUrl":"https:\/\/i0.wp.com\/jrfortin.com\/jrf\/wp-content\/uploads\/2022\/08\/expo.png?fit=2672%2C1558&ssl=1","datePublished":"2022-09-19T12:00:56+00:00","dateModified":"2022-09-30T16:14:03+00:00","breadcrumb":{"@id":"https:\/\/jrfortin.com\/jrf\/blog\/vernissage-de-jean-rock-fortin-coutelier-dart-18-septembre-2022\/#breadcrumb"},"inLanguage":"fr-FR","potentialAction":[{"@type":"ReadAction","target":["https:\/\/jrfortin.com\/jrf\/blog\/vernissage-de-jean-rock-fortin-coutelier-dart-18-septembre-2022\/"]}]},{"@type":"ImageObject","inLanguage":"fr-FR","@id":"https:\/\/jrfortin.com\/jrf\/blog\/vernissage-de-jean-rock-fortin-coutelier-dart-18-septembre-2022\/#primaryimage","url":"https:\/\/i0.wp.com\/jrfortin.com\/jrf\/wp-content\/uploads\/2022\/08\/expo.png?fit=2672%2C1558&ssl=1","contentUrl":"https:\/\/i0.wp.com\/jrfortin.com\/jrf\/wp-content\/uploads\/2022\/08\/expo.png?fit=2672%2C1558&ssl=1","width":2672,"height":1558},{"@type":"BreadcrumbList","@id":"https:\/\/jrfortin.com\/jrf\/blog\/vernissage-de-jean-rock-fortin-coutelier-dart-18-septembre-2022\/#breadcrumb","itemListElement":[{"@type":"ListItem","position":1,"name":"Accueil","item":"https:\/\/jrfortin.com\/jrf\/"},{"@type":"ListItem","position":2,"name":"Exposition \/ Galerie d&#8217;art itin\u00e9rante de Jean-Rock Fortin, COUTELIER D\u2019ART"}]},{"@type":"WebSite","@id":"https:\/\/jrfortin.com\/jrf\/#website","url":"https:\/\/jrfortin.com\/jrf\/","name":"Dojo du Nouveau Monde","description":"R\u00e9seau de Shihan Jean-Rock Fortin","publisher":{"@id":"https:\/\/jrfortin.com\/jrf\/#\/schema\/person\/420b013ae3febafe8d99a66adee55de9"},"potentialAction":[{"@type":"SearchAction","target":{"@type":"EntryPoint","urlTemplate":"https:\/\/jrfortin.com\/jrf\/?s={search_term_string}"},"query-input":{"@type":"PropertyValueSpecification","valueRequired":true,"valueName":"search_term_string"}}],"inLanguage":"fr-FR"},{"@type":["Person","Organization"],"@id":"https:\/\/jrfortin.com\/jrf\/#\/schema\/person\/420b013ae3febafe8d99a66adee55de9","name":"Shihan Jean-Rock Fortin, M.A.","image":{"@type":"ImageObject","inLanguage":"fr-FR","@id":"https:\/\/jrfortin.com\/jrf\/#\/schema\/person\/image\/","url":"https:\/\/i2.wp.com\/jrfortin.com\/jrf\/wp-content\/uploads\/2020\/07\/ki-le-chemin.jpg?fit=600%2C848&ssl=1","contentUrl":"https:\/\/i2.wp.com\/jrfortin.com\/jrf\/wp-content\/uploads\/2020\/07\/ki-le-chemin.jpg?fit=600%2C848&ssl=1","width":600,"height":848,"caption":"Shihan Jean-Rock Fortin, M.A."},"logo":{"@id":"https:\/\/jrfortin.com\/jrf\/#\/schema\/person\/image\/"},"description":"Globetrotteur par affaires et pour le plaisir, et Orientaliste, je suis instructeur d'arts martiaux (maitre-enseignant de Ki-A\u00efkido [Shihan] &amp; Dim-Mak), Fondateur du Dojo du Nouveau Monde (2010), \"S\u00e9ancier\" de Kiatsu, M\u00e9tatronicien, Radiesth\u00e9siste, Coutelier d'art, Conf\u00e9rencier et Auteur du livre \"Ki - Le Chemin de l'\u00c9veil\" (2018). Je suis \u00e9galement Consultant strat\u00e9gique en \u00e9volution et prosp\u00e9rit\u00e9 des personnes et des organisations.","sameAs":["http:\/\/www.jrfortin.com"],"url":"https:\/\/jrfortin.com\/jrf\/blog\/author\/jean-rock\/"}]}},"jetpack_featured_media_url":"https:\/\/i0.wp.com\/jrfortin.com\/jrf\/wp-content\/uploads\/2022\/08\/expo.png?fit=2672%2C1558&ssl=1","jetpack_sharing_enabled":true,"_links":{"self":[{"href":"https:\/\/jrfortin.com\/jrf\/wp-json\/wp\/v2\/posts\/17972","targetHints":{"allow":["GET"]}}],"collection":[{"href":"https:\/\/jrfortin.com\/jrf\/wp-json\/wp\/v2\/posts"}],"about":[{"href":"https:\/\/jrfortin.com\/jrf\/wp-json\/wp\/v2\/types\/post"}],"author":[{"embeddable":true,"href":"https:\/\/jrfortin.com\/jrf\/wp-json\/wp\/v2\/users\/1"}],"replies":[{"embeddable":true,"href":"https:\/\/jrfortin.com\/jrf\/wp-json\/wp\/v2\/comments?post=17972"}],"version-history":[{"count":2,"href":"https:\/\/jrfortin.com\/jrf\/wp-json\/wp\/v2\/posts\/17972\/revisions"}],"predecessor-version":[{"id":18152,"href":"https:\/\/jrfortin.com\/jrf\/wp-json\/wp\/v2\/posts\/17972\/revisions\/18152"}],"wp:featuredmedia":[{"embeddable":true,"href":"https:\/\/jrfortin.com\/jrf\/wp-json\/wp\/v2\/media\/18042"}],"wp:attachment":[{"href":"https:\/\/jrfortin.com\/jrf\/wp-json\/wp\/v2\/media?parent=17972"}],"wp:term":[{"taxonomy":"category","embeddable":true,"href":"https:\/\/jrfortin.com\/jrf\/wp-json\/wp\/v2\/categories?post=17972"},{"taxonomy":"post_tag","embeddable":true,"href":"https:\/\/jrfortin.com\/jrf\/wp-json\/wp\/v2\/tags?post=17972"}],"curies":[{"name":"wp","href":"https:\/\/api.w.org\/{rel}","templated":true}]}}