{"id":18143,"date":"2022-09-29T11:21:59","date_gmt":"2022-09-29T15:21:59","guid":{"rendered":"https:\/\/jrfortin.com\/jrf\/?p=18143"},"modified":"2023-09-27T07:46:28","modified_gmt":"2023-09-27T11:46:28","slug":"livre-ki-le-chemin-de-leveil-2018-40","status":"publish","type":"post","link":"https:\/\/jrfortin.com\/jrf\/blog\/livre-ki-le-chemin-de-leveil-2018-40\/","title":{"rendered":"Livre : KI \u2013 LE CHEMIN DE L\u2019\u00c9VEIL (2018)"},"content":{"rendered":"<h1 style=\"text-align: center;\">Ouvrage sur le Ki, la coordination corps &#8211; esprit et l&rsquo;A\u00efkido<\/h1>\n<hr \/>\n<h3 style=\"text-align: center;\">LES \u00c9DITIONS LE DAUPHIN BLANC<\/h3>\n<div class=\"block-description__row\">\n<div class=\"block-description__row-category\">\n<h4 style=\"text-align: center;\"><img data-recalc-dims=\"1\" loading=\"lazy\" decoding=\"async\" data-attachment-id=\"9155\" data-permalink=\"https:\/\/jrfortin.com\/jrf\/?attachment_id=9155\" data-orig-file=\"https:\/\/i0.wp.com\/jrfortin.com\/jrf\/wp-content\/uploads\/2017\/03\/logo_dauphin.png?fit=164%2C83&amp;ssl=1\" data-orig-size=\"164,83\" data-comments-opened=\"1\" data-image-meta=\"{&quot;aperture&quot;:&quot;0&quot;,&quot;credit&quot;:&quot;&quot;,&quot;camera&quot;:&quot;&quot;,&quot;caption&quot;:&quot;&quot;,&quot;created_timestamp&quot;:&quot;0&quot;,&quot;copyright&quot;:&quot;&quot;,&quot;focal_length&quot;:&quot;0&quot;,&quot;iso&quot;:&quot;0&quot;,&quot;shutter_speed&quot;:&quot;0&quot;,&quot;title&quot;:&quot;&quot;,&quot;orientation&quot;:&quot;0&quot;}\" data-image-title=\"logo_dauphin\" data-image-description=\"&lt;p&gt;Logo du Dauphin Blanc&lt;\/p&gt;\n\" data-image-caption=\"\" data-medium-file=\"https:\/\/i0.wp.com\/jrfortin.com\/jrf\/wp-content\/uploads\/2017\/03\/logo_dauphin.png?fit=164%2C83&amp;ssl=1\" data-large-file=\"https:\/\/i0.wp.com\/jrfortin.com\/jrf\/wp-content\/uploads\/2017\/03\/logo_dauphin.png?fit=164%2C83&amp;ssl=1\" class=\"size-full wp-image-9155 aligncenter\" src=\"https:\/\/i0.wp.com\/jrfortin.com\/jrf\/wp-content\/uploads\/2017\/03\/logo_dauphin.png?resize=164%2C83&#038;ssl=1\" alt=\"\" width=\"164\" height=\"83\" srcset=\"https:\/\/i0.wp.com\/jrfortin.com\/jrf\/wp-content\/uploads\/2017\/03\/logo_dauphin.png?w=164&amp;ssl=1 164w, https:\/\/i0.wp.com\/jrfortin.com\/jrf\/wp-content\/uploads\/2017\/03\/logo_dauphin.png?resize=150%2C76&amp;ssl=1 150w\" sizes=\"auto, (max-width: 164px) 100vw, 164px\" \/>Disponible dans toute bonne librairie&#8230;<\/h4>\n<h4 style=\"text-align: center;\">ou directement de moi :<\/h4>\n<p style=\"text-align: center;\"><em>Shihan<\/em> Jean-Rock Fortin, M.A.<br \/>\npar courriel : <a href=\"mailto:jrfortin@me.com\">jrfortin@me.com<\/a><br \/>\npar t\u00e9l\u00e9phone : (418) 650-5494<\/p>\n<hr \/>\n<\/div>\n<\/div>\n<h1 style=\"text-align: center;\"><img data-recalc-dims=\"1\" loading=\"lazy\" decoding=\"async\" data-attachment-id=\"14138\" data-permalink=\"https:\/\/jrfortin.com\/jrf\/ouvrages-litteraires-de-jean-rock-fortin-sur-le-ki-laikido-et-la-coordination-corps-esprit\/ki-le-chemin\/\" data-orig-file=\"https:\/\/i0.wp.com\/jrfortin.com\/jrf\/wp-content\/uploads\/2020\/07\/ki-le-chemin.jpg?fit=600%2C848&amp;ssl=1\" data-orig-size=\"600,848\" data-comments-opened=\"1\" data-image-meta=\"{&quot;aperture&quot;:&quot;0&quot;,&quot;credit&quot;:&quot;&quot;,&quot;camera&quot;:&quot;&quot;,&quot;caption&quot;:&quot;&quot;,&quot;created_timestamp&quot;:&quot;0&quot;,&quot;copyright&quot;:&quot;&quot;,&quot;focal_length&quot;:&quot;0&quot;,&quot;iso&quot;:&quot;0&quot;,&quot;shutter_speed&quot;:&quot;0&quot;,&quot;title&quot;:&quot;&quot;,&quot;orientation&quot;:&quot;0&quot;}\" data-image-title=\"ki-le-chemin\" data-image-description=\"\" data-image-caption=\"&lt;p&gt;Livre : Ki, le Chemin de l&amp;rsquo;\u00c9veil (2018)&lt;\/p&gt;\n\" data-medium-file=\"https:\/\/i0.wp.com\/jrfortin.com\/jrf\/wp-content\/uploads\/2020\/07\/ki-le-chemin.jpg?fit=212%2C300&amp;ssl=1\" data-large-file=\"https:\/\/i0.wp.com\/jrfortin.com\/jrf\/wp-content\/uploads\/2020\/07\/ki-le-chemin.jpg?fit=600%2C848&amp;ssl=1\" class=\" wp-image-14138 alignleft\" src=\"https:\/\/i0.wp.com\/jrfortin.com\/jrf\/wp-content\/uploads\/2020\/07\/ki-le-chemin.jpg?resize=282%2C399&#038;ssl=1\" alt=\"\" width=\"282\" height=\"399\" srcset=\"https:\/\/i0.wp.com\/jrfortin.com\/jrf\/wp-content\/uploads\/2020\/07\/ki-le-chemin.jpg?w=600&amp;ssl=1 600w, https:\/\/i0.wp.com\/jrfortin.com\/jrf\/wp-content\/uploads\/2020\/07\/ki-le-chemin.jpg?resize=212%2C300&amp;ssl=1 212w, https:\/\/i0.wp.com\/jrfortin.com\/jrf\/wp-content\/uploads\/2020\/07\/ki-le-chemin.jpg?resize=106%2C150&amp;ssl=1 106w\" sizes=\"auto, (max-width: 282px) 100vw, 282px\" \/><\/h1>\n<p style=\"text-align: justify;\">Le livre \u00ab<strong>KI &#8211; Le chemin de l&rsquo;\u00e9veil<\/strong>\u00bb, porte sur l\u2019\u00e9tude de la coordination corps \u2013 esprit. Coh\u00e9rente avec les connaissances scientifiques de pointe, cette approche moderne d\u2019\u00e9veil spirituel repose sur l\u2019expression de la force int\u00e9rieure et universelle qui nous habite, le Ki.<\/p>\n<p style=\"text-align: justify;\">La d\u00e9couverte de la coordination corps \u2013 esprit est un processus de croissance personnelle ax\u00e9 sur la d\u00e9couverte du bien-\u00eatre. Cet ouvrage, \u00e0 caract\u00e8re quasi encyclop\u00e9dique, pr\u00e9sente aussi un aper\u00e7u de la vraie nature des arts martiaux, celle de la paix int\u00e9rieure et de l\u2019harmonie en toute chose.<\/p>\n<p style=\"text-align: justify;\">Les principes et les exercices de coordination corps \u2013 esprit sont issus notamment de l\u2019A\u00efkido pratiqu\u00e9 avec les connaissances du Ki, une synth\u00e8se pacifique des arts martiaux et un art de paix d\u2019une grande beaut\u00e9. C\u2019est avant tout une Voie spirituelle de d\u00e9veloppement visant \u00e0 laisser tomber de nombreuses barri\u00e8res mentales, \u00e0 confondre nos paradigmes\u00a0et \u00e0 d\u00e9velopper la pens\u00e9e universelle\u00a0par l\u2019abandon de l\u2019emprise de l\u2019\u00e9go sur soi-m\u00eame.<\/p>\n<p style=\"text-align: justify;\">L\u2019ouvrage est un voyage au c\u0153ur de l\u2019univers de l\u2019esprit. Histoire, exp\u00e9rimentations, anecdotes savoureuses servies \u00e0 l\u2019orientale,\u00a0 spiritualit\u00e9 appliqu\u00e9e et rationalit\u00e9 sont au menu des \u00e9rudits en devenir.<\/p>\n<p style=\"text-align: justify;\">Apprenez \u00e0 v\u00e9rifier l\u2019impact des pens\u00e9es, des attitudes et des comportements sur le corps physique, et aussi, comment utiliser positivement votre magnifique potentiel de cr\u00e9ativit\u00e9 de l\u2019esprit dans la vie de tous les jours.<\/p>\n<p style=\"text-align: justify;\">Mesurez physiquement la pertinence des pratiques m\u00e9ditatives, religieuses, \u00e9sot\u00e9riques et autres. R\u00e9alisez un bras inflexible, un corps ne pouvant \u00eatre soulev\u00e9 et de nombreux autres prodiges bas\u00e9s sur les effets de la relaxation et de la concentration. Ces exp\u00e9riences cognitives changeront \u00e0 jamais votre vision de vous-m\u00eame et du monde!<\/p>\n<p style=\"text-align: justify;\"><em>\u00abL\u2019\u00e9tude de l\u2019A\u00efkido pratiqu\u00e9 avec coordination corps \u2013 esprit a chang\u00e9 nos vies en les enrichissant positivement de toutes les mani\u00e8res qu\u2019il soit possible d\u2019imaginer. C\u2019est pourquoi il est pertinent de partager ce savoir afin que d\u2019autres puissent en faire tout autant. Ainsi, la soci\u00e9t\u00e9 en g\u00e9n\u00e9ral ne s\u2019en portera que mieux!\u00bb<\/em><\/p>\n<p style=\"text-align: center;\">Couverture souple<br \/>\navec laminage velour r\u00e9sistant aux \u00e9gratignures<br \/>\nInt\u00e9rieur haute d\u00e9finition<br \/>\nReliure allemande (P.U.R.)<br \/>\nFormat\u00a0: 185\u00a0mm (7.3) X 260\u00a0mm (10.2) X 24mm (0.95&Prime;)<br \/>\nPoids 0.9 kg (1.9\u00a0lbs)<br \/>\nAbondamment illustr\u00e9 \u2013 400 pages<br \/>\nAnnexes, Glossaire, Bibliographie &amp; Index<\/p>\n<p style=\"text-align: center;\">ISBN : 978-2-8978801-9-4<\/p>\n<hr \/>\n<h3 style=\"text-align: center;\"><a href=\"http:\/\/jrfortin.com\/jrf\/wp-content\/uploads\/2021\/05\/tablem.pdf\" target=\"_blank\" rel=\"noopener\">Voir la table des mati\u00e8res<\/a><\/h3>\n<hr \/>\n<h3 style=\"text-align: center;\"><strong>DISPONIBLE EN LIBRAIRIE <\/strong><strong>AU QU\u00c9BEC<br \/>\n<\/strong>(au prix de: 39,95$ + TPS)<\/h3>\n<div class=\"block-description__row\">\n<div class=\"block-description__row-category\">\n<h3 style=\"text-align: center;\">&amp; <strong>EN EUROPE<\/strong> par <a href=\"https:\/\/catalogue.dgdiffusion.com\/product-page-opt\/64025\/?code_vl=UN\" target=\"_blank\" rel=\"noopener\">D. G. DIFFUSION<\/a><br \/>\n(au prix de: 30,00 \u20ac)<\/h3>\n<hr \/>\n<h3><img data-recalc-dims=\"1\" loading=\"lazy\" decoding=\"async\" data-attachment-id=\"10903\" data-permalink=\"https:\/\/jrfortin.com\/jrf\/?attachment_id=10903\" data-orig-file=\"https:\/\/i0.wp.com\/jrfortin.com\/jrf\/wp-content\/uploads\/2018\/03\/1_0-39177200-1523678724_img_0807.jpg?fit=3024%2C2038&amp;ssl=1\" data-orig-size=\"3024,2038\" data-comments-opened=\"1\" data-image-meta=\"{&quot;aperture&quot;:&quot;2.2&quot;,&quot;credit&quot;:&quot;&quot;,&quot;camera&quot;:&quot;iPhone SE&quot;,&quot;caption&quot;:&quot;&quot;,&quot;created_timestamp&quot;:&quot;1523549427&quot;,&quot;copyright&quot;:&quot;&quot;,&quot;focal_length&quot;:&quot;4.15&quot;,&quot;iso&quot;:&quot;64&quot;,&quot;shutter_speed&quot;:&quot;0.033333333333333&quot;,&quot;title&quot;:&quot;&quot;,&quot;orientation&quot;:&quot;0&quot;}\" data-image-title=\"1_0-39177200-1523678724_img_0807\" data-image-description=\"&lt;p&gt;Shihan Jean-Rock Fortin au salon du livre 2018&lt;\/p&gt;\n\" data-image-caption=\"\" data-medium-file=\"https:\/\/i0.wp.com\/jrfortin.com\/jrf\/wp-content\/uploads\/2018\/03\/1_0-39177200-1523678724_img_0807.jpg?fit=300%2C202&amp;ssl=1\" data-large-file=\"https:\/\/i0.wp.com\/jrfortin.com\/jrf\/wp-content\/uploads\/2018\/03\/1_0-39177200-1523678724_img_0807.jpg?fit=830%2C559&amp;ssl=1\" class=\" wp-image-10903 aligncenter\" src=\"https:\/\/i0.wp.com\/jrfortin.com\/jrf\/wp-content\/uploads\/2018\/03\/1_0-39177200-1523678724_img_0807.jpg?resize=468%2C315&#038;ssl=1\" alt=\"\" width=\"468\" height=\"315\" srcset=\"https:\/\/i0.wp.com\/jrfortin.com\/jrf\/wp-content\/uploads\/2018\/03\/1_0-39177200-1523678724_img_0807.jpg?w=3024&amp;ssl=1 3024w, https:\/\/i0.wp.com\/jrfortin.com\/jrf\/wp-content\/uploads\/2018\/03\/1_0-39177200-1523678724_img_0807.jpg?resize=300%2C202&amp;ssl=1 300w, https:\/\/i0.wp.com\/jrfortin.com\/jrf\/wp-content\/uploads\/2018\/03\/1_0-39177200-1523678724_img_0807.jpg?resize=768%2C518&amp;ssl=1 768w, https:\/\/i0.wp.com\/jrfortin.com\/jrf\/wp-content\/uploads\/2018\/03\/1_0-39177200-1523678724_img_0807.jpg?resize=1024%2C690&amp;ssl=1 1024w, https:\/\/i0.wp.com\/jrfortin.com\/jrf\/wp-content\/uploads\/2018\/03\/1_0-39177200-1523678724_img_0807.jpg?resize=150%2C101&amp;ssl=1 150w, https:\/\/i0.wp.com\/jrfortin.com\/jrf\/wp-content\/uploads\/2018\/03\/1_0-39177200-1523678724_img_0807.jpg?resize=1320%2C890&amp;ssl=1 1320w, https:\/\/i0.wp.com\/jrfortin.com\/jrf\/wp-content\/uploads\/2018\/03\/1_0-39177200-1523678724_img_0807.jpg?resize=600%2C404&amp;ssl=1 600w, https:\/\/i0.wp.com\/jrfortin.com\/jrf\/wp-content\/uploads\/2018\/03\/1_0-39177200-1523678724_img_0807.jpg?w=1660&amp;ssl=1 1660w, https:\/\/i0.wp.com\/jrfortin.com\/jrf\/wp-content\/uploads\/2018\/03\/1_0-39177200-1523678724_img_0807.jpg?w=2490&amp;ssl=1 2490w\" sizes=\"auto, (max-width: 468px) 100vw, 468px\" \/><\/h3>\n<p style=\"text-align: justify;\"><em>Salon International du livre de Qu\u00e9bec au printemps 2018. <\/em><em>L\u2019\u0153uvre pr\u00e9sent\u00e9e aura n\u00e9cessit\u00e9 huit (8) ann\u00e9es de travail, de recherches et surtout de <\/em><em>fabuleuses <\/em><em>d\u00e9couvertes. La suite est d\u00e9j\u00e0 en r\u00e9daction&#8230;<\/em><\/p>\n<\/div>\n<\/div>\n<hr \/>\n<p><strong><em>\u00c0\u00a0propos de l&rsquo;auteur Shihan <\/em><\/strong><strong> Jean-Rock Fortin, M.A.<\/strong><\/p>\n<p style=\"text-align: justify;\"><img data-recalc-dims=\"1\" loading=\"lazy\" decoding=\"async\" data-attachment-id=\"12273\" data-permalink=\"https:\/\/jrfortin.com\/jrf\/instructeurs-du-dojo\/photo_jrf-2\/\" data-orig-file=\"https:\/\/i0.wp.com\/jrfortin.com\/jrf\/wp-content\/uploads\/2020\/02\/PHOTO_JRF.png?fit=900%2C1260&amp;ssl=1\" data-orig-size=\"900,1260\" data-comments-opened=\"1\" data-image-meta=\"{&quot;aperture&quot;:&quot;0&quot;,&quot;credit&quot;:&quot;&quot;,&quot;camera&quot;:&quot;&quot;,&quot;caption&quot;:&quot;&quot;,&quot;created_timestamp&quot;:&quot;0&quot;,&quot;copyright&quot;:&quot;&quot;,&quot;focal_length&quot;:&quot;0&quot;,&quot;iso&quot;:&quot;0&quot;,&quot;shutter_speed&quot;:&quot;0&quot;,&quot;title&quot;:&quot;&quot;,&quot;orientation&quot;:&quot;0&quot;}\" data-image-title=\"PHOTO_JRF\" data-image-description=\"&lt;p&gt;Shihan Jean-Rock Fortin&lt;\/p&gt;\n\" data-image-caption=\"&lt;p&gt;Shihan Jean-Rock Fortin&lt;\/p&gt;\n\" data-medium-file=\"https:\/\/i0.wp.com\/jrfortin.com\/jrf\/wp-content\/uploads\/2020\/02\/PHOTO_JRF.png?fit=214%2C300&amp;ssl=1\" data-large-file=\"https:\/\/i0.wp.com\/jrfortin.com\/jrf\/wp-content\/uploads\/2020\/02\/PHOTO_JRF.png?fit=731%2C1024&amp;ssl=1\" class=\"wp-image-12273 alignleft\" src=\"https:\/\/i0.wp.com\/jrfortin.com\/jrf\/wp-content\/uploads\/2020\/02\/PHOTO_JRF.png?resize=117%2C164&#038;ssl=1\" alt=\"\" width=\"117\" height=\"164\" srcset=\"https:\/\/i0.wp.com\/jrfortin.com\/jrf\/wp-content\/uploads\/2020\/02\/PHOTO_JRF.png?w=900&amp;ssl=1 900w, https:\/\/i0.wp.com\/jrfortin.com\/jrf\/wp-content\/uploads\/2020\/02\/PHOTO_JRF.png?resize=214%2C300&amp;ssl=1 214w, https:\/\/i0.wp.com\/jrfortin.com\/jrf\/wp-content\/uploads\/2020\/02\/PHOTO_JRF.png?resize=731%2C1024&amp;ssl=1 731w, https:\/\/i0.wp.com\/jrfortin.com\/jrf\/wp-content\/uploads\/2020\/02\/PHOTO_JRF.png?resize=768%2C1075&amp;ssl=1 768w, https:\/\/i0.wp.com\/jrfortin.com\/jrf\/wp-content\/uploads\/2020\/02\/PHOTO_JRF.png?resize=107%2C150&amp;ssl=1 107w\" sizes=\"auto, (max-width: 117px) 100vw, 117px\" \/>D\u00e9tenteur d\u2019un baccalaur\u00e9at g\u00e9n\u00e9ral et d\u2019une maitrise en d\u00e9veloppement organisationnel de l\u2019universit\u00e9 Laval, Jean-Rock Fortin fournit des services et conseils strat\u00e9giques aux organisations, et du coaching aupr\u00e8s de personnes, depuis plus de 25 ans. Il est \u00e9galement globe-trotter, artiste-coutelier et auteur.<\/p>\n<p style=\"text-align: justify;\">Instructeur passionn\u00e9 d\u2019arts martiaux, et pratiquant assidu depuis l\u2019enfance, M. Fortin a fond\u00e9 le Dojo du Nouveau Monde en 2010.<\/p>\n<p style=\"text-align: justify;\">En plus de dispenser r\u00e9guli\u00e8rement des cours de Ki-A\u00efkido \u00e0 Qu\u00e9bec, il anime des ateliers et s\u00e9minaires de formation sur la coordination corps \u2013 esprit (CCE) et sur les activit\u00e9s de d\u00e9veloppement personnel li\u00e9es au Ki.<\/p>\n<p style=\"text-align: justify;\">Monsieur Fortin transmet notamment ses connaissances, aupr\u00e8s de maitres d\u2019arts martiaux, de gens d\u2019affaires et de sportifs de tous les niveaux.<\/p>\n<p style=\"text-align: justify;\"><em>Son dernier livre, \u00e9dit\u00e9 en 2018, \u00ab<strong>KI \u2014 LE CHEMIN DE L\u2019\u00c9VEIL<\/strong>\u00bb sert de r\u00e9f\u00e9rence de formation sur la coordination corps \u2013 esprit (CCE). Coh\u00e9rente avec les connaissances scientifiques de pointe, cette approche moderne d\u2019\u00e9veil spirituel repose sur l\u2019expression de la force int\u00e9rieure et universelle qui nous habite, le Ki.<\/em><\/p>\n<p style=\"text-align: justify;\"><em>La d\u00e9couverte de la coordination corps \u2013 esprit est un processus de croissance personnelle ax\u00e9 sur la d\u00e9couverte du bien-\u00eatre. L\u2019ouvrage unique, \u00e0 caract\u00e8re quasi encyclop\u00e9dique, pr\u00e9sente aussi un aper\u00e7u de la vraie nature des arts martiaux, celle de la paix int\u00e9rieure et de l\u2019harmonie en toute chose.<\/em><\/p>\n<hr \/>\n<p style=\"text-align: center;\">Et la suite est en cours de r\u00e9daction&#8230;<\/p>\n<p style=\"text-align: center;\"><img data-recalc-dims=\"1\" loading=\"lazy\" decoding=\"async\" data-attachment-id=\"14020\" data-permalink=\"https:\/\/jrfortin.com\/jrf\/ouvrages-litteraires-de-jean-rock-fortin-sur-le-ki-laikido-et-la-coordination-corps-esprit\/couvert_quantique\/\" data-orig-file=\"https:\/\/i0.wp.com\/jrfortin.com\/jrf\/wp-content\/uploads\/2020\/07\/couvert_quantique.png?fit=2446%2C3140&amp;ssl=1\" data-orig-size=\"2446,3140\" data-comments-opened=\"1\" data-image-meta=\"{&quot;aperture&quot;:&quot;0&quot;,&quot;credit&quot;:&quot;&quot;,&quot;camera&quot;:&quot;&quot;,&quot;caption&quot;:&quot;&quot;,&quot;created_timestamp&quot;:&quot;0&quot;,&quot;copyright&quot;:&quot;&quot;,&quot;focal_length&quot;:&quot;0&quot;,&quot;iso&quot;:&quot;0&quot;,&quot;shutter_speed&quot;:&quot;0&quot;,&quot;title&quot;:&quot;&quot;,&quot;orientation&quot;:&quot;0&quot;}\" data-image-title=\"couvert_quantique\" data-image-description=\"\" data-image-caption=\"\" data-medium-file=\"https:\/\/i0.wp.com\/jrfortin.com\/jrf\/wp-content\/uploads\/2020\/07\/couvert_quantique.png?fit=234%2C300&amp;ssl=1\" data-large-file=\"https:\/\/i0.wp.com\/jrfortin.com\/jrf\/wp-content\/uploads\/2020\/07\/couvert_quantique.png?fit=798%2C1024&amp;ssl=1\" class=\"aligncenter wp-image-14020\" src=\"https:\/\/i0.wp.com\/jrfortin.com\/jrf\/wp-content\/uploads\/2020\/07\/couvert_quantique.png?resize=401%2C515&#038;ssl=1\" alt=\"\" width=\"401\" height=\"515\" srcset=\"https:\/\/i0.wp.com\/jrfortin.com\/jrf\/wp-content\/uploads\/2020\/07\/couvert_quantique.png?w=2446&amp;ssl=1 2446w, https:\/\/i0.wp.com\/jrfortin.com\/jrf\/wp-content\/uploads\/2020\/07\/couvert_quantique.png?resize=234%2C300&amp;ssl=1 234w, https:\/\/i0.wp.com\/jrfortin.com\/jrf\/wp-content\/uploads\/2020\/07\/couvert_quantique.png?resize=798%2C1024&amp;ssl=1 798w, https:\/\/i0.wp.com\/jrfortin.com\/jrf\/wp-content\/uploads\/2020\/07\/couvert_quantique.png?resize=768%2C986&amp;ssl=1 768w, https:\/\/i0.wp.com\/jrfortin.com\/jrf\/wp-content\/uploads\/2020\/07\/couvert_quantique.png?resize=1197%2C1536&amp;ssl=1 1197w, https:\/\/i0.wp.com\/jrfortin.com\/jrf\/wp-content\/uploads\/2020\/07\/couvert_quantique.png?resize=1595%2C2048&amp;ssl=1 1595w, https:\/\/i0.wp.com\/jrfortin.com\/jrf\/wp-content\/uploads\/2020\/07\/couvert_quantique.png?resize=117%2C150&amp;ssl=1 117w, https:\/\/i0.wp.com\/jrfortin.com\/jrf\/wp-content\/uploads\/2020\/07\/couvert_quantique.png?resize=1320%2C1695&amp;ssl=1 1320w, https:\/\/i0.wp.com\/jrfortin.com\/jrf\/wp-content\/uploads\/2020\/07\/couvert_quantique.png?w=1660&amp;ssl=1 1660w\" sizes=\"auto, (max-width: 401px) 100vw, 401px\" \/><\/p>\n<p style=\"text-align: center;\">Sortie pr\u00e9vue en 2023<\/p>\n<hr \/>\n","protected":false},"excerpt":{"rendered":"<p>Ouvrage sur le Ki, la coordination corps &#8211; e\u2026<\/p>\n<p> <a class=\"continue-reading-link\" href=\"https:\/\/jrfortin.com\/jrf\/blog\/livre-ki-le-chemin-de-leveil-2018-40\/\"><span>continuez la lecture<\/span><i class=\"crycon-right-dir\"><\/i><\/a> <\/p>\n","protected":false},"author":1,"featured_media":14138,"comment_status":"open","ping_status":"open","sticky":false,"template":"","format":"standard","meta":{"_jetpack_memberships_contains_paid_content":false,"footnotes":""},"categories":[314,114,11],"tags":[],"class_list":["post-18143","post","type-post","status-publish","format-standard","has-post-thumbnail","hentry","category-arts","category-ki-aikido-et-arts-martiaux","category-sciences-et-vie"],"yoast_head":"<!-- This site is optimized with the Yoast SEO plugin v26.7 - https:\/\/yoast.com\/wordpress\/plugins\/seo\/ -->\n<title>Livre : KI \u2013 LE CHEMIN DE L\u2019\u00c9VEIL (2018) - Dojo du Nouveau Monde<\/title>\n<meta name=\"robots\" content=\"index, follow, max-snippet:-1, max-image-preview:large, max-video-preview:-1\" \/>\n<link rel=\"canonical\" href=\"https:\/\/jrfortin.com\/jrf\/blog\/livre-ki-le-chemin-de-leveil-2018-40\/\" \/>\n<meta property=\"og:locale\" content=\"fr_FR\" \/>\n<meta property=\"og:type\" content=\"article\" \/>\n<meta property=\"og:title\" content=\"Livre : KI \u2013 LE CHEMIN DE L\u2019\u00c9VEIL (2018) - Dojo du Nouveau Monde\" \/>\n<meta property=\"og:description\" content=\"Ouvrage sur le Ki, la coordination corps &#8211; e\u2026 continuez la lecture\" \/>\n<meta property=\"og:url\" content=\"https:\/\/jrfortin.com\/jrf\/blog\/livre-ki-le-chemin-de-leveil-2018-40\/\" \/>\n<meta property=\"og:site_name\" content=\"Dojo du Nouveau Monde\" \/>\n<meta property=\"article:published_time\" content=\"2022-09-29T15:21:59+00:00\" \/>\n<meta property=\"article:modified_time\" content=\"2023-09-27T11:46:28+00:00\" \/>\n<meta property=\"og:image\" content=\"https:\/\/i0.wp.com\/jrfortin.com\/jrf\/wp-content\/uploads\/2020\/07\/ki-le-chemin.jpg?fit=600%2C848&ssl=1\" \/>\n\t<meta property=\"og:image:width\" content=\"600\" \/>\n\t<meta property=\"og:image:height\" content=\"848\" \/>\n\t<meta property=\"og:image:type\" content=\"image\/jpeg\" \/>\n<meta name=\"author\" content=\"Shihan Jean-Rock Fortin, M.A.\" \/>\n<meta name=\"twitter:card\" content=\"summary_large_image\" \/>\n<meta name=\"twitter:creator\" content=\"@fortin_rock\" \/>\n<meta name=\"twitter:site\" content=\"@fortin_rock\" \/>\n<meta name=\"twitter:label1\" content=\"\u00c9crit par\" \/>\n\t<meta name=\"twitter:data1\" content=\"Shihan Jean-Rock Fortin, M.A.\" \/>\n\t<meta name=\"twitter:label2\" content=\"Dur\u00e9e de lecture estim\u00e9e\" \/>\n\t<meta name=\"twitter:data2\" content=\"4 minutes\" \/>\n<script type=\"application\/ld+json\" class=\"yoast-schema-graph\">{\"@context\":\"https:\/\/schema.org\",\"@graph\":[{\"@type\":\"Article\",\"@id\":\"https:\/\/jrfortin.com\/jrf\/blog\/livre-ki-le-chemin-de-leveil-2018-40\/#article\",\"isPartOf\":{\"@id\":\"https:\/\/jrfortin.com\/jrf\/blog\/livre-ki-le-chemin-de-leveil-2018-40\/\"},\"author\":{\"name\":\"Shihan Jean-Rock Fortin, M.A.\",\"@id\":\"https:\/\/jrfortin.com\/jrf\/#\/schema\/person\/420b013ae3febafe8d99a66adee55de9\"},\"headline\":\"Livre : KI \u2013 LE CHEMIN DE L\u2019\u00c9VEIL (2018)\",\"datePublished\":\"2022-09-29T15:21:59+00:00\",\"dateModified\":\"2023-09-27T11:46:28+00:00\",\"mainEntityOfPage\":{\"@id\":\"https:\/\/jrfortin.com\/jrf\/blog\/livre-ki-le-chemin-de-leveil-2018-40\/\"},\"wordCount\":794,\"commentCount\":0,\"publisher\":{\"@id\":\"https:\/\/jrfortin.com\/jrf\/#\/schema\/person\/420b013ae3febafe8d99a66adee55de9\"},\"image\":{\"@id\":\"https:\/\/jrfortin.com\/jrf\/blog\/livre-ki-le-chemin-de-leveil-2018-40\/#primaryimage\"},\"thumbnailUrl\":\"https:\/\/i0.wp.com\/jrfortin.com\/jrf\/wp-content\/uploads\/2020\/07\/ki-le-chemin.jpg?fit=600%2C848&ssl=1\",\"articleSection\":[\"Arts\",\"Arts martiaux et Ki\",\"Spiritualit\u00e9\"],\"inLanguage\":\"fr-FR\",\"potentialAction\":[{\"@type\":\"CommentAction\",\"name\":\"Comment\",\"target\":[\"https:\/\/jrfortin.com\/jrf\/blog\/livre-ki-le-chemin-de-leveil-2018-40\/#respond\"]}]},{\"@type\":\"WebPage\",\"@id\":\"https:\/\/jrfortin.com\/jrf\/blog\/livre-ki-le-chemin-de-leveil-2018-40\/\",\"url\":\"https:\/\/jrfortin.com\/jrf\/blog\/livre-ki-le-chemin-de-leveil-2018-40\/\",\"name\":\"Livre : KI \u2013 LE CHEMIN DE L\u2019\u00c9VEIL (2018) - Dojo du Nouveau Monde\",\"isPartOf\":{\"@id\":\"https:\/\/jrfortin.com\/jrf\/#website\"},\"primaryImageOfPage\":{\"@id\":\"https:\/\/jrfortin.com\/jrf\/blog\/livre-ki-le-chemin-de-leveil-2018-40\/#primaryimage\"},\"image\":{\"@id\":\"https:\/\/jrfortin.com\/jrf\/blog\/livre-ki-le-chemin-de-leveil-2018-40\/#primaryimage\"},\"thumbnailUrl\":\"https:\/\/i0.wp.com\/jrfortin.com\/jrf\/wp-content\/uploads\/2020\/07\/ki-le-chemin.jpg?fit=600%2C848&ssl=1\",\"datePublished\":\"2022-09-29T15:21:59+00:00\",\"dateModified\":\"2023-09-27T11:46:28+00:00\",\"breadcrumb\":{\"@id\":\"https:\/\/jrfortin.com\/jrf\/blog\/livre-ki-le-chemin-de-leveil-2018-40\/#breadcrumb\"},\"inLanguage\":\"fr-FR\",\"potentialAction\":[{\"@type\":\"ReadAction\",\"target\":[\"https:\/\/jrfortin.com\/jrf\/blog\/livre-ki-le-chemin-de-leveil-2018-40\/\"]}]},{\"@type\":\"ImageObject\",\"inLanguage\":\"fr-FR\",\"@id\":\"https:\/\/jrfortin.com\/jrf\/blog\/livre-ki-le-chemin-de-leveil-2018-40\/#primaryimage\",\"url\":\"https:\/\/i0.wp.com\/jrfortin.com\/jrf\/wp-content\/uploads\/2020\/07\/ki-le-chemin.jpg?fit=600%2C848&ssl=1\",\"contentUrl\":\"https:\/\/i0.wp.com\/jrfortin.com\/jrf\/wp-content\/uploads\/2020\/07\/ki-le-chemin.jpg?fit=600%2C848&ssl=1\",\"width\":600,\"height\":848,\"caption\":\"Livre : Ki, le Chemin de l'\u00c9veil (2018)\"},{\"@type\":\"BreadcrumbList\",\"@id\":\"https:\/\/jrfortin.com\/jrf\/blog\/livre-ki-le-chemin-de-leveil-2018-40\/#breadcrumb\",\"itemListElement\":[{\"@type\":\"ListItem\",\"position\":1,\"name\":\"Accueil\",\"item\":\"https:\/\/jrfortin.com\/jrf\/\"},{\"@type\":\"ListItem\",\"position\":2,\"name\":\"Livre : KI \u2013 LE CHEMIN DE L\u2019\u00c9VEIL (2018)\"}]},{\"@type\":\"WebSite\",\"@id\":\"https:\/\/jrfortin.com\/jrf\/#website\",\"url\":\"https:\/\/jrfortin.com\/jrf\/\",\"name\":\"Dojo du Nouveau Monde\",\"description\":\"R\u00e9seau de Shihan Jean-Rock Fortin\",\"publisher\":{\"@id\":\"https:\/\/jrfortin.com\/jrf\/#\/schema\/person\/420b013ae3febafe8d99a66adee55de9\"},\"potentialAction\":[{\"@type\":\"SearchAction\",\"target\":{\"@type\":\"EntryPoint\",\"urlTemplate\":\"https:\/\/jrfortin.com\/jrf\/?s={search_term_string}\"},\"query-input\":{\"@type\":\"PropertyValueSpecification\",\"valueRequired\":true,\"valueName\":\"search_term_string\"}}],\"inLanguage\":\"fr-FR\"},{\"@type\":[\"Person\",\"Organization\"],\"@id\":\"https:\/\/jrfortin.com\/jrf\/#\/schema\/person\/420b013ae3febafe8d99a66adee55de9\",\"name\":\"Shihan Jean-Rock Fortin, M.A.\",\"image\":{\"@type\":\"ImageObject\",\"inLanguage\":\"fr-FR\",\"@id\":\"https:\/\/jrfortin.com\/jrf\/#\/schema\/person\/image\/\",\"url\":\"https:\/\/i2.wp.com\/jrfortin.com\/jrf\/wp-content\/uploads\/2020\/07\/ki-le-chemin.jpg?fit=600%2C848&ssl=1\",\"contentUrl\":\"https:\/\/i2.wp.com\/jrfortin.com\/jrf\/wp-content\/uploads\/2020\/07\/ki-le-chemin.jpg?fit=600%2C848&ssl=1\",\"width\":600,\"height\":848,\"caption\":\"Shihan Jean-Rock Fortin, M.A.\"},\"logo\":{\"@id\":\"https:\/\/jrfortin.com\/jrf\/#\/schema\/person\/image\/\"},\"description\":\"Globetrotteur par affaires et pour le plaisir, et Orientaliste, je suis instructeur d'arts martiaux (maitre-enseignant de Ki-A\u00efkido [Shihan] &amp; Dim-Mak), Fondateur du Dojo du Nouveau Monde (2010), \\\"S\u00e9ancier\\\" de Kiatsu, M\u00e9tatronicien, Radiesth\u00e9siste, Coutelier d'art, Conf\u00e9rencier et Auteur du livre \\\"Ki - Le Chemin de l'\u00c9veil\\\" (2018). Je suis \u00e9galement Consultant strat\u00e9gique en \u00e9volution et prosp\u00e9rit\u00e9 des personnes et des organisations.\",\"sameAs\":[\"http:\/\/www.jrfortin.com\"],\"url\":\"https:\/\/jrfortin.com\/jrf\/blog\/author\/jean-rock\/\"}]}<\/script>\n<!-- \/ Yoast SEO plugin. -->","yoast_head_json":{"title":"Livre : KI \u2013 LE CHEMIN DE L\u2019\u00c9VEIL (2018) - Dojo du Nouveau Monde","robots":{"index":"index","follow":"follow","max-snippet":"max-snippet:-1","max-image-preview":"max-image-preview:large","max-video-preview":"max-video-preview:-1"},"canonical":"https:\/\/jrfortin.com\/jrf\/blog\/livre-ki-le-chemin-de-leveil-2018-40\/","og_locale":"fr_FR","og_type":"article","og_title":"Livre : KI \u2013 LE CHEMIN DE L\u2019\u00c9VEIL (2018) - Dojo du Nouveau Monde","og_description":"Ouvrage sur le Ki, la coordination corps &#8211; e\u2026 continuez la lecture","og_url":"https:\/\/jrfortin.com\/jrf\/blog\/livre-ki-le-chemin-de-leveil-2018-40\/","og_site_name":"Dojo du Nouveau Monde","article_published_time":"2022-09-29T15:21:59+00:00","article_modified_time":"2023-09-27T11:46:28+00:00","og_image":[{"width":600,"height":848,"url":"https:\/\/i0.wp.com\/jrfortin.com\/jrf\/wp-content\/uploads\/2020\/07\/ki-le-chemin.jpg?fit=600%2C848&ssl=1","type":"image\/jpeg"}],"author":"Shihan Jean-Rock Fortin, M.A.","twitter_card":"summary_large_image","twitter_creator":"@fortin_rock","twitter_site":"@fortin_rock","twitter_misc":{"\u00c9crit par":"Shihan Jean-Rock Fortin, M.A.","Dur\u00e9e de lecture estim\u00e9e":"4 minutes"},"schema":{"@context":"https:\/\/schema.org","@graph":[{"@type":"Article","@id":"https:\/\/jrfortin.com\/jrf\/blog\/livre-ki-le-chemin-de-leveil-2018-40\/#article","isPartOf":{"@id":"https:\/\/jrfortin.com\/jrf\/blog\/livre-ki-le-chemin-de-leveil-2018-40\/"},"author":{"name":"Shihan Jean-Rock Fortin, M.A.","@id":"https:\/\/jrfortin.com\/jrf\/#\/schema\/person\/420b013ae3febafe8d99a66adee55de9"},"headline":"Livre : KI \u2013 LE CHEMIN DE L\u2019\u00c9VEIL (2018)","datePublished":"2022-09-29T15:21:59+00:00","dateModified":"2023-09-27T11:46:28+00:00","mainEntityOfPage":{"@id":"https:\/\/jrfortin.com\/jrf\/blog\/livre-ki-le-chemin-de-leveil-2018-40\/"},"wordCount":794,"commentCount":0,"publisher":{"@id":"https:\/\/jrfortin.com\/jrf\/#\/schema\/person\/420b013ae3febafe8d99a66adee55de9"},"image":{"@id":"https:\/\/jrfortin.com\/jrf\/blog\/livre-ki-le-chemin-de-leveil-2018-40\/#primaryimage"},"thumbnailUrl":"https:\/\/i0.wp.com\/jrfortin.com\/jrf\/wp-content\/uploads\/2020\/07\/ki-le-chemin.jpg?fit=600%2C848&ssl=1","articleSection":["Arts","Arts martiaux et Ki","Spiritualit\u00e9"],"inLanguage":"fr-FR","potentialAction":[{"@type":"CommentAction","name":"Comment","target":["https:\/\/jrfortin.com\/jrf\/blog\/livre-ki-le-chemin-de-leveil-2018-40\/#respond"]}]},{"@type":"WebPage","@id":"https:\/\/jrfortin.com\/jrf\/blog\/livre-ki-le-chemin-de-leveil-2018-40\/","url":"https:\/\/jrfortin.com\/jrf\/blog\/livre-ki-le-chemin-de-leveil-2018-40\/","name":"Livre : KI \u2013 LE CHEMIN DE L\u2019\u00c9VEIL (2018) - Dojo du Nouveau Monde","isPartOf":{"@id":"https:\/\/jrfortin.com\/jrf\/#website"},"primaryImageOfPage":{"@id":"https:\/\/jrfortin.com\/jrf\/blog\/livre-ki-le-chemin-de-leveil-2018-40\/#primaryimage"},"image":{"@id":"https:\/\/jrfortin.com\/jrf\/blog\/livre-ki-le-chemin-de-leveil-2018-40\/#primaryimage"},"thumbnailUrl":"https:\/\/i0.wp.com\/jrfortin.com\/jrf\/wp-content\/uploads\/2020\/07\/ki-le-chemin.jpg?fit=600%2C848&ssl=1","datePublished":"2022-09-29T15:21:59+00:00","dateModified":"2023-09-27T11:46:28+00:00","breadcrumb":{"@id":"https:\/\/jrfortin.com\/jrf\/blog\/livre-ki-le-chemin-de-leveil-2018-40\/#breadcrumb"},"inLanguage":"fr-FR","potentialAction":[{"@type":"ReadAction","target":["https:\/\/jrfortin.com\/jrf\/blog\/livre-ki-le-chemin-de-leveil-2018-40\/"]}]},{"@type":"ImageObject","inLanguage":"fr-FR","@id":"https:\/\/jrfortin.com\/jrf\/blog\/livre-ki-le-chemin-de-leveil-2018-40\/#primaryimage","url":"https:\/\/i0.wp.com\/jrfortin.com\/jrf\/wp-content\/uploads\/2020\/07\/ki-le-chemin.jpg?fit=600%2C848&ssl=1","contentUrl":"https:\/\/i0.wp.com\/jrfortin.com\/jrf\/wp-content\/uploads\/2020\/07\/ki-le-chemin.jpg?fit=600%2C848&ssl=1","width":600,"height":848,"caption":"Livre : Ki, le Chemin de l'\u00c9veil (2018)"},{"@type":"BreadcrumbList","@id":"https:\/\/jrfortin.com\/jrf\/blog\/livre-ki-le-chemin-de-leveil-2018-40\/#breadcrumb","itemListElement":[{"@type":"ListItem","position":1,"name":"Accueil","item":"https:\/\/jrfortin.com\/jrf\/"},{"@type":"ListItem","position":2,"name":"Livre : KI \u2013 LE CHEMIN DE L\u2019\u00c9VEIL (2018)"}]},{"@type":"WebSite","@id":"https:\/\/jrfortin.com\/jrf\/#website","url":"https:\/\/jrfortin.com\/jrf\/","name":"Dojo du Nouveau Monde","description":"R\u00e9seau de Shihan Jean-Rock Fortin","publisher":{"@id":"https:\/\/jrfortin.com\/jrf\/#\/schema\/person\/420b013ae3febafe8d99a66adee55de9"},"potentialAction":[{"@type":"SearchAction","target":{"@type":"EntryPoint","urlTemplate":"https:\/\/jrfortin.com\/jrf\/?s={search_term_string}"},"query-input":{"@type":"PropertyValueSpecification","valueRequired":true,"valueName":"search_term_string"}}],"inLanguage":"fr-FR"},{"@type":["Person","Organization"],"@id":"https:\/\/jrfortin.com\/jrf\/#\/schema\/person\/420b013ae3febafe8d99a66adee55de9","name":"Shihan Jean-Rock Fortin, M.A.","image":{"@type":"ImageObject","inLanguage":"fr-FR","@id":"https:\/\/jrfortin.com\/jrf\/#\/schema\/person\/image\/","url":"https:\/\/i2.wp.com\/jrfortin.com\/jrf\/wp-content\/uploads\/2020\/07\/ki-le-chemin.jpg?fit=600%2C848&ssl=1","contentUrl":"https:\/\/i2.wp.com\/jrfortin.com\/jrf\/wp-content\/uploads\/2020\/07\/ki-le-chemin.jpg?fit=600%2C848&ssl=1","width":600,"height":848,"caption":"Shihan Jean-Rock Fortin, M.A."},"logo":{"@id":"https:\/\/jrfortin.com\/jrf\/#\/schema\/person\/image\/"},"description":"Globetrotteur par affaires et pour le plaisir, et Orientaliste, je suis instructeur d'arts martiaux (maitre-enseignant de Ki-A\u00efkido [Shihan] &amp; Dim-Mak), Fondateur du Dojo du Nouveau Monde (2010), \"S\u00e9ancier\" de Kiatsu, M\u00e9tatronicien, Radiesth\u00e9siste, Coutelier d'art, Conf\u00e9rencier et Auteur du livre \"Ki - Le Chemin de l'\u00c9veil\" (2018). Je suis \u00e9galement Consultant strat\u00e9gique en \u00e9volution et prosp\u00e9rit\u00e9 des personnes et des organisations.","sameAs":["http:\/\/www.jrfortin.com"],"url":"https:\/\/jrfortin.com\/jrf\/blog\/author\/jean-rock\/"}]}},"jetpack_featured_media_url":"https:\/\/i0.wp.com\/jrfortin.com\/jrf\/wp-content\/uploads\/2020\/07\/ki-le-chemin.jpg?fit=600%2C848&ssl=1","jetpack_sharing_enabled":true,"_links":{"self":[{"href":"https:\/\/jrfortin.com\/jrf\/wp-json\/wp\/v2\/posts\/18143","targetHints":{"allow":["GET"]}}],"collection":[{"href":"https:\/\/jrfortin.com\/jrf\/wp-json\/wp\/v2\/posts"}],"about":[{"href":"https:\/\/jrfortin.com\/jrf\/wp-json\/wp\/v2\/types\/post"}],"author":[{"embeddable":true,"href":"https:\/\/jrfortin.com\/jrf\/wp-json\/wp\/v2\/users\/1"}],"replies":[{"embeddable":true,"href":"https:\/\/jrfortin.com\/jrf\/wp-json\/wp\/v2\/comments?post=18143"}],"version-history":[{"count":2,"href":"https:\/\/jrfortin.com\/jrf\/wp-json\/wp\/v2\/posts\/18143\/revisions"}],"predecessor-version":[{"id":19801,"href":"https:\/\/jrfortin.com\/jrf\/wp-json\/wp\/v2\/posts\/18143\/revisions\/19801"}],"wp:featuredmedia":[{"embeddable":true,"href":"https:\/\/jrfortin.com\/jrf\/wp-json\/wp\/v2\/media\/14138"}],"wp:attachment":[{"href":"https:\/\/jrfortin.com\/jrf\/wp-json\/wp\/v2\/media?parent=18143"}],"wp:term":[{"taxonomy":"category","embeddable":true,"href":"https:\/\/jrfortin.com\/jrf\/wp-json\/wp\/v2\/categories?post=18143"},{"taxonomy":"post_tag","embeddable":true,"href":"https:\/\/jrfortin.com\/jrf\/wp-json\/wp\/v2\/tags?post=18143"}],"curies":[{"name":"wp","href":"https:\/\/api.w.org\/{rel}","templated":true}]}}