{"id":19623,"date":"2023-07-20T14:50:54","date_gmt":"2023-07-20T18:50:54","guid":{"rendered":"https:\/\/jrfortin.com\/jrf\/?p=19623"},"modified":"2023-07-23T09:07:28","modified_gmt":"2023-07-23T13:07:28","slug":"19623","status":"publish","type":"post","link":"https:\/\/jrfortin.com\/jrf\/blog\/19623\/","title":{"rendered":"Introduction du livre en r\u00e9daction : Ki, le Chemin de l&rsquo;\u00c9veil (Tome II)"},"content":{"rendered":"<p style=\"text-align: center;\"><sup><span style=\"text-decoration: underline;\"><a href=\"https:\/\/jrfortin.com\/jrf\/ouvrages-litteraires-de-jean-rock-fortin-sur-le-ki-laikido-et-la-coordination-corps-esprit\/tome21\/\" rel=\"attachment wp-att-19598\"><img data-recalc-dims=\"1\" loading=\"lazy\" decoding=\"async\" data-attachment-id=\"19598\" data-permalink=\"https:\/\/jrfortin.com\/jrf\/ouvrages-litteraires-de-jean-rock-fortin-sur-le-ki-laikido-et-la-coordination-corps-esprit\/tome21\/\" data-orig-file=\"https:\/\/i0.wp.com\/jrfortin.com\/jrf\/wp-content\/uploads\/2023\/07\/tome21.png?fit=642%2C864&amp;ssl=1\" data-orig-size=\"642,864\" data-comments-opened=\"1\" data-image-meta=\"{&quot;aperture&quot;:&quot;0&quot;,&quot;credit&quot;:&quot;&quot;,&quot;camera&quot;:&quot;&quot;,&quot;caption&quot;:&quot;&quot;,&quot;created_timestamp&quot;:&quot;0&quot;,&quot;copyright&quot;:&quot;&quot;,&quot;focal_length&quot;:&quot;0&quot;,&quot;iso&quot;:&quot;0&quot;,&quot;shutter_speed&quot;:&quot;0&quot;,&quot;title&quot;:&quot;&quot;,&quot;orientation&quot;:&quot;0&quot;}\" data-image-title=\"tome21\" data-image-description=\"\" data-image-caption=\"\" data-medium-file=\"https:\/\/i0.wp.com\/jrfortin.com\/jrf\/wp-content\/uploads\/2023\/07\/tome21.png?fit=223%2C300&amp;ssl=1\" data-large-file=\"https:\/\/i0.wp.com\/jrfortin.com\/jrf\/wp-content\/uploads\/2023\/07\/tome21.png?fit=642%2C864&amp;ssl=1\" class=\"size-medium wp-image-19598 aligncenter\" src=\"https:\/\/i0.wp.com\/jrfortin.com\/jrf\/wp-content\/uploads\/2023\/07\/tome21-223x300.png?resize=223%2C300\" alt=\"\" width=\"223\" height=\"300\" srcset=\"https:\/\/i0.wp.com\/jrfortin.com\/jrf\/wp-content\/uploads\/2023\/07\/tome21.png?resize=223%2C300&amp;ssl=1 223w, https:\/\/i0.wp.com\/jrfortin.com\/jrf\/wp-content\/uploads\/2023\/07\/tome21.png?resize=111%2C150&amp;ssl=1 111w, https:\/\/i0.wp.com\/jrfortin.com\/jrf\/wp-content\/uploads\/2023\/07\/tome21.png?resize=18%2C24&amp;ssl=1 18w, https:\/\/i0.wp.com\/jrfortin.com\/jrf\/wp-content\/uploads\/2023\/07\/tome21.png?resize=27%2C36&amp;ssl=1 27w, https:\/\/i0.wp.com\/jrfortin.com\/jrf\/wp-content\/uploads\/2023\/07\/tome21.png?resize=36%2C48&amp;ssl=1 36w, https:\/\/i0.wp.com\/jrfortin.com\/jrf\/wp-content\/uploads\/2023\/07\/tome21.png?w=642&amp;ssl=1 642w\" sizes=\"auto, (max-width: 223px) 100vw, 223px\" \/><\/a><\/span><\/sup>Voici l&rsquo;introduction du livre : Ki, le Chemin de l&rsquo;\u00c9veil (Tome II), qui est en cours de r\u00e9daction. Pour en savoir davantage sur les tomes I et II, <a href=\"https:\/\/jrfortin.com\/jrf\/ouvrages-litteraires-de-jean-rock-fortin-sur-le-ki-laikido-et-la-coordination-corps-esprit\/\" target=\"_blank\" rel=\"noopener\"><em>cliquez ici&#8230;<\/em><\/a><\/p>\n<hr \/>\n<p><strong>INTRODUCTION (LE QUANTUM)<\/strong><\/p>\n<p style=\"text-align: right;\"><em>\u00ab L\u2019esprit est s\u00e9par\u00e9 de la mati\u00e8re et pr\u00e9side \u00e0 ses transformations. <\/em><br \/>\n<em>C\u2019est pourquoi la cause r\u00e9elle des ph\u00e9nom\u00e8nes ne r\u00e9side pas dans <\/em><br \/>\n<em>la mati\u00e8re, mais dans l\u2019esprit disposant de la mati\u00e8re <\/em><br \/>\n<em>selon des lois de l\u2019harmonie ! \u00bb<strong>\u00a0<\/strong><span style=\"text-decoration: underline;\"><a href=\"#_ftn1\" name=\"_ftnref1\">[1]<\/a><\/span><\/em><\/p>\n<p style=\"text-align: justify;\">Depuis la nuit des temps, l\u2019humain se questionne sur la r\u00e9alit\u00e9 des choses, sur sa raison d\u2019exister et sur l\u2019apr\u00e8s-vie. \u00c0 ces interrogations naturelles visant l\u2019appr\u00e9hension de notre nature profonde, le Tao\u00efsme <a href=\"#_ftn2\" name=\"_ftnref2\">[2]<\/a> nous enseigne que l\u2019Univers baigne dans un Oc\u00e9an d\u2019\u00e9nergie latente et que notre monde physique n\u2019est que la manifestation de la concentration de cette \u00e9nergie, le Ki.<\/p>\n<p style=\"text-align: justify;\">Selon Doshu Koichi Tohei,<a href=\"#_ftn3\" name=\"_ftnref3\">[3]<\/a> l\u2019un des plus grands ma\u00eetres des arts martiaux que le monde ait connu, \u00ab<em> le<\/em><em> Ki est un ensemble infini de particules infiniment petites. De la m\u00eame fa\u00e7on, le Soleil, les \u00e9toiles, les plantes, les animaux, l\u2019esprit et le corps humain sont tous issus du Ki universel. <\/em><em>Le<\/em><em> Ki est la substance m\u00eame de l\u2019Univers, il n\u2019a pas de commencement ni de fin, sa valeur absolue ne s\u2019accroit ni ne diminue. Nous sommes \u201cUN\u201d avec l\u2019Univers, et nos vies sont une partie de la vie de l\u2019Univers<\/em> <em>\u00bb.<\/em><a href=\"#_ftn4\" name=\"_ftnref4\">[4]<\/a><\/p>\n<p style=\"text-align: justify;\">Le Ki non manifest\u00e9 physiquement est neutre par nature. Mais lorsqu\u2019il se polarise, il produit les composantes tangibles (observables et mesurables) de notre monde physique.<\/p>\n<p style=\"text-align: right;\">\u00ab <em>Ce qui est consid\u00e9r\u00e9 comme un espace vide n&rsquo;est qu&rsquo;une manifestation<br \/>\nde la mati\u00e8re qui n&rsquo;est pas \u00e9veill\u00e9e. Pas d&rsquo;espace vide sur cette plan\u00e8te,<br \/>\nni dans l&rsquo;Univers. Les trous noirs, ce dont parlent les astronomes,<br \/>\nsont les sources d&rsquo;\u00e9nergie et de vie les plus puissantes.<\/em> \u00bb<\/p>\n<p style=\"text-align: right;\">Nikola Tesla <a href=\"#_ftn5\" name=\"_ftnref5\">[5]<\/a><\/p>\n<p style=\"text-align: justify;\">Ce monde que nous consid\u00e9rons r\u00e9el selon notre perception physique ne repr\u00e9sente que 5% de la masse totale de l\u2019Univers. Du 95% restant de l\u2019Univers, on estime selon des approches d\u00e9ductives que 68% serait compos\u00e9e d\u2019\u00e9nergie noire (ou \u00e9nergie sombre, qui explique le ph\u00e9nom\u00e8ne d\u2019acc\u00e9l\u00e9ration et d\u2019expansion de l\u2019Univers) et 27% de mati\u00e8re noire (ou mati\u00e8re sombre ou transparente, qui explique la vitesse de rotation des \u00e9toiles dans les galaxies). Ainsi, selon la science actuelle, 95% de l\u2019Univers serait donc compos\u00e9 de substances inconnues soient de substances dont nous n\u2019avons pas conscience !<\/p>\n<p style=\"text-align: justify;\">Ces proportions d\u2019inconscience de l\u2019Univers sont analogues \u00e0 notre conscience qui n\u2019est responsable que de 5% de ce que nous faisons de nos vies. C\u2019est l\u00e0 que se situe notre libre-arbitre.<a href=\"#_ftn6\" name=\"_ftnref6\">[6]<\/a> Le 95% du temps restant de nos vies est op\u00e9r\u00e9 par le mat\u00e9riel du subconscient. Donc, nous ob\u00e9issons la majorit\u00e9 du temps \u00e0 des programmes internes.<\/p>\n<p style=\"text-align: justify;\">Si nous modifions ces programmes subconscients, alors nous reprendrons notre pouvoir et nous r\u00e9inventerons notre vie. Ce livre s\u2019av\u00e8re un guide sommaire d\u2019instruction pour y arriver.<\/p>\n<p style=\"text-align: justify;\">Le potentiel utilis\u00e9 par l\u2019\u00eatre humain tr\u00e8s d\u00e9velopp\u00e9 se compare g\u00e9n\u00e9ralement \u00e0 la partie visible d\u2019un iceberg (10%). Cependant, le potentiel immense auquel il a acc\u00e8s sans toutefois l\u2019utiliser s\u2019apparente \u00e0 la partie submerg\u00e9e, soit celle qui est \u00e0 la fois \u00e9norme et presque invisible parce que cach\u00e9e sous l\u2019eau. C\u2019est dire que les capacit\u00e9s et le pourvoir d\u2019un humain s\u2019av\u00e8re simplement gargantuesque. Et, seul l\u2019\u00e9veil va conduire l\u2019humain vers l\u2019expression de son plein potentiel.<\/p>\n<p style=\"text-align: justify;\">Dans cet \u00ab Oc\u00e9an d\u2019\u00e9nergie \u00bb constitu\u00e9 de Ki universel, ce monde o\u00f9 voguent des particules invisibles et infiniment petites, des substances mat\u00e9rielles imperceptibles par nos sens, o\u00f9 se propagent des ondes dans un Univers vibrant sans cesse en mouvement, constitue le champ (ou la soupe) quantique, ou encore le champ unifi\u00e9. C\u2019est le bassin d\u2019\u00e9nergie cr\u00e9atrice originelle et primordiale que l\u2019on appelle \u00e9galement : La Source.<\/p>\n<p style=\"text-align: justify;\">Ce champ \u00e9nerg\u00e9tique est \u00e0 l\u2019origine des r\u00e9alit\u00e9s que nous vivons. Ces r\u00e9alit\u00e9s viennent des commandes de l\u2019esprit, inconscientes ou non, qui activent des \u00e9nergies vibratoires, un processus de communication, qui entre en r\u00e9sonnance avec le champ quantique pour manifester la r\u00e9alit\u00e9 du monde physique.<\/p>\n<p style=\"text-align: justify;\">Le champ quantique contient des infinies potentialit\u00e9s, soit des alternatives qui peuvent \u00eatre d\u00e9ploy\u00e9es \u00e0 tout moment. Nous assistons alors \u00e0 des changements programm\u00e9s de r\u00e9alit\u00e9s. Pour en arriver \u00e0 consciemment op\u00e9rer un processus viable de cr\u00e9ation de nouvelles r\u00e9alit\u00e9s en modifiant celles existantes, nous devons logiquement comprendre certains \u00e9l\u00e9ments qui caract\u00e9risent l\u2019Univers de la physique quantique (sans toutefois entrer dans des complexit\u00e9s inextricables et des \u00e9quations \u00e0 caract\u00e8re hi\u00e9roglyphique).<a href=\"#_ftn7\" name=\"_ftnref7\">[7]<\/a><br \/>\nAinsi, toute \u00e9nergie est constitu\u00e9e d\u2019un mat\u00e9riel fondamental que nous appellerons ici : \u00ab Ki \u00bb. Le Ki est l\u2019\u00e9nergie de l\u2019Univers du plan quantique qui lorsque condens\u00e9 par polarisation en paquets produit les composantes du monde physique, soit notre r\u00e9alit\u00e9. Ces paquets d\u2019\u00e9nergie \u00e9changent constamment de l\u2019information avec le champ quantique.<\/p>\n<p style=\"text-align: justify;\">Que ce soit au niveau cellulaire ou mental, il y a une communication quantique constante. Nous sommes constamment en r\u00e9sonnance avec le champ quantique. Nous sommes vibratoires !<\/p>\n<p style=\"text-align: right;\"><em>\u00ab Si vous voulez d\u00e9couvrir les secrets de l\u2019Univers, <\/em><br \/>\n<em>pensez en termes d\u2019\u00e9nergie, de fr\u00e9quences et de vibrations. \u00bb <\/em><\/p>\n<p style=\"text-align: right;\"><em>Nikola Tesla<\/em><\/p>\n<p style=\"text-align: justify;\">Nous projetons notre influence positive dans le monde physique du fait des vibrations que nous \u00e9mettons. Toutes les interactions avec notre environnement sont assujetties \u00e0 la qualit\u00e9 de notre fr\u00e9quence vibratoire. Plus elle est \u00e9lev\u00e9e, plus l\u2019influence est grande et plus nous avons de possibilit\u00e9s de modifier la r\u00e9alit\u00e9.<\/p>\n<p style=\"text-align: justify;\">Le fait vibratoire proc\u00e8de \u00e0 l\u2019\u00e9mission d\u2019ondes communiquant avec tout le champ quantique. Ce rayonnement grandissant avec l\u2019\u00e9veil spirituel produit une syntonie de Soi avec l\u2019Univers permettant d\u2019entrer dans des sph\u00e8res de conscience sup\u00e9rieures.<\/p>\n<p style=\"text-align: justify;\">Les particules sont en effet des ondes et elles ne prennent pas n\u2019importe quelle forme : \u00e0 chaque forme son \u00e9nergie, c\u2019est ce qu\u2019on appelle la \u00ab\u00a0quantification\u00a0\u00bb. C\u2019est pourquoi les ondes de formes<a href=\"#_ftn8\" name=\"_ftnref8\">[8]<\/a> influent sur l\u2019\u00e9nergie de la Source pour modifier la fonction d\u2019onde<a href=\"#_ftn9\" name=\"_ftnref9\">[9]<\/a> de la mati\u00e8re, ce qui affectera son comportement.<\/p>\n<p style=\"text-align: justify;\">Aussi, la physique quantique nous d\u00e9montre que de poser le geste d\u2019observer des particules infiniment petites, modifie le comportement de la mati\u00e8re au niveau de la fonction d\u2019onde.<\/p>\n<p style=\"text-align: justify;\">Cela signifie que la mati\u00e8re subira ainsi une alt\u00e9ration et se comportera diff\u00e9remment que si on ne l\u2019observerait pas. Alors, l\u2019observation, qui au d\u00e9part s\u2019av\u00e8re l\u2019arcane premier de la perception, donne vie \u00e0 une nouveaut\u00e9, un changement dans le sch\u00e9ma de la r\u00e9alit\u00e9 observ\u00e9e.<\/p>\n<p style=\"text-align: justify;\">Rien dans l\u2019Univers n\u2019existe comme objet ind\u00e9pendant, tout est reli\u00e9 au Tout. Tous les ph\u00e9nom\u00e8nes du monde quantique sont reli\u00e9s entre eux, ils sont intriqu\u00e9s. Rien dans l\u2019Univers n\u2019existe seul. C\u2019est pourquoi on dira que chacun d\u2019entre nous ne fait qu\u2019UN avec l\u2019UNIVERS, au-del\u00e0 du temps et de l\u2019espace.<\/p>\n<p style=\"text-align: justify;\">De la perception que nous avons de cet Univers, nous affectons constamment le champ quantique pour cr\u00e9er, consciemment ou non, la r\u00e9alit\u00e9 que nous vivons. Ainsi, \u00e0 chaque instant nous cr\u00e9ons notre r\u00e9alit\u00e9.<\/p>\n<p style=\"text-align: justify;\">L\u2019humain peut faire grandir cette perception qui est \u00e0 la base de cette cr\u00e9ation de r\u00e9alit\u00e9s. Il peut faire en sorte de l\u2019\u00e9largir, de la rendre plus pr\u00e9cise et m\u00eame intrusive, et la mettre en relation directe avec le Tout. C\u2019est ce que nous appelons\u00a0: \u00ab\u00a0L\u2019\u00c9VEIL spirituel \u00bb. Ainsi, plus nous nous \u00e9veillons, plus nous prenons conscience de soi et de notre environnement en nous harmonisant avec la nature et plus nous avons acc\u00e8s aux ressources quantiques qui sont naturellement mises \u00e0 notre port\u00e9e.<\/p>\n<p style=\"text-align: right;\"><em>Rien dans la nature ne vit pour lui-m\u00eame.<\/em><br \/>\n<em>Les rivi\u00e8res ne boivent pas leur eau.<\/em><br \/>\n<em>Les arbres ne mangent pas leurs propres fruits.<\/em><br \/>\n<em>Le Soleil ne brille pas pour lui-m\u00eame.<\/em><br \/>\n<em>VIVRE LES UNS POUR LES AUTRES EST LA LOI DE LA NATURE !<\/em><\/p>\n<p style=\"text-align: right;\"><em>Auteur inconnu<\/em><\/p>\n<p style=\"text-align: justify;\">Le domaine d\u2019\u00e9tude de la physique quantique est tr\u00e8s vaste et en raison du carcan de la m\u00e9thodologie scientifique, les applications concr\u00e8tes, naturelles et accessibles \u00e0 tous se font attendre. De nombreux savants ont d\u2019ailleurs eu une vie professionnelle tr\u00e8s tumultueuse en raison des dogmes rigides de leurs communaut\u00e9s scientifiques qui se sont retourn\u00e9es contre eux lorsqu\u2019ils ont mis de l\u2019avant des th\u00e9ories et hypoth\u00e8ses les menant hors des sentiers battus.<\/p>\n<p style=\"text-align: justify;\">De l\u2019autre c\u00f4t\u00e9, les tenants du Ki (ou du Chi) comme les tao\u00efstes comprennent de nombreux ph\u00e9nom\u00e8nes quantiques depuis des centaines d\u2019ann\u00e9es, sans toutefois utiliser le vocabulaire scientifique de notre \u00e9poque. Par exemple, on appellera \u00ab\u00a0Oc\u00e9an d\u2019\u00c9nergie\u00a0\u00bb le \u00ab\u00a0champ unifi\u00e9\u00a0\u00bb.<\/p>\n<p style=\"text-align: justify;\">La science a pu constater qu\u2019\u00e0 l\u2019instar d\u2019un poisson qui vit dans l\u2019eau sans en \u00eatre vraiment conscient, l\u2019\u00eatre humain nage sa vie durant dans une mer de lumi\u00e8re quantique toujours en mouvement et constamment en mutation. Ce ph\u00e9nom\u00e8ne de l\u2019Univers qui est en perp\u00e9tuel mouvement est appel\u00e9 en <em>Budo<\/em><a href=\"#_ftn10\" name=\"_ftnref10\">[10]<\/a> le \u00ab\u00a0rythme universel\u00a0\u00bb.<\/p>\n<p style=\"text-align: justify;\">M\u00eame Aristote <a href=\"#_ftn11\" name=\"_ftnref11\">[11]<\/a> affirma que le vide de l\u2019espace tel que per\u00e7u par les sens \u00e9tait un plein, une structure sous-jacente constitu\u00e9e d\u2019\u00e9l\u00e9ments primordiaux. Le concept de champ quantique d\u2019aujourd\u2019hui, constitu\u00e9 de substances non manifestes, \u00e9tait autrefois appel\u00e9 \u00ab\u00a0\u00c9ther\u00a0\u00bb en Occident.<\/p>\n<p style=\"text-align: justify;\">Cette doctrine m\u00e9di\u00e9vale de l\u2019\u00c9ther consid\u00e8re ce dernier tel que le cinqui\u00e8me des \u00e9l\u00e9ments de base avec le Feu, l\u2019Air, l\u2019Eau et la Terre. L\u2019\u00e9ther est consid\u00e9r\u00e9 comme la mati\u00e8re des astres. De cette observation, il est conclu que l\u2019esprit est perp\u00e9tuel et qu\u2019il \u00e9mane de l\u2019\u00c9ther.<\/p>\n<p style=\"text-align: justify;\">En cosmologie <a href=\"#_ftn12\" name=\"_ftnref12\">[12]<\/a> on r\u00e9f\u00e8re au champ quantique par le concept de Quintessence, un clin d\u2019\u0153il \u00e0 \u00ab\u00a0l\u2019\u00c9ther\u00a0\u00bb de l\u2019Antiquit\u00e9 aristot\u00e9lique.<\/p>\n<p style=\"text-align: justify;\">Par ailleurs, la physique quantique a mis en lumi\u00e8re un ph\u00e9nom\u00e8ne appel\u00e9 \u00ab\u00a0conscience collective\u00a0\u00bb, une force de vie omnipr\u00e9sente dans l\u2019Univers \u00e0 laquelle la spiritualit\u00e9 y r\u00e9f\u00e8re comme \u00e9tant l\u2019\u00ab\u00a0Esprit Un\u00a0\u00bb ou, pour les th\u00e9istes, l\u2019\u00ab\u00a0Esprit Saint\u00a0\u00bb.<\/p>\n<p style=\"text-align: justify;\">Il existe des pratiques spirituelles et \u00e9nerg\u00e9tiques qui se r\u00e9sument \u00e0 mettre en \u0153uvre des applications concr\u00e8tes de la physique quantique, dont ce livre en pr\u00e9sente d\u2019ailleurs de nombreux exemples.<\/p>\n<p style=\"text-align: justify;\">Ainsi, gr\u00e2ce \u00e0 l\u2019avancement de la physique quantique, nous pouvons maintenant comprendre et expliquer dans une d\u00e9marche logique et rationnelle des \u00e9l\u00e9ments qui auparavant ne reposaient que sur la foi et les croyances.<\/p>\n<p style=\"text-align: justify;\">Par exemple\u00a0: pourquoi la spiritualit\u00e9 est indispensable \u00e0 l\u2019humain et comment cr\u00e9er le mieux-\u00eatre\u00a0; comment intervenir \u00e0 distance pour modifier le niveau vibratoire des lieux et les assainir\u00a0; comment la radiesth\u00e9sie <a href=\"#_ftn13\" name=\"_ftnref13\">[13]<\/a> et la g\u00e9obiologie op\u00e8rent leurs processus et surtout pourquoi \u00e7a fonctionne\u00a0; comment soigner une personne en projetant l\u2019\u00e9nergie ou sa conscience\u00a0; comment dynamiser l\u2019eau, assainir la nourriture, annuler les effets secondaires des m\u00e9dicaments\u00a0; comment modifier la r\u00e9alit\u00e9 observ\u00e9e\u00a0; etc\u2026 Ces \u00e9l\u00e9ments et bien d\u2019autres sont les objets \u00e0 l\u2019\u00e9tude du pr\u00e9sent ouvrage.<\/p>\n<p style=\"text-align: justify;\">Sur le plan individuel, le Ki anime le corps par un r\u00e9seau de lignes d\u2019\u00e9nergie appel\u00e9s en acuponcture, les m\u00e9ridiens. Ces derniers convergent vers le \u00ab centre de l\u2019\u00e9nergie vitale \u00bb, le \u00ab<em> Kika\u00ef-tanden <\/em>\u00bb <a href=\"#_ftn14\" name=\"_ftnref14\">[14]<\/a> situ\u00e9 dans la r\u00e9gion hypogastrique et qui correspond au centre de gravit\u00e9 d\u2019un \u00eatre humain.<\/p>\n<p style=\"text-align: justify;\">Le <em>Ki<\/em> universel contenu dans cet \u00ab Oc\u00e9an d\u2019\u00e9nergie \u00bb poss\u00e8de une valeur neutre. Lorsqu\u2019il se polarise, il produit les \u00eatres et les formes constituant l\u2019Univers. L\u2019effet conjugu\u00e9 des forces du <em>Yin<\/em> <a href=\"#_ftn15\" name=\"_ftnref15\">[15]<\/a> (p\u00f4le n\u00e9gatif \u2013 f\u00e9minin) et de celles du <em>Yang<\/em> (p\u00f4le positif \u2013 masculin) cr\u00e9e et maintient l\u2019\u00e9quilibre de l\u2019univers physique. Ainsi, du monde absolu est n\u00e9 le monde dit relatif. Cette polarit\u00e9 est indispensable pour maintenir l\u2019univers physique et les conditions n\u00e9cessaires \u00e0 l\u2019\u00e9dification de la vie.<\/p>\n<p style=\"text-align: justify;\">La polarit\u00e9 se retrouve ind\u00e9pendamment aux niveaux atomique, cellulaire, organique, corporel, dans toutes choses et aux niveaux plan\u00e9taires et sid\u00e9raux. Elle cr\u00e9e le temps, synonyme d\u2019impermanence en tout, qui n\u2019existait pas dans l\u2019absolu avant que ne soit constitu\u00e9 le monde physique.<\/p>\n<p style=\"text-align: justify;\">De l\u2019absolu, synonyme d\u2019espace permanent intemporel, la pens\u00e9e-\u00e9nergie\u00a0\u00a0<a href=\"#_ftn16\" name=\"_ftnref16\">[16]<\/a> aura permis la cr\u00e9ation de l\u2019univers physique.<\/p>\n<p style=\"text-align: center;\"><a href=\"https:\/\/jrfortin.com\/jrf\/blog\/legregore-de-notre-dojo\/tai-ki1\/\" rel=\"attachment wp-att-7792\"><img data-recalc-dims=\"1\" loading=\"lazy\" decoding=\"async\" data-attachment-id=\"7792\" data-permalink=\"https:\/\/jrfortin.com\/jrf\/blog\/legregore-de-notre-dojo\/tai-ki1\/\" data-orig-file=\"https:\/\/i0.wp.com\/jrfortin.com\/jrf\/wp-content\/uploads\/2017\/03\/Tai-ki1.png?fit=360%2C360&amp;ssl=1\" data-orig-size=\"360,360\" data-comments-opened=\"0\" data-image-meta=\"{&quot;aperture&quot;:&quot;0&quot;,&quot;credit&quot;:&quot;&quot;,&quot;camera&quot;:&quot;&quot;,&quot;caption&quot;:&quot;&quot;,&quot;created_timestamp&quot;:&quot;0&quot;,&quot;copyright&quot;:&quot;&quot;,&quot;focal_length&quot;:&quot;0&quot;,&quot;iso&quot;:&quot;0&quot;,&quot;shutter_speed&quot;:&quot;0&quot;,&quot;title&quot;:&quot;&quot;,&quot;orientation&quot;:&quot;0&quot;}\" data-image-title=\"Tai-ki1\" data-image-description=\"\" data-image-caption=\"\" data-medium-file=\"https:\/\/i0.wp.com\/jrfortin.com\/jrf\/wp-content\/uploads\/2017\/03\/Tai-ki1.png?fit=300%2C300&amp;ssl=1\" data-large-file=\"https:\/\/i0.wp.com\/jrfortin.com\/jrf\/wp-content\/uploads\/2017\/03\/Tai-ki1.png?fit=360%2C360&amp;ssl=1\" class=\"alignnone size-medium wp-image-7792\" src=\"https:\/\/i0.wp.com\/jrfortin.com\/jrf\/wp-content\/uploads\/2017\/03\/Tai-ki1-300x300.png?resize=300%2C300\" alt=\"\" width=\"300\" height=\"300\" srcset=\"https:\/\/i0.wp.com\/jrfortin.com\/jrf\/wp-content\/uploads\/2017\/03\/Tai-ki1.png?resize=300%2C300&amp;ssl=1 300w, https:\/\/i0.wp.com\/jrfortin.com\/jrf\/wp-content\/uploads\/2017\/03\/Tai-ki1.png?resize=120%2C120&amp;ssl=1 120w, https:\/\/i0.wp.com\/jrfortin.com\/jrf\/wp-content\/uploads\/2017\/03\/Tai-ki1.png?resize=180%2C180&amp;ssl=1 180w, https:\/\/i0.wp.com\/jrfortin.com\/jrf\/wp-content\/uploads\/2017\/03\/Tai-ki1.png?resize=150%2C150&amp;ssl=1 150w, https:\/\/i0.wp.com\/jrfortin.com\/jrf\/wp-content\/uploads\/2017\/03\/Tai-ki1.png?w=360&amp;ssl=1 360w\" sizes=\"auto, (max-width: 300px) 100vw, 300px\" \/><\/a><br \/>\n<strong>Tai-Ki <\/strong><a href=\"#_ftn17\" name=\"_ftnref17\">[17]<\/a><a href=\"#_ftnref1\" name=\"_ftn1\"><\/a><\/p>\n<hr \/>\n<p style=\"text-align: justify;\"><a href=\"#_ftnref1\" name=\"_ftn1\">[1]<\/a>\u00a0 Citation d\u2019Anaxagore,\u00a0philosophe grec pr\u00e9socratique (500 \u2013 428 avant J.-C).<\/p>\n<p style=\"text-align: justify;\"><a href=\"#_ftnref2\" name=\"_ftn2\">[2]<\/a> <strong>Tao\u00efsme<\/strong>\u00a0: Le Tao\u00efsme est \u00e0 la fois une doctrine philosophique et une religion\u00a0originaire de la Chine. Prenant ses racines dans une culture ancienne, ce courant repose sur des textes, dont le <em>Tao<\/em><em>\u00a0T\u00f6 King<\/em> de <em>Lao Tseu <\/em>\u00e9crit vers 600 av. J.-C., et s\u2019exprime par des pratiques qui influenc\u00e8rent tout l\u2019Extr\u00eame-Orient.<\/p>\n<p style=\"text-align: justify;\">Le tao\u00efsme apporte entre autres\u00a0: une qui\u00e9tude mystique passive, reprise par le bouddhisme <em>Chan<\/em>, l\u2019anc\u00eatre du <em>Zen<\/em> japonais, une \u00e9thique qui professe la libert\u00e9 individuelle absolue ; un sens des \u00e9quilibres du <em>Yin <\/em>et du<em> Yang<\/em> contribuant au d\u00e9veloppement de la m\u00e9decine chinoise et au d\u00e9veloppement personnel, et une appr\u00e9hension visible du r\u00e9el dans la calligraphie et l\u2019art. Le mot chinois \u00ab\u00a0<em>Tao<\/em>\u00a0\u00bb (Aussi \u00ab\u00a0<em>Dao\u00a0\u00bb<\/em>.) d\u00e9signe la force fondamentale qui habite toutes choses dans l\u2019Univers.<\/p>\n<p style=\"text-align: justify;\"><a href=\"#_ftnref3\" name=\"_ftn3\">[3]<\/a> <strong>Koichi Tohei<\/strong> (1920 \u2013 2011)\u00a0: Maitre japonais d\u2019A\u00efkido (10i\u00e8me dan) qui fut le plus grand disciple de O\u2019Sensei Morihei Ueshiba (1883 \u2013 1969) le fondateur de cet art incomparable. Koichi Tohei fut \u00e9galement le disciple de Tempu Nakamura (1876 \u2013 1968) qui est \u00e0 l\u2019origine du Yoga japonais, le \u00ab\u00a0<em>Shin-Shin Toitsu Do<\/em>\u00a0\u00bb.<\/p>\n<p style=\"text-align: justify;\">Maitre Tohei a instaur\u00e9 la \u00ab\u00a0<em>Ki no Kenkyuka\u00ef\u00a0<\/em>\u00bb (Soci\u00e9t\u00e9 de recherches sur le Ki) en 1971, aussi connue sous le nom de \u00ab\u00a0Ki Society\u00a0\u00bb.<\/p>\n<p style=\"text-align: justify;\"><a href=\"#_ftnref4\" name=\"_ftn4\">[4]<\/a> Traduction libre d\u2019un extrait de\u00a0: Koichi Tohei, \u00ab\u00a0<strong>Ki<\/strong><strong> in daily life<\/strong>\u00a0\u00bb,<em> Ki No Kenkyukai<\/em>, Tokyo, Japon, 1978, p.\u00a020, 139\u00a0p.<\/p>\n<p style=\"text-align: justify;\"><a href=\"#_ftnref5\" name=\"_ftn5\">[5]<\/a> <strong>Nikola Tesla<\/strong> (1856 \u2014 1943)\u00a0: Il a \u00e9t\u00e9 l\u2019un des plus grands savants du monde. Ing\u00e9nieur, d\u00e9couvreur et inventeur, il a d\u00e9pos\u00e9 plus de 300 brevets couvrant 125 inventions dont la radio, le radar, le courant alternatif et le moteur \u00e0 courant alternatif triphas\u00e9, etc. Il est aussi l\u2019inventeur de l\u2019\u00e9nergie libre, une technologie permettant de transformer le<em> Ki <\/em>cosmique en \u00e9lectricit\u00e9 et de la distribuer sans fil.<\/p>\n<p style=\"text-align: justify;\">La disponibilit\u00e9 illimit\u00e9e de l\u2019\u00e9nergie et sa gratuit\u00e9 ont \u00e9t\u00e9 mal accueillies par le capitalisme de l\u2019\u00e8re industrielle du d\u00e9but du 20e si\u00e8cle qui a tourn\u00e9 ses investissements vers les sources d\u2019\u00e9nergie polluantes et non renouvelables que nous connaissons aujourd\u2019hui. L\u2019exploitation et l\u2019utilisation de l\u2019\u00e9nergie fossile sont les principales causes de la destruction de l\u2019environnement de notre plan\u00e8te.<\/p>\n<p style=\"text-align: justify;\">\u00c0 l\u2019aube du 21e si\u00e8cle les humains b\u00e9n\u00e9ficieront de cette merveilleuse avanc\u00e9e technologique jusqu\u2019alors gard\u00e9e secr\u00e8te. En effet l\u2019\u00e9nergie libre sera bient\u00f4t disponible car elle est n\u00e9cessaire \u00e0 la cr\u00e9ation du Nouveau Monde de l\u2019\u00e8re du Verseau.<\/p>\n<p style=\"text-align: justify;\"><a href=\"#_ftnref6\" name=\"_ftn6\">[6]<\/a> Le <strong>libre arbitre<\/strong> est la facult\u00e9 que poss\u00e8de l&rsquo;\u00eatre humain de se d\u00e9terminer librement et par lui seul, \u00e0 agir et \u00e0 penser, par opposition au d\u00e9terminisme ou \u00e0 la fatalit\u00e9, qui affirment que la volont\u00e9 est d\u00e9termin\u00e9e dans chacun de ses actes par des \u00ab\u00a0forces\u00a0\u00bb qui l\u2019y obligent. \u00ab\u00a0Se d\u00e9terminer \u00e0\u00a0\u00bb ou \u00ab\u00a0\u00eatre d\u00e9termin\u00e9 par\u00a0\u00bb illustrent l\u2019enjeu de l\u2019antinomie du libre arbitre d&rsquo;un c\u00f4t\u00e9 et du destin ou de la \u00ab\u00a0n\u00e9cessit\u00e9\u00a0\u00bb de l&rsquo;autre.<\/p>\n<p style=\"text-align: justify;\"><a href=\"#_ftnref7\" name=\"_ftn7\">[7]<\/a> <strong>La physique quantique<\/strong>\u00a0est l\u2019appellation g\u00e9n\u00e9rale d\u2019un ensemble de th\u00e9ories physiques n\u00e9es au XXe\u00a0si\u00e8cle qui, comme la th\u00e9orie de la relativit\u00e9, marque une rupture avec ce que l\u2019on appelle maintenant la physique classique, l\u2019ensemble des th\u00e9ories et principes physiques admis au XIXe\u00a0si\u00e8cle.<\/p>\n<p style=\"text-align: justify;\">Les th\u00e9ories dites \u00ab\u00a0quantiques\u00a0\u00bb d\u00e9crivent le comportement des atomes et des particules, ce que la physique classique, notamment la m\u00e9canique newtonienne et la th\u00e9orie \u00e9lectromagn\u00e9tique de Maxwell, n\u2019avaient pu faire, et permettent d\u2019\u00e9lucider certaines propri\u00e9t\u00e9s du rayonnement \u00e9lectromagn\u00e9tique.<\/p>\n<p style=\"text-align: justify;\">La physique quantique\u00a0heurte le sens commun \u00e0 plusieurs \u00e9gards. Sa description du monde microscopique, radicalement nouvelle, s\u2019appuie sur de nouveaux postulats\u00a0: la quantification, la dualit\u00e9 onde-particule, le principe d\u2019incertitude, le principe d\u2019une nature qui joue aux d\u00e9s, l\u2019observation qui influe sur le syst\u00e8me observ\u00e9, l\u2019intrication des objets et les \u00e9v\u00e8nements contrefactuels. La pr\u00e9sente section d\u00e9crit bri\u00e8vement quelques notions de base qui caract\u00e9rise la physique quantique et de ce nous appellerons dans ce livre\u00a0: le \u00ab\u00a0quantum\u00a0\u00bb, \u00ab\u00a0soupe quantique\u00a0\u00bb ou \u00ab\u00a0champ quantique\u00a0\u00bb.<\/p>\n<p style=\"text-align: justify;\"><a href=\"#_ftnref8\" name=\"_ftn8\">[8]<\/a> <strong>Ondes de formes\u00a0:<\/strong> Ce sont des structures g\u00e9om\u00e9triques aux propri\u00e9t\u00e9s particuli\u00e8res, qui sont utilis\u00e9es pour canaliser ou amplifier l\u2019\u00e9nergie. Elles sont associ\u00e9es \u00e0 l\u2019activit\u00e9 de radionique, une branche de la radiesth\u00e9sie, selon laquelle toute forme poss\u00e8de une \u00e9nergie vibratoire.<\/p>\n<p style=\"text-align: justify;\"><a href=\"#_ftnref9\" name=\"_ftn9\">[9]<\/a> <strong>\u00a0Fonction d\u2019onde<\/strong>\u00a0: Concept fondamental de la m\u00e9canique quantique. La fonction d\u2019onde correspond \u00e0 la repr\u00e9sentation de l&rsquo;<a href=\"https:\/\/fr.wikipedia.org\/wiki\/%C3%89tat_quantique\">\u00e9tat quantique<\/a> d&rsquo;un syst\u00e8me dans une base de dimension infinie, en g\u00e9n\u00e9ral celle des positions.<\/p>\n<p style=\"text-align: justify;\"><a href=\"#_ftnref10\" name=\"_ftn10\">[10]<\/a> <strong>Budo<\/strong> : (Jap.) La Voie des arts martiaux. Le concept \u00e9sot\u00e9rique sous-jacent aux arts martiaux est une science introspective visant \u00e0 acc\u00e9der consciemment \u00e0 des potentialit\u00e9s subtiles et \u00e9nerg\u00e9tiques qui semblent g\u00e9n\u00e9ralement hors d\u2019atteinte de l\u2019objectivit\u00e9, ceci afin de les actualiser dans le monde physique.<\/p>\n<p style=\"text-align: justify;\"><a href=\"#_ftnref11\" name=\"_ftn11\">[11]<\/a> <strong>Aristote\u00a0<\/strong>(384 av. J.-C. &#8211; 322 av. J.-C.) : C\u00e9l\u00e8bre philosophe \u00e9rudit de la Gr\u00e8ce antique, et un disciple de Platon (428 av. J.-C. &#8211; 348 av. J.-C.), qui fut l&rsquo;un des penseurs les plus influents du monde occidental.<\/p>\n<p style=\"text-align: justify;\"><a href=\"#_ftnref12\" name=\"_ftn12\">[12]<\/a> <strong>Cosmologie<\/strong>\u00a0: Terme d\u00e9signant un domaine d\u2019\u00e9tude de l&rsquo;astrophysique qui s&rsquo;int\u00e9resse \u00e0 l&rsquo;origine, la nature, la structure et l&rsquo;\u00e9volution de l&rsquo;Univers dans son ensemble. La cosmologie compte parmi les plus anciennes disciplines intellectuelles de l&rsquo;humanit\u00e9. La cosmologie \u00e9tudie les composantes de l\u2019Univers qui sont en relations entre elles. La cosmologie ne s&rsquo;int\u00e9resse pas aux objets c\u00e9lestes comme les \u00e9toiles, plan\u00e8tes ou galaxies, mais bien aux relations entre eux dans le cadre des lois communes auxquelles ils ob\u00e9issent.<\/p>\n<p style=\"text-align: justify;\"><a href=\"#_ftnref13\" name=\"_ftn13\">[13]<\/a> <strong>Radiesth\u00e9sie\u00a0<\/strong>: Art divinatoire de d\u00e9tection et de mesures quantitatives utilisant la sensibilit\u00e9 naturelle d\u2019une personne et de sa connaissance inconsciente de l\u2019Univers.<\/p>\n<p style=\"text-align: justify;\"><a href=\"#_ftnref14\" name=\"_ftn14\">[14]<\/a> <strong>Kika\u00ef-tanden\u00a0: <\/strong>(Jap.) Aussi <em>Kika\u00ef<\/em>, <em>Seika-tanden<\/em> ou <em>Seika-no-itten<\/em>. <em>Qi-ha\u00ef <\/em>ou <em>dan-tian<\/em> en Chinois. C\u2019est le centre corporel de la vie instinctive et intuitive de l\u2019humain.<\/p>\n<p style=\"text-align: justify;\"><a href=\"#_ftnref15\" name=\"_ftn15\">[15]<\/a> Aussi\u00a0: \u00ab\u00a0<em>Ying<\/em>\u00a0\u00bb (Chin.).<\/p>\n<p style=\"text-align: justify;\"><a href=\"#_ftnref16\" name=\"_ftn16\">[16]<\/a> <strong>Pens\u00e9e-\u00e9nergie<\/strong>\u00a0: Toute cr\u00e9ation humaine provient tout d\u2019abord de la pens\u00e9e. En extrapolant ce processus \u00e0 l\u2019Univers, la pens\u00e9e \u00e9manant de l\u2019absolu aurait donc cr\u00e9\u00e9 le monde physique. Cela implique que le microcosme humano\u00efde repr\u00e9senterait le processus de cr\u00e9ation de l\u2019Univers. La cr\u00e9ation au sens universel ne peut s\u2019exprimer autrement que par la pens\u00e9e animant l\u2019\u00e9nergie subtile, le<em> Ki,<\/em> c\u2019est-\u00e0-dire en le polarisant afin de lui conf\u00e9rer une nature relative qui produit les formes physiques de notre monde.<\/p>\n<p style=\"text-align: justify;\"><a href=\"#_ftnref17\" name=\"_ftn17\">[17]<\/a> Le <em>Tai-ki<\/em>\u00a0(ou <em>Tai-ji<\/em>) est une repr\u00e9sentation tao\u00efste de l\u2019Univers. Au centre, le symbole du <em>Yin<\/em> (en noir) et du <em>Yang<\/em> (en blanc) pr\u00e9sents en toutes choses, l\u2019un contenant une partie de l\u2019autre en toute compl\u00e9mentarit\u00e9.<\/p>\n","protected":false},"excerpt":{"rendered":"<p>Voici l&rsquo;introduction du livre : Ki, le Chemi\u2026<\/p>\n<p> <a class=\"continue-reading-link\" href=\"https:\/\/jrfortin.com\/jrf\/blog\/19623\/\"><span>continuez la lecture<\/span><i class=\"crycon-right-dir\"><\/i><\/a> <\/p>\n","protected":false},"author":1,"featured_media":19598,"comment_status":"open","ping_status":"open","sticky":false,"template":"","format":"standard","meta":{"_jetpack_memberships_contains_paid_content":false,"footnotes":""},"categories":[114,312],"tags":[],"class_list":["post-19623","post","type-post","status-publish","format-standard","has-post-thumbnail","hentry","category-ki-aikido-et-arts-martiaux","category-eveil-des-consciences"],"yoast_head":"<!-- This site is optimized with the Yoast SEO plugin v26.7 - https:\/\/yoast.com\/wordpress\/plugins\/seo\/ -->\n<title>Introduction du livre en r\u00e9daction : Ki, le Chemin de l&#039;\u00c9veil (Tome II) - Dojo du Nouveau Monde<\/title>\n<meta name=\"robots\" content=\"index, follow, max-snippet:-1, max-image-preview:large, max-video-preview:-1\" \/>\n<link rel=\"canonical\" href=\"https:\/\/jrfortin.com\/jrf\/blog\/19623\/\" \/>\n<meta property=\"og:locale\" content=\"fr_FR\" \/>\n<meta property=\"og:type\" content=\"article\" \/>\n<meta property=\"og:title\" content=\"Introduction du livre en r\u00e9daction : Ki, le Chemin de l&#039;\u00c9veil (Tome II) - Dojo du Nouveau Monde\" \/>\n<meta property=\"og:description\" content=\"Voici l&rsquo;introduction du livre : Ki, le Chemi\u2026 continuez la lecture\" \/>\n<meta property=\"og:url\" content=\"https:\/\/jrfortin.com\/jrf\/blog\/19623\/\" \/>\n<meta property=\"og:site_name\" content=\"Dojo du Nouveau Monde\" \/>\n<meta property=\"article:published_time\" content=\"2023-07-20T18:50:54+00:00\" \/>\n<meta property=\"article:modified_time\" content=\"2023-07-23T13:07:28+00:00\" \/>\n<meta property=\"og:image\" content=\"https:\/\/i0.wp.com\/jrfortin.com\/jrf\/wp-content\/uploads\/2023\/07\/tome21.png?fit=642%2C864&ssl=1\" \/>\n\t<meta property=\"og:image:width\" content=\"642\" \/>\n\t<meta property=\"og:image:height\" content=\"864\" \/>\n\t<meta property=\"og:image:type\" content=\"image\/png\" \/>\n<meta name=\"author\" content=\"Shihan Jean-Rock Fortin, M.A.\" \/>\n<meta name=\"twitter:card\" content=\"summary_large_image\" \/>\n<meta name=\"twitter:creator\" content=\"@fortin_rock\" \/>\n<meta name=\"twitter:site\" content=\"@fortin_rock\" \/>\n<meta name=\"twitter:label1\" content=\"\u00c9crit par\" \/>\n\t<meta name=\"twitter:data1\" content=\"Shihan Jean-Rock Fortin, M.A.\" \/>\n\t<meta name=\"twitter:label2\" content=\"Dur\u00e9e de lecture estim\u00e9e\" \/>\n\t<meta name=\"twitter:data2\" content=\"17 minutes\" \/>\n<script type=\"application\/ld+json\" class=\"yoast-schema-graph\">{\"@context\":\"https:\/\/schema.org\",\"@graph\":[{\"@type\":\"Article\",\"@id\":\"https:\/\/jrfortin.com\/jrf\/blog\/19623\/#article\",\"isPartOf\":{\"@id\":\"https:\/\/jrfortin.com\/jrf\/blog\/19623\/\"},\"author\":{\"name\":\"Shihan Jean-Rock Fortin, M.A.\",\"@id\":\"https:\/\/jrfortin.com\/jrf\/#\/schema\/person\/420b013ae3febafe8d99a66adee55de9\"},\"headline\":\"Introduction du livre en r\u00e9daction : Ki, le Chemin de l&rsquo;\u00c9veil (Tome II)\",\"datePublished\":\"2023-07-20T18:50:54+00:00\",\"dateModified\":\"2023-07-23T13:07:28+00:00\",\"mainEntityOfPage\":{\"@id\":\"https:\/\/jrfortin.com\/jrf\/blog\/19623\/\"},\"wordCount\":3354,\"commentCount\":0,\"publisher\":{\"@id\":\"https:\/\/jrfortin.com\/jrf\/#\/schema\/person\/420b013ae3febafe8d99a66adee55de9\"},\"image\":{\"@id\":\"https:\/\/jrfortin.com\/jrf\/blog\/19623\/#primaryimage\"},\"thumbnailUrl\":\"https:\/\/i0.wp.com\/jrfortin.com\/jrf\/wp-content\/uploads\/2023\/07\/tome21.png?fit=642%2C864&ssl=1\",\"articleSection\":[\"Arts martiaux et Ki\",\"\u00c9veil des consciences\"],\"inLanguage\":\"fr-FR\",\"potentialAction\":[{\"@type\":\"CommentAction\",\"name\":\"Comment\",\"target\":[\"https:\/\/jrfortin.com\/jrf\/blog\/19623\/#respond\"]}]},{\"@type\":\"WebPage\",\"@id\":\"https:\/\/jrfortin.com\/jrf\/blog\/19623\/\",\"url\":\"https:\/\/jrfortin.com\/jrf\/blog\/19623\/\",\"name\":\"Introduction du livre en r\u00e9daction : Ki, le Chemin de l'\u00c9veil (Tome II) - Dojo du Nouveau Monde\",\"isPartOf\":{\"@id\":\"https:\/\/jrfortin.com\/jrf\/#website\"},\"primaryImageOfPage\":{\"@id\":\"https:\/\/jrfortin.com\/jrf\/blog\/19623\/#primaryimage\"},\"image\":{\"@id\":\"https:\/\/jrfortin.com\/jrf\/blog\/19623\/#primaryimage\"},\"thumbnailUrl\":\"https:\/\/i0.wp.com\/jrfortin.com\/jrf\/wp-content\/uploads\/2023\/07\/tome21.png?fit=642%2C864&ssl=1\",\"datePublished\":\"2023-07-20T18:50:54+00:00\",\"dateModified\":\"2023-07-23T13:07:28+00:00\",\"breadcrumb\":{\"@id\":\"https:\/\/jrfortin.com\/jrf\/blog\/19623\/#breadcrumb\"},\"inLanguage\":\"fr-FR\",\"potentialAction\":[{\"@type\":\"ReadAction\",\"target\":[\"https:\/\/jrfortin.com\/jrf\/blog\/19623\/\"]}]},{\"@type\":\"ImageObject\",\"inLanguage\":\"fr-FR\",\"@id\":\"https:\/\/jrfortin.com\/jrf\/blog\/19623\/#primaryimage\",\"url\":\"https:\/\/i0.wp.com\/jrfortin.com\/jrf\/wp-content\/uploads\/2023\/07\/tome21.png?fit=642%2C864&ssl=1\",\"contentUrl\":\"https:\/\/i0.wp.com\/jrfortin.com\/jrf\/wp-content\/uploads\/2023\/07\/tome21.png?fit=642%2C864&ssl=1\",\"width\":642,\"height\":864},{\"@type\":\"BreadcrumbList\",\"@id\":\"https:\/\/jrfortin.com\/jrf\/blog\/19623\/#breadcrumb\",\"itemListElement\":[{\"@type\":\"ListItem\",\"position\":1,\"name\":\"Accueil\",\"item\":\"https:\/\/jrfortin.com\/jrf\/\"},{\"@type\":\"ListItem\",\"position\":2,\"name\":\"Introduction du livre en r\u00e9daction : Ki, le Chemin de l&#8217;\u00c9veil (Tome II)\"}]},{\"@type\":\"WebSite\",\"@id\":\"https:\/\/jrfortin.com\/jrf\/#website\",\"url\":\"https:\/\/jrfortin.com\/jrf\/\",\"name\":\"Dojo du Nouveau Monde\",\"description\":\"R\u00e9seau de Shihan Jean-Rock Fortin\",\"publisher\":{\"@id\":\"https:\/\/jrfortin.com\/jrf\/#\/schema\/person\/420b013ae3febafe8d99a66adee55de9\"},\"potentialAction\":[{\"@type\":\"SearchAction\",\"target\":{\"@type\":\"EntryPoint\",\"urlTemplate\":\"https:\/\/jrfortin.com\/jrf\/?s={search_term_string}\"},\"query-input\":{\"@type\":\"PropertyValueSpecification\",\"valueRequired\":true,\"valueName\":\"search_term_string\"}}],\"inLanguage\":\"fr-FR\"},{\"@type\":[\"Person\",\"Organization\"],\"@id\":\"https:\/\/jrfortin.com\/jrf\/#\/schema\/person\/420b013ae3febafe8d99a66adee55de9\",\"name\":\"Shihan Jean-Rock Fortin, M.A.\",\"image\":{\"@type\":\"ImageObject\",\"inLanguage\":\"fr-FR\",\"@id\":\"https:\/\/jrfortin.com\/jrf\/#\/schema\/person\/image\/\",\"url\":\"https:\/\/i2.wp.com\/jrfortin.com\/jrf\/wp-content\/uploads\/2020\/07\/ki-le-chemin.jpg?fit=600%2C848&ssl=1\",\"contentUrl\":\"https:\/\/i2.wp.com\/jrfortin.com\/jrf\/wp-content\/uploads\/2020\/07\/ki-le-chemin.jpg?fit=600%2C848&ssl=1\",\"width\":600,\"height\":848,\"caption\":\"Shihan Jean-Rock Fortin, M.A.\"},\"logo\":{\"@id\":\"https:\/\/jrfortin.com\/jrf\/#\/schema\/person\/image\/\"},\"description\":\"Globetrotteur par affaires et pour le plaisir, et Orientaliste, je suis instructeur d'arts martiaux (maitre-enseignant de Ki-A\u00efkido [Shihan] &amp; Dim-Mak), Fondateur du Dojo du Nouveau Monde (2010), \\\"S\u00e9ancier\\\" de Kiatsu, M\u00e9tatronicien, Radiesth\u00e9siste, Coutelier d'art, Conf\u00e9rencier et Auteur du livre \\\"Ki - Le Chemin de l'\u00c9veil\\\" (2018). Je suis \u00e9galement Consultant strat\u00e9gique en \u00e9volution et prosp\u00e9rit\u00e9 des personnes et des organisations.\",\"sameAs\":[\"http:\/\/www.jrfortin.com\"],\"url\":\"https:\/\/jrfortin.com\/jrf\/blog\/author\/jean-rock\/\"}]}<\/script>\n<!-- \/ Yoast SEO plugin. -->","yoast_head_json":{"title":"Introduction du livre en r\u00e9daction : Ki, le Chemin de l'\u00c9veil (Tome II) - Dojo du Nouveau Monde","robots":{"index":"index","follow":"follow","max-snippet":"max-snippet:-1","max-image-preview":"max-image-preview:large","max-video-preview":"max-video-preview:-1"},"canonical":"https:\/\/jrfortin.com\/jrf\/blog\/19623\/","og_locale":"fr_FR","og_type":"article","og_title":"Introduction du livre en r\u00e9daction : Ki, le Chemin de l'\u00c9veil (Tome II) - Dojo du Nouveau Monde","og_description":"Voici l&rsquo;introduction du livre : Ki, le Chemi\u2026 continuez la lecture","og_url":"https:\/\/jrfortin.com\/jrf\/blog\/19623\/","og_site_name":"Dojo du Nouveau Monde","article_published_time":"2023-07-20T18:50:54+00:00","article_modified_time":"2023-07-23T13:07:28+00:00","og_image":[{"width":642,"height":864,"url":"https:\/\/i0.wp.com\/jrfortin.com\/jrf\/wp-content\/uploads\/2023\/07\/tome21.png?fit=642%2C864&ssl=1","type":"image\/png"}],"author":"Shihan Jean-Rock Fortin, M.A.","twitter_card":"summary_large_image","twitter_creator":"@fortin_rock","twitter_site":"@fortin_rock","twitter_misc":{"\u00c9crit par":"Shihan Jean-Rock Fortin, M.A.","Dur\u00e9e de lecture estim\u00e9e":"17 minutes"},"schema":{"@context":"https:\/\/schema.org","@graph":[{"@type":"Article","@id":"https:\/\/jrfortin.com\/jrf\/blog\/19623\/#article","isPartOf":{"@id":"https:\/\/jrfortin.com\/jrf\/blog\/19623\/"},"author":{"name":"Shihan Jean-Rock Fortin, M.A.","@id":"https:\/\/jrfortin.com\/jrf\/#\/schema\/person\/420b013ae3febafe8d99a66adee55de9"},"headline":"Introduction du livre en r\u00e9daction : Ki, le Chemin de l&rsquo;\u00c9veil (Tome II)","datePublished":"2023-07-20T18:50:54+00:00","dateModified":"2023-07-23T13:07:28+00:00","mainEntityOfPage":{"@id":"https:\/\/jrfortin.com\/jrf\/blog\/19623\/"},"wordCount":3354,"commentCount":0,"publisher":{"@id":"https:\/\/jrfortin.com\/jrf\/#\/schema\/person\/420b013ae3febafe8d99a66adee55de9"},"image":{"@id":"https:\/\/jrfortin.com\/jrf\/blog\/19623\/#primaryimage"},"thumbnailUrl":"https:\/\/i0.wp.com\/jrfortin.com\/jrf\/wp-content\/uploads\/2023\/07\/tome21.png?fit=642%2C864&ssl=1","articleSection":["Arts martiaux et Ki","\u00c9veil des consciences"],"inLanguage":"fr-FR","potentialAction":[{"@type":"CommentAction","name":"Comment","target":["https:\/\/jrfortin.com\/jrf\/blog\/19623\/#respond"]}]},{"@type":"WebPage","@id":"https:\/\/jrfortin.com\/jrf\/blog\/19623\/","url":"https:\/\/jrfortin.com\/jrf\/blog\/19623\/","name":"Introduction du livre en r\u00e9daction : Ki, le Chemin de l'\u00c9veil (Tome II) - Dojo du Nouveau Monde","isPartOf":{"@id":"https:\/\/jrfortin.com\/jrf\/#website"},"primaryImageOfPage":{"@id":"https:\/\/jrfortin.com\/jrf\/blog\/19623\/#primaryimage"},"image":{"@id":"https:\/\/jrfortin.com\/jrf\/blog\/19623\/#primaryimage"},"thumbnailUrl":"https:\/\/i0.wp.com\/jrfortin.com\/jrf\/wp-content\/uploads\/2023\/07\/tome21.png?fit=642%2C864&ssl=1","datePublished":"2023-07-20T18:50:54+00:00","dateModified":"2023-07-23T13:07:28+00:00","breadcrumb":{"@id":"https:\/\/jrfortin.com\/jrf\/blog\/19623\/#breadcrumb"},"inLanguage":"fr-FR","potentialAction":[{"@type":"ReadAction","target":["https:\/\/jrfortin.com\/jrf\/blog\/19623\/"]}]},{"@type":"ImageObject","inLanguage":"fr-FR","@id":"https:\/\/jrfortin.com\/jrf\/blog\/19623\/#primaryimage","url":"https:\/\/i0.wp.com\/jrfortin.com\/jrf\/wp-content\/uploads\/2023\/07\/tome21.png?fit=642%2C864&ssl=1","contentUrl":"https:\/\/i0.wp.com\/jrfortin.com\/jrf\/wp-content\/uploads\/2023\/07\/tome21.png?fit=642%2C864&ssl=1","width":642,"height":864},{"@type":"BreadcrumbList","@id":"https:\/\/jrfortin.com\/jrf\/blog\/19623\/#breadcrumb","itemListElement":[{"@type":"ListItem","position":1,"name":"Accueil","item":"https:\/\/jrfortin.com\/jrf\/"},{"@type":"ListItem","position":2,"name":"Introduction du livre en r\u00e9daction : Ki, le Chemin de l&#8217;\u00c9veil (Tome II)"}]},{"@type":"WebSite","@id":"https:\/\/jrfortin.com\/jrf\/#website","url":"https:\/\/jrfortin.com\/jrf\/","name":"Dojo du Nouveau Monde","description":"R\u00e9seau de Shihan Jean-Rock Fortin","publisher":{"@id":"https:\/\/jrfortin.com\/jrf\/#\/schema\/person\/420b013ae3febafe8d99a66adee55de9"},"potentialAction":[{"@type":"SearchAction","target":{"@type":"EntryPoint","urlTemplate":"https:\/\/jrfortin.com\/jrf\/?s={search_term_string}"},"query-input":{"@type":"PropertyValueSpecification","valueRequired":true,"valueName":"search_term_string"}}],"inLanguage":"fr-FR"},{"@type":["Person","Organization"],"@id":"https:\/\/jrfortin.com\/jrf\/#\/schema\/person\/420b013ae3febafe8d99a66adee55de9","name":"Shihan Jean-Rock Fortin, M.A.","image":{"@type":"ImageObject","inLanguage":"fr-FR","@id":"https:\/\/jrfortin.com\/jrf\/#\/schema\/person\/image\/","url":"https:\/\/i2.wp.com\/jrfortin.com\/jrf\/wp-content\/uploads\/2020\/07\/ki-le-chemin.jpg?fit=600%2C848&ssl=1","contentUrl":"https:\/\/i2.wp.com\/jrfortin.com\/jrf\/wp-content\/uploads\/2020\/07\/ki-le-chemin.jpg?fit=600%2C848&ssl=1","width":600,"height":848,"caption":"Shihan Jean-Rock Fortin, M.A."},"logo":{"@id":"https:\/\/jrfortin.com\/jrf\/#\/schema\/person\/image\/"},"description":"Globetrotteur par affaires et pour le plaisir, et Orientaliste, je suis instructeur d'arts martiaux (maitre-enseignant de Ki-A\u00efkido [Shihan] &amp; Dim-Mak), Fondateur du Dojo du Nouveau Monde (2010), \"S\u00e9ancier\" de Kiatsu, M\u00e9tatronicien, Radiesth\u00e9siste, Coutelier d'art, Conf\u00e9rencier et Auteur du livre \"Ki - Le Chemin de l'\u00c9veil\" (2018). Je suis \u00e9galement Consultant strat\u00e9gique en \u00e9volution et prosp\u00e9rit\u00e9 des personnes et des organisations.","sameAs":["http:\/\/www.jrfortin.com"],"url":"https:\/\/jrfortin.com\/jrf\/blog\/author\/jean-rock\/"}]}},"jetpack_featured_media_url":"https:\/\/i0.wp.com\/jrfortin.com\/jrf\/wp-content\/uploads\/2023\/07\/tome21.png?fit=642%2C864&ssl=1","jetpack_sharing_enabled":true,"_links":{"self":[{"href":"https:\/\/jrfortin.com\/jrf\/wp-json\/wp\/v2\/posts\/19623","targetHints":{"allow":["GET"]}}],"collection":[{"href":"https:\/\/jrfortin.com\/jrf\/wp-json\/wp\/v2\/posts"}],"about":[{"href":"https:\/\/jrfortin.com\/jrf\/wp-json\/wp\/v2\/types\/post"}],"author":[{"embeddable":true,"href":"https:\/\/jrfortin.com\/jrf\/wp-json\/wp\/v2\/users\/1"}],"replies":[{"embeddable":true,"href":"https:\/\/jrfortin.com\/jrf\/wp-json\/wp\/v2\/comments?post=19623"}],"version-history":[{"count":2,"href":"https:\/\/jrfortin.com\/jrf\/wp-json\/wp\/v2\/posts\/19623\/revisions"}],"predecessor-version":[{"id":19645,"href":"https:\/\/jrfortin.com\/jrf\/wp-json\/wp\/v2\/posts\/19623\/revisions\/19645"}],"wp:featuredmedia":[{"embeddable":true,"href":"https:\/\/jrfortin.com\/jrf\/wp-json\/wp\/v2\/media\/19598"}],"wp:attachment":[{"href":"https:\/\/jrfortin.com\/jrf\/wp-json\/wp\/v2\/media?parent=19623"}],"wp:term":[{"taxonomy":"category","embeddable":true,"href":"https:\/\/jrfortin.com\/jrf\/wp-json\/wp\/v2\/categories?post=19623"},{"taxonomy":"post_tag","embeddable":true,"href":"https:\/\/jrfortin.com\/jrf\/wp-json\/wp\/v2\/tags?post=19623"}],"curies":[{"name":"wp","href":"https:\/\/api.w.org\/{rel}","templated":true}]}}