{"id":19852,"date":"2023-11-12T08:53:00","date_gmt":"2023-11-12T13:53:00","guid":{"rendered":"https:\/\/jrfortin.com\/jrf\/?p=19852"},"modified":"2023-11-13T17:11:10","modified_gmt":"2023-11-13T22:11:10","slug":"o-v-n-i-s-etc","status":"publish","type":"post","link":"https:\/\/jrfortin.com\/jrf\/blog\/o-v-n-i-s-etc\/","title":{"rendered":"OVNIS, extraterrestres, r\u00e9v\u00e9lations, porte des \u00e9toiles, etc."},"content":{"rendered":"<p><a href=\"https:\/\/jrfortin.com\/jrf\/blog\/o-v-n-i-s-etc\/ovni\/\" rel=\"attachment wp-att-19853\"><img data-recalc-dims=\"1\" loading=\"lazy\" decoding=\"async\" data-attachment-id=\"19853\" data-permalink=\"https:\/\/jrfortin.com\/jrf\/blog\/o-v-n-i-s-etc\/ovni\/\" data-orig-file=\"https:\/\/i0.wp.com\/jrfortin.com\/jrf\/wp-content\/uploads\/2023\/11\/ovni.jpg?fit=2000%2C1472&amp;ssl=1\" data-orig-size=\"2000,1472\" data-comments-opened=\"1\" data-image-meta=\"{&quot;aperture&quot;:&quot;0&quot;,&quot;credit&quot;:&quot;&quot;,&quot;camera&quot;:&quot;&quot;,&quot;caption&quot;:&quot;&quot;,&quot;created_timestamp&quot;:&quot;0&quot;,&quot;copyright&quot;:&quot;&quot;,&quot;focal_length&quot;:&quot;0&quot;,&quot;iso&quot;:&quot;0&quot;,&quot;shutter_speed&quot;:&quot;0&quot;,&quot;title&quot;:&quot;&quot;,&quot;orientation&quot;:&quot;1&quot;}\" data-image-title=\"ovni\" data-image-description=\"\" data-image-caption=\"\" data-medium-file=\"https:\/\/i0.wp.com\/jrfortin.com\/jrf\/wp-content\/uploads\/2023\/11\/ovni.jpg?fit=300%2C221&amp;ssl=1\" data-large-file=\"https:\/\/i0.wp.com\/jrfortin.com\/jrf\/wp-content\/uploads\/2023\/11\/ovni.jpg?fit=830%2C611&amp;ssl=1\" class=\"alignnone wp-image-19853 size-full aligncenter\" src=\"https:\/\/i0.wp.com\/jrfortin.com\/jrf\/wp-content\/uploads\/2023\/11\/ovni.jpg?resize=830%2C611&#038;ssl=1\" alt=\"\" width=\"830\" height=\"611\" srcset=\"https:\/\/i0.wp.com\/jrfortin.com\/jrf\/wp-content\/uploads\/2023\/11\/ovni.jpg?w=2000&amp;ssl=1 2000w, https:\/\/i0.wp.com\/jrfortin.com\/jrf\/wp-content\/uploads\/2023\/11\/ovni.jpg?resize=300%2C221&amp;ssl=1 300w, https:\/\/i0.wp.com\/jrfortin.com\/jrf\/wp-content\/uploads\/2023\/11\/ovni.jpg?resize=1024%2C754&amp;ssl=1 1024w, https:\/\/i0.wp.com\/jrfortin.com\/jrf\/wp-content\/uploads\/2023\/11\/ovni.jpg?resize=768%2C565&amp;ssl=1 768w, https:\/\/i0.wp.com\/jrfortin.com\/jrf\/wp-content\/uploads\/2023\/11\/ovni.jpg?resize=1536%2C1130&amp;ssl=1 1536w, https:\/\/i0.wp.com\/jrfortin.com\/jrf\/wp-content\/uploads\/2023\/11\/ovni.jpg?resize=150%2C110&amp;ssl=1 150w, https:\/\/i0.wp.com\/jrfortin.com\/jrf\/wp-content\/uploads\/2023\/11\/ovni.jpg?resize=1320%2C972&amp;ssl=1 1320w, https:\/\/i0.wp.com\/jrfortin.com\/jrf\/wp-content\/uploads\/2023\/11\/ovni.jpg?resize=24%2C18&amp;ssl=1 24w, https:\/\/i0.wp.com\/jrfortin.com\/jrf\/wp-content\/uploads\/2023\/11\/ovni.jpg?resize=36%2C26&amp;ssl=1 36w, https:\/\/i0.wp.com\/jrfortin.com\/jrf\/wp-content\/uploads\/2023\/11\/ovni.jpg?resize=48%2C35&amp;ssl=1 48w, https:\/\/i0.wp.com\/jrfortin.com\/jrf\/wp-content\/uploads\/2023\/11\/ovni.jpg?w=1660&amp;ssl=1 1660w\" sizes=\"auto, (max-width: 830px) 100vw, 830px\" \/><\/a><\/p>\n<p style=\"text-align: justify;\">J\u2019ai vu avec certitude plus d\u2019une douzaine d\u2019OVNIS depuis l\u2019\u00e2ge de neuf ans. Mes plus belles observations sont assez r\u00e9centes. En janvier 2020 pr\u00e8s de Lac M\u00e9gantic, un appareil s\u2019est montr\u00e9 \u00e0 un ami et \u00e0 moi alors que je conduisais.<\/p>\n<p style=\"text-align: justify;\">Puis, \u00e0 un jour d\u2019intervalle, en juillet 2020, de mon balcon de ma r\u00e9sidence de Qu\u00e9bec (Ste-Foy), ma conjointe et moi avons vue un magnifique vaisseau durant quelques minutes. C\u2019\u00e9tait grandiose et magnifique.<\/p>\n<p style=\"text-align: justify;\">Pourquoi des gens voient des OVNIS et d\u2019autres non? C\u2019est parce que certains ont une fr\u00e9quence vibratoire beaucoup plus \u00e9lev\u00e9s que d\u2019autres. Ainsi, dans un groupe de personnes quelques individus peuvent voir des vaisseaux, mais pas les autres, m\u00eame si on leur montre.<\/p>\n<p style=\"text-align: justify;\">Pour le moment, les vaisseaux vont permettre d\u2019\u00eatre vus par ceux dont la fr\u00e9quence vibratoire est \u00e9lev\u00e9e. Je dis pour le moment, car tr\u00e8s prochainement, des extraterrestres vont \u00e9tablir le premier contact public. \u00c7a va faire partie du Nouveau Monde qui se manifeste progressivement.<\/p>\n<p style=\"text-align: center;\"><a href=\"https:\/\/jrfortin.com\/jrf\/blog\/existe-t-il-une-relation-entre-les-pandemies-et-les-champs-electromagnetiques\/attachment\/3232\/\" rel=\"attachment wp-att-13690\"><img data-recalc-dims=\"1\" loading=\"lazy\" decoding=\"async\" data-attachment-id=\"13690\" data-permalink=\"https:\/\/jrfortin.com\/jrf\/blog\/existe-t-il-une-relation-entre-les-pandemies-et-les-champs-electromagnetiques\/attachment\/3232\/\" data-orig-file=\"https:\/\/i0.wp.com\/jrfortin.com\/jrf\/wp-content\/uploads\/2020\/05\/3232.png?fit=1850%2C1850&amp;ssl=1\" data-orig-size=\"1850,1850\" data-comments-opened=\"1\" data-image-meta=\"{&quot;aperture&quot;:&quot;0&quot;,&quot;credit&quot;:&quot;&quot;,&quot;camera&quot;:&quot;&quot;,&quot;caption&quot;:&quot;&quot;,&quot;created_timestamp&quot;:&quot;0&quot;,&quot;copyright&quot;:&quot;&quot;,&quot;focal_length&quot;:&quot;0&quot;,&quot;iso&quot;:&quot;0&quot;,&quot;shutter_speed&quot;:&quot;0&quot;,&quot;title&quot;:&quot;&quot;,&quot;orientation&quot;:&quot;0&quot;}\" data-image-title=\"3232\" data-image-description=\"&lt;p&gt;Symbole t\u00e9l\u00e9pathique pour appeler la communaut\u00e9 d&amp;rsquo;Androm\u00e8de &lt;\/p&gt;\n\" data-image-caption=\"\" data-medium-file=\"https:\/\/i0.wp.com\/jrfortin.com\/jrf\/wp-content\/uploads\/2020\/05\/3232.png?fit=300%2C300&amp;ssl=1\" data-large-file=\"https:\/\/i0.wp.com\/jrfortin.com\/jrf\/wp-content\/uploads\/2020\/05\/3232.png?fit=830%2C830&amp;ssl=1\" class=\"alignnone size-medium wp-image-13690\" src=\"https:\/\/i0.wp.com\/jrfortin.com\/jrf\/wp-content\/uploads\/2020\/05\/3232.png?resize=300%2C300&#038;ssl=1\" alt=\"\" width=\"300\" height=\"300\" srcset=\"https:\/\/i0.wp.com\/jrfortin.com\/jrf\/wp-content\/uploads\/2020\/05\/3232.png?resize=300%2C300&amp;ssl=1 300w, https:\/\/i0.wp.com\/jrfortin.com\/jrf\/wp-content\/uploads\/2020\/05\/3232.png?resize=1024%2C1024&amp;ssl=1 1024w, https:\/\/i0.wp.com\/jrfortin.com\/jrf\/wp-content\/uploads\/2020\/05\/3232.png?resize=120%2C120&amp;ssl=1 120w, https:\/\/i0.wp.com\/jrfortin.com\/jrf\/wp-content\/uploads\/2020\/05\/3232.png?resize=768%2C768&amp;ssl=1 768w, https:\/\/i0.wp.com\/jrfortin.com\/jrf\/wp-content\/uploads\/2020\/05\/3232.png?resize=1536%2C1536&amp;ssl=1 1536w, https:\/\/i0.wp.com\/jrfortin.com\/jrf\/wp-content\/uploads\/2020\/05\/3232.png?resize=150%2C150&amp;ssl=1 150w, https:\/\/i0.wp.com\/jrfortin.com\/jrf\/wp-content\/uploads\/2020\/05\/3232.png?resize=1320%2C1320&amp;ssl=1 1320w, https:\/\/i0.wp.com\/jrfortin.com\/jrf\/wp-content\/uploads\/2020\/05\/3232.png?w=1850&amp;ssl=1 1850w, https:\/\/i0.wp.com\/jrfortin.com\/jrf\/wp-content\/uploads\/2020\/05\/3232.png?w=1660&amp;ssl=1 1660w\" sizes=\"auto, (max-width: 300px) 100vw, 300px\" \/><\/a><\/p>\n<hr \/>\n<p style=\"text-align: justify;\">En d\u00e9cembre 2020, un g\u00e9n\u00e9ral isra\u00e9lien, ancien chef de la division spatiale de l\u2019arm\u00e9e isra\u00e9lienne de 1981 \u00e0 2010 a affirm\u00e9 que des civilisations extraterrestres nous rendent visite depuis des ann\u00e9es et qu&rsquo;elles ont conclu un pacte avec les \u00c9tats-Unis et son pays (pas avec les sionistes) pour demeurer dans l&rsquo;ombre.<\/p>\n<p class=\"article-p mdl\" style=\"text-align: justify;\">Il y aurait aussi, quelque part sur la plan\u00e8te Mars, une f\u00e9d\u00e9ration galactique, \u00e9tablie dans une base souterraine, o\u00f9 les \u00c9tats-Unis, Isra\u00ebl et des repr\u00e9sentants d&rsquo;une autre forme de vie intelligente travailleraient main dans la main sur diff\u00e9rentes exp\u00e9riences \u00e0 vis\u00e9e essentiellement scientifique.<\/p>\n<p style=\"text-align: justify;\">L&rsquo;ex-g\u00e9n\u00e9ral de 87 ans, qui a dirig\u00e9 l\u2019unit\u00e9 spatiale du minist\u00e8re de la d\u00e9fense pendant pr\u00e8s de trois d\u00e9cennies, a affirm\u00e9 l\u2019existence d\u2019une alliance extraterrestre couvrant la galaxie dans une interview d\u00e9concertante du journal isra\u00e9lien Yedioth Ahronoth. \u201cNous sommes d\u00e9j\u00e0 en contact avec les extraterrestres, Donald Trump est au courant mais il est encore trop t\u00f4t pour l&rsquo;annoncer&#8230; les extraterrestres de la F\u00e9d\u00e9ration Galactique nous disent : attendez, laissez les esprits se calmer d\u2019abord. Ils ne veulent pas que nous plongions dans une super hyst\u00e9rie collective\u201d.<\/p>\n<p style=\"text-align: justify;\">\u201cIls veulent d\u2019abord nous rendre sains d\u2019esprit et compr\u00e9hensifs. Ils ont attendu jusqu\u2019\u00e0 aujourd\u2019hui que l\u2019humanit\u00e9 \u00e9volue et atteigne un stade o\u00f9 nous comprendrons ce que sont l\u2019espace et les vaisseaux spatiaux\u201d.<\/p>\n<p style=\"text-align: justify;\">Bien que l\u2019on ne sache pas exactement ce qui a chang\u00e9 pour \u00e9viter la suppos\u00e9e \u201chyst\u00e9rie de masse\u201d dont les extraterrestres nous avaient pr\u00e9venus, Eshed a apparemment estim\u00e9 qu\u2019il \u00e9tait temps de mettre la prudence \u00e0 l\u2019\u00e9preuve et de cracher le morceau lui-m\u00eame.<\/p>\n<hr \/>\n<p>&nbsp;<\/p>\n<p style=\"text-align: center;\"><a href=\"https:\/\/jrfortin.com\/jrf\/blog\/o-v-n-i-s-etc\/seal_of_the_united_states_space_force-svg\/\" rel=\"attachment wp-att-19862\"><img data-recalc-dims=\"1\" loading=\"lazy\" decoding=\"async\" data-attachment-id=\"19862\" data-permalink=\"https:\/\/jrfortin.com\/jrf\/blog\/o-v-n-i-s-etc\/seal_of_the_united_states_space_force-svg\/\" data-orig-file=\"https:\/\/i0.wp.com\/jrfortin.com\/jrf\/wp-content\/uploads\/2023\/11\/Seal_of_the_United_States_Space_Force.svg_.png?fit=400%2C400&amp;ssl=1\" data-orig-size=\"400,400\" data-comments-opened=\"1\" data-image-meta=\"{&quot;aperture&quot;:&quot;0&quot;,&quot;credit&quot;:&quot;&quot;,&quot;camera&quot;:&quot;&quot;,&quot;caption&quot;:&quot;&quot;,&quot;created_timestamp&quot;:&quot;0&quot;,&quot;copyright&quot;:&quot;&quot;,&quot;focal_length&quot;:&quot;0&quot;,&quot;iso&quot;:&quot;0&quot;,&quot;shutter_speed&quot;:&quot;0&quot;,&quot;title&quot;:&quot;&quot;,&quot;orientation&quot;:&quot;0&quot;}\" data-image-title=\"Seal_of_the_United_States_Space_Force.svg\" data-image-description=\"\" data-image-caption=\"\" data-medium-file=\"https:\/\/i0.wp.com\/jrfortin.com\/jrf\/wp-content\/uploads\/2023\/11\/Seal_of_the_United_States_Space_Force.svg_.png?fit=300%2C300&amp;ssl=1\" data-large-file=\"https:\/\/i0.wp.com\/jrfortin.com\/jrf\/wp-content\/uploads\/2023\/11\/Seal_of_the_United_States_Space_Force.svg_.png?fit=400%2C400&amp;ssl=1\" class=\"alignnone wp-image-19862\" src=\"https:\/\/i0.wp.com\/jrfortin.com\/jrf\/wp-content\/uploads\/2023\/11\/Seal_of_the_United_States_Space_Force.svg_.png?resize=200%2C200&#038;ssl=1\" alt=\"\" width=\"200\" height=\"200\" srcset=\"https:\/\/i0.wp.com\/jrfortin.com\/jrf\/wp-content\/uploads\/2023\/11\/Seal_of_the_United_States_Space_Force.svg_.png?resize=300%2C300&amp;ssl=1 300w, https:\/\/i0.wp.com\/jrfortin.com\/jrf\/wp-content\/uploads\/2023\/11\/Seal_of_the_United_States_Space_Force.svg_.png?resize=120%2C120&amp;ssl=1 120w, https:\/\/i0.wp.com\/jrfortin.com\/jrf\/wp-content\/uploads\/2023\/11\/Seal_of_the_United_States_Space_Force.svg_.png?resize=150%2C150&amp;ssl=1 150w, https:\/\/i0.wp.com\/jrfortin.com\/jrf\/wp-content\/uploads\/2023\/11\/Seal_of_the_United_States_Space_Force.svg_.png?resize=24%2C24&amp;ssl=1 24w, https:\/\/i0.wp.com\/jrfortin.com\/jrf\/wp-content\/uploads\/2023\/11\/Seal_of_the_United_States_Space_Force.svg_.png?resize=36%2C36&amp;ssl=1 36w, https:\/\/i0.wp.com\/jrfortin.com\/jrf\/wp-content\/uploads\/2023\/11\/Seal_of_the_United_States_Space_Force.svg_.png?resize=48%2C48&amp;ssl=1 48w, https:\/\/i0.wp.com\/jrfortin.com\/jrf\/wp-content\/uploads\/2023\/11\/Seal_of_the_United_States_Space_Force.svg_.png?w=400&amp;ssl=1 400w\" sizes=\"auto, (max-width: 200px) 100vw, 200px\" \/><\/a> \u00a0\u00a0\u00a0\u00a0\u00a0\u00a0\u00a0\u00a0\u00a0\u00a0\u00a0\u00a0\u00a0\u00a0 <img data-recalc-dims=\"1\" loading=\"lazy\" decoding=\"async\" data-attachment-id=\"19863\" data-permalink=\"https:\/\/jrfortin.com\/jrf\/blog\/o-v-n-i-s-etc\/united_states_space_force_logo-svg\/\" data-orig-file=\"https:\/\/i0.wp.com\/jrfortin.com\/jrf\/wp-content\/uploads\/2023\/11\/United_States_Space_Force_logo.svg_.png?fit=400%2C467&amp;ssl=1\" data-orig-size=\"400,467\" data-comments-opened=\"1\" data-image-meta=\"{&quot;aperture&quot;:&quot;0&quot;,&quot;credit&quot;:&quot;&quot;,&quot;camera&quot;:&quot;&quot;,&quot;caption&quot;:&quot;&quot;,&quot;created_timestamp&quot;:&quot;0&quot;,&quot;copyright&quot;:&quot;&quot;,&quot;focal_length&quot;:&quot;0&quot;,&quot;iso&quot;:&quot;0&quot;,&quot;shutter_speed&quot;:&quot;0&quot;,&quot;title&quot;:&quot;&quot;,&quot;orientation&quot;:&quot;0&quot;}\" data-image-title=\"United_States_Space_Force_logo.svg\" data-image-description=\"\" data-image-caption=\"\" data-medium-file=\"https:\/\/i0.wp.com\/jrfortin.com\/jrf\/wp-content\/uploads\/2023\/11\/United_States_Space_Force_logo.svg_.png?fit=257%2C300&amp;ssl=1\" data-large-file=\"https:\/\/i0.wp.com\/jrfortin.com\/jrf\/wp-content\/uploads\/2023\/11\/United_States_Space_Force_logo.svg_.png?fit=400%2C467&amp;ssl=1\" class=\"alignnone wp-image-19863\" src=\"https:\/\/i0.wp.com\/jrfortin.com\/jrf\/wp-content\/uploads\/2023\/11\/United_States_Space_Force_logo.svg_.png?resize=172%2C200&#038;ssl=1\" alt=\"\" width=\"172\" height=\"200\" srcset=\"https:\/\/i0.wp.com\/jrfortin.com\/jrf\/wp-content\/uploads\/2023\/11\/United_States_Space_Force_logo.svg_.png?resize=257%2C300&amp;ssl=1 257w, https:\/\/i0.wp.com\/jrfortin.com\/jrf\/wp-content\/uploads\/2023\/11\/United_States_Space_Force_logo.svg_.png?resize=128%2C150&amp;ssl=1 128w, https:\/\/i0.wp.com\/jrfortin.com\/jrf\/wp-content\/uploads\/2023\/11\/United_States_Space_Force_logo.svg_.png?resize=21%2C24&amp;ssl=1 21w, https:\/\/i0.wp.com\/jrfortin.com\/jrf\/wp-content\/uploads\/2023\/11\/United_States_Space_Force_logo.svg_.png?resize=31%2C36&amp;ssl=1 31w, https:\/\/i0.wp.com\/jrfortin.com\/jrf\/wp-content\/uploads\/2023\/11\/United_States_Space_Force_logo.svg_.png?resize=41%2C48&amp;ssl=1 41w, https:\/\/i0.wp.com\/jrfortin.com\/jrf\/wp-content\/uploads\/2023\/11\/United_States_Space_Force_logo.svg_.png?w=400&amp;ssl=1 400w\" sizes=\"auto, (max-width: 172px) 100vw, 172px\" \/><\/p>\n<p>&nbsp;<\/p>\n<p style=\"text-align: justify;\">En 2019, le Pr\u00e9sident Donald Trump a cr\u00e9\u00e9 la <b>United States Space Force <\/b>soit une branche des Forces arm\u00e9es des \u00c9tats-Unis destin\u00e9e \u00e0 la conduite d&rsquo;op\u00e9rations militaires dans l&rsquo;espace. Il s&rsquo;agit de la sixi\u00e8me branche des forces arm\u00e9es des \u00c9tats-Unis, d\u00e9pendant du d\u00e9partement de la Force a\u00e9rienne. Ils se font appel\u00e9s \u00ab The Guardians \u00bb.<\/p>\n<hr \/>\n<p style=\"text-align: justify;\"><time class=\"nowrap date-lien\" datetime=\"1967-09-18\" data-sort-value=\"1967-09-18\"><\/time>La vid\u00e9o suivante pr\u00e9sente des R\u00e9v\u00e9lations ahurissantes \u00e0 propos des OVNIS. Il s&rsquo;agit du t\u00e9moignage de M. Paul Hellyer, Ministre de la D\u00e9fense nationale du Canada <time class=\"nowrap date-lien\" datetime=\"1963-04-22\" data-sort-value=\"1963-04-22\">d\u2019avril 1963<\/time> \u00e0<time class=\"nowrap date-lien\" datetime=\"1967-09-18\" data-sort-value=\"1967-09-18\"> septembre 1967<\/time>.<\/p>\n<!--[if lt IE 9]><script>document.createElement('video');<\/script><![endif]-->\n\t<div class=\"wp-playlist wp-video-playlist wp-playlist-light\">\n\t\t<video controls=\"controls\" preload=\"none\" width=\"808\"\n\t\t height=\"455\"\t><\/video>\n\t<div class=\"wp-playlist-next\"><\/div>\n\t<div class=\"wp-playlist-prev\"><\/div>\n\t<noscript>\n\t<ol>\n\t\t<li><a href='https:\/\/jrfortin.com\/jrf\/wp-content\/uploads\/2022\/11\/former-canadian-national-defense-minister-blows-the-lid-off-ufo-secrecy.mov'>former-canadian-national-defense-minister-blows-the-lid-off-ufo-secrecy<\/a><\/li>\t<\/ol>\n\t<\/noscript>\n\t<script type=\"application\/json\" class=\"wp-playlist-script\">{\"type\":\"video\",\"tracklist\":true,\"tracknumbers\":true,\"images\":true,\"artists\":true,\"tracks\":[{\"src\":\"https:\\\/\\\/jrfortin.com\\\/jrf\\\/wp-content\\\/uploads\\\/2022\\\/11\\\/former-canadian-national-defense-minister-blows-the-lid-off-ufo-secrecy.mov\",\"type\":\"video\\\/quicktime\",\"title\":\"former-canadian-national-defense-minister-blows-the-lid-off-ufo-secrecy\",\"caption\":\"\",\"description\":\"\",\"meta\":{\"length_formatted\":\"36:56\"},\"dimensions\":{\"original\":{\"width\":640,\"height\":360},\"resized\":{\"width\":808,\"height\":455}},\"image\":{\"src\":\"https:\\\/\\\/jrfortin.com\\\/jrf\\\/wp-includes\\\/images\\\/media\\\/video.svg\",\"width\":48,\"height\":64},\"thumb\":{\"src\":\"https:\\\/\\\/jrfortin.com\\\/jrf\\\/wp-includes\\\/images\\\/media\\\/video.svg\",\"width\":48,\"height\":64}}]}<\/script>\n<\/div>\n\t\n","protected":false},"excerpt":{"rendered":"<p>J\u2019ai vu avec certitude plus d\u2019une douzaine d\u2019OVNIS\u2026<\/p>\n<p> <a class=\"continue-reading-link\" href=\"https:\/\/jrfortin.com\/jrf\/blog\/o-v-n-i-s-etc\/\"><span>continuez la lecture<\/span><i class=\"crycon-right-dir\"><\/i><\/a> <\/p>\n","protected":false},"author":1,"featured_media":19853,"comment_status":"open","ping_status":"open","sticky":false,"template":"","format":"standard","meta":{"_jetpack_memberships_contains_paid_content":false,"footnotes":""},"categories":[114],"tags":[],"class_list":["post-19852","post","type-post","status-publish","format-standard","has-post-thumbnail","hentry","category-ki-aikido-et-arts-martiaux"],"yoast_head":"<!-- This site is optimized with the Yoast SEO plugin v26.7 - https:\/\/yoast.com\/wordpress\/plugins\/seo\/ -->\n<title>OVNIS, extraterrestres, r\u00e9v\u00e9lations, porte des \u00e9toiles, etc. - Dojo du Nouveau Monde<\/title>\n<meta name=\"robots\" content=\"index, follow, max-snippet:-1, max-image-preview:large, max-video-preview:-1\" \/>\n<link rel=\"canonical\" href=\"https:\/\/jrfortin.com\/jrf\/blog\/o-v-n-i-s-etc\/\" \/>\n<meta property=\"og:locale\" content=\"fr_FR\" \/>\n<meta property=\"og:type\" content=\"article\" \/>\n<meta property=\"og:title\" content=\"OVNIS, extraterrestres, r\u00e9v\u00e9lations, porte des \u00e9toiles, etc. - Dojo du Nouveau Monde\" \/>\n<meta property=\"og:description\" content=\"J\u2019ai vu avec certitude plus d\u2019une douzaine d\u2019OVNIS\u2026 continuez la lecture\" \/>\n<meta property=\"og:url\" content=\"https:\/\/jrfortin.com\/jrf\/blog\/o-v-n-i-s-etc\/\" \/>\n<meta property=\"og:site_name\" content=\"Dojo du Nouveau Monde\" \/>\n<meta property=\"article:published_time\" content=\"2023-11-12T13:53:00+00:00\" \/>\n<meta property=\"article:modified_time\" content=\"2023-11-13T22:11:10+00:00\" \/>\n<meta property=\"og:image\" content=\"https:\/\/i0.wp.com\/jrfortin.com\/jrf\/wp-content\/uploads\/2023\/11\/ovni.jpg?fit=2000%2C1472&ssl=1\" \/>\n\t<meta property=\"og:image:width\" content=\"2000\" \/>\n\t<meta property=\"og:image:height\" content=\"1472\" \/>\n\t<meta property=\"og:image:type\" content=\"image\/jpeg\" \/>\n<meta name=\"author\" content=\"Shihan Jean-Rock Fortin, M.A.\" \/>\n<meta name=\"twitter:card\" content=\"summary_large_image\" \/>\n<meta name=\"twitter:creator\" content=\"@fortin_rock\" \/>\n<meta name=\"twitter:site\" content=\"@fortin_rock\" \/>\n<meta name=\"twitter:label1\" content=\"\u00c9crit par\" \/>\n\t<meta name=\"twitter:data1\" content=\"Shihan Jean-Rock Fortin, M.A.\" \/>\n\t<meta name=\"twitter:label2\" content=\"Dur\u00e9e de lecture estim\u00e9e\" \/>\n\t<meta name=\"twitter:data2\" content=\"3 minutes\" \/>\n<script type=\"application\/ld+json\" class=\"yoast-schema-graph\">{\"@context\":\"https:\/\/schema.org\",\"@graph\":[{\"@type\":\"Article\",\"@id\":\"https:\/\/jrfortin.com\/jrf\/blog\/o-v-n-i-s-etc\/#article\",\"isPartOf\":{\"@id\":\"https:\/\/jrfortin.com\/jrf\/blog\/o-v-n-i-s-etc\/\"},\"author\":{\"name\":\"Shihan Jean-Rock Fortin, M.A.\",\"@id\":\"https:\/\/jrfortin.com\/jrf\/#\/schema\/person\/420b013ae3febafe8d99a66adee55de9\"},\"headline\":\"OVNIS, extraterrestres, r\u00e9v\u00e9lations, porte des \u00e9toiles, etc.\",\"datePublished\":\"2023-11-12T13:53:00+00:00\",\"dateModified\":\"2023-11-13T22:11:10+00:00\",\"mainEntityOfPage\":{\"@id\":\"https:\/\/jrfortin.com\/jrf\/blog\/o-v-n-i-s-etc\/\"},\"wordCount\":590,\"commentCount\":1,\"publisher\":{\"@id\":\"https:\/\/jrfortin.com\/jrf\/#\/schema\/person\/420b013ae3febafe8d99a66adee55de9\"},\"image\":{\"@id\":\"https:\/\/jrfortin.com\/jrf\/blog\/o-v-n-i-s-etc\/#primaryimage\"},\"thumbnailUrl\":\"https:\/\/i0.wp.com\/jrfortin.com\/jrf\/wp-content\/uploads\/2023\/11\/ovni.jpg?fit=2000%2C1472&ssl=1\",\"articleSection\":[\"Arts martiaux et Ki\"],\"inLanguage\":\"fr-FR\",\"potentialAction\":[{\"@type\":\"CommentAction\",\"name\":\"Comment\",\"target\":[\"https:\/\/jrfortin.com\/jrf\/blog\/o-v-n-i-s-etc\/#respond\"]}]},{\"@type\":\"WebPage\",\"@id\":\"https:\/\/jrfortin.com\/jrf\/blog\/o-v-n-i-s-etc\/\",\"url\":\"https:\/\/jrfortin.com\/jrf\/blog\/o-v-n-i-s-etc\/\",\"name\":\"OVNIS, extraterrestres, r\u00e9v\u00e9lations, porte des \u00e9toiles, etc. - Dojo du Nouveau Monde\",\"isPartOf\":{\"@id\":\"https:\/\/jrfortin.com\/jrf\/#website\"},\"primaryImageOfPage\":{\"@id\":\"https:\/\/jrfortin.com\/jrf\/blog\/o-v-n-i-s-etc\/#primaryimage\"},\"image\":{\"@id\":\"https:\/\/jrfortin.com\/jrf\/blog\/o-v-n-i-s-etc\/#primaryimage\"},\"thumbnailUrl\":\"https:\/\/i0.wp.com\/jrfortin.com\/jrf\/wp-content\/uploads\/2023\/11\/ovni.jpg?fit=2000%2C1472&ssl=1\",\"datePublished\":\"2023-11-12T13:53:00+00:00\",\"dateModified\":\"2023-11-13T22:11:10+00:00\",\"breadcrumb\":{\"@id\":\"https:\/\/jrfortin.com\/jrf\/blog\/o-v-n-i-s-etc\/#breadcrumb\"},\"inLanguage\":\"fr-FR\",\"potentialAction\":[{\"@type\":\"ReadAction\",\"target\":[\"https:\/\/jrfortin.com\/jrf\/blog\/o-v-n-i-s-etc\/\"]}]},{\"@type\":\"ImageObject\",\"inLanguage\":\"fr-FR\",\"@id\":\"https:\/\/jrfortin.com\/jrf\/blog\/o-v-n-i-s-etc\/#primaryimage\",\"url\":\"https:\/\/i0.wp.com\/jrfortin.com\/jrf\/wp-content\/uploads\/2023\/11\/ovni.jpg?fit=2000%2C1472&ssl=1\",\"contentUrl\":\"https:\/\/i0.wp.com\/jrfortin.com\/jrf\/wp-content\/uploads\/2023\/11\/ovni.jpg?fit=2000%2C1472&ssl=1\",\"width\":2000,\"height\":1472},{\"@type\":\"BreadcrumbList\",\"@id\":\"https:\/\/jrfortin.com\/jrf\/blog\/o-v-n-i-s-etc\/#breadcrumb\",\"itemListElement\":[{\"@type\":\"ListItem\",\"position\":1,\"name\":\"Accueil\",\"item\":\"https:\/\/jrfortin.com\/jrf\/\"},{\"@type\":\"ListItem\",\"position\":2,\"name\":\"OVNIS, extraterrestres, r\u00e9v\u00e9lations, porte des \u00e9toiles, etc.\"}]},{\"@type\":\"WebSite\",\"@id\":\"https:\/\/jrfortin.com\/jrf\/#website\",\"url\":\"https:\/\/jrfortin.com\/jrf\/\",\"name\":\"Dojo du Nouveau Monde\",\"description\":\"R\u00e9seau de Shihan Jean-Rock Fortin\",\"publisher\":{\"@id\":\"https:\/\/jrfortin.com\/jrf\/#\/schema\/person\/420b013ae3febafe8d99a66adee55de9\"},\"potentialAction\":[{\"@type\":\"SearchAction\",\"target\":{\"@type\":\"EntryPoint\",\"urlTemplate\":\"https:\/\/jrfortin.com\/jrf\/?s={search_term_string}\"},\"query-input\":{\"@type\":\"PropertyValueSpecification\",\"valueRequired\":true,\"valueName\":\"search_term_string\"}}],\"inLanguage\":\"fr-FR\"},{\"@type\":[\"Person\",\"Organization\"],\"@id\":\"https:\/\/jrfortin.com\/jrf\/#\/schema\/person\/420b013ae3febafe8d99a66adee55de9\",\"name\":\"Shihan Jean-Rock Fortin, M.A.\",\"image\":{\"@type\":\"ImageObject\",\"inLanguage\":\"fr-FR\",\"@id\":\"https:\/\/jrfortin.com\/jrf\/#\/schema\/person\/image\/\",\"url\":\"https:\/\/i2.wp.com\/jrfortin.com\/jrf\/wp-content\/uploads\/2020\/07\/ki-le-chemin.jpg?fit=600%2C848&ssl=1\",\"contentUrl\":\"https:\/\/i2.wp.com\/jrfortin.com\/jrf\/wp-content\/uploads\/2020\/07\/ki-le-chemin.jpg?fit=600%2C848&ssl=1\",\"width\":600,\"height\":848,\"caption\":\"Shihan Jean-Rock Fortin, M.A.\"},\"logo\":{\"@id\":\"https:\/\/jrfortin.com\/jrf\/#\/schema\/person\/image\/\"},\"description\":\"Globetrotteur par affaires et pour le plaisir, et Orientaliste, je suis instructeur d'arts martiaux (maitre-enseignant de Ki-A\u00efkido [Shihan] &amp; Dim-Mak), Fondateur du Dojo du Nouveau Monde (2010), \\\"S\u00e9ancier\\\" de Kiatsu, M\u00e9tatronicien, Radiesth\u00e9siste, Coutelier d'art, Conf\u00e9rencier et Auteur du livre \\\"Ki - Le Chemin de l'\u00c9veil\\\" (2018). Je suis \u00e9galement Consultant strat\u00e9gique en \u00e9volution et prosp\u00e9rit\u00e9 des personnes et des organisations.\",\"sameAs\":[\"http:\/\/www.jrfortin.com\"],\"url\":\"https:\/\/jrfortin.com\/jrf\/blog\/author\/jean-rock\/\"}]}<\/script>\n<!-- \/ Yoast SEO plugin. -->","yoast_head_json":{"title":"OVNIS, extraterrestres, r\u00e9v\u00e9lations, porte des \u00e9toiles, etc. - Dojo du Nouveau Monde","robots":{"index":"index","follow":"follow","max-snippet":"max-snippet:-1","max-image-preview":"max-image-preview:large","max-video-preview":"max-video-preview:-1"},"canonical":"https:\/\/jrfortin.com\/jrf\/blog\/o-v-n-i-s-etc\/","og_locale":"fr_FR","og_type":"article","og_title":"OVNIS, extraterrestres, r\u00e9v\u00e9lations, porte des \u00e9toiles, etc. - Dojo du Nouveau Monde","og_description":"J\u2019ai vu avec certitude plus d\u2019une douzaine d\u2019OVNIS\u2026 continuez la lecture","og_url":"https:\/\/jrfortin.com\/jrf\/blog\/o-v-n-i-s-etc\/","og_site_name":"Dojo du Nouveau Monde","article_published_time":"2023-11-12T13:53:00+00:00","article_modified_time":"2023-11-13T22:11:10+00:00","og_image":[{"width":2000,"height":1472,"url":"https:\/\/i0.wp.com\/jrfortin.com\/jrf\/wp-content\/uploads\/2023\/11\/ovni.jpg?fit=2000%2C1472&ssl=1","type":"image\/jpeg"}],"author":"Shihan Jean-Rock Fortin, M.A.","twitter_card":"summary_large_image","twitter_creator":"@fortin_rock","twitter_site":"@fortin_rock","twitter_misc":{"\u00c9crit par":"Shihan Jean-Rock Fortin, M.A.","Dur\u00e9e de lecture estim\u00e9e":"3 minutes"},"schema":{"@context":"https:\/\/schema.org","@graph":[{"@type":"Article","@id":"https:\/\/jrfortin.com\/jrf\/blog\/o-v-n-i-s-etc\/#article","isPartOf":{"@id":"https:\/\/jrfortin.com\/jrf\/blog\/o-v-n-i-s-etc\/"},"author":{"name":"Shihan Jean-Rock Fortin, M.A.","@id":"https:\/\/jrfortin.com\/jrf\/#\/schema\/person\/420b013ae3febafe8d99a66adee55de9"},"headline":"OVNIS, extraterrestres, r\u00e9v\u00e9lations, porte des \u00e9toiles, etc.","datePublished":"2023-11-12T13:53:00+00:00","dateModified":"2023-11-13T22:11:10+00:00","mainEntityOfPage":{"@id":"https:\/\/jrfortin.com\/jrf\/blog\/o-v-n-i-s-etc\/"},"wordCount":590,"commentCount":1,"publisher":{"@id":"https:\/\/jrfortin.com\/jrf\/#\/schema\/person\/420b013ae3febafe8d99a66adee55de9"},"image":{"@id":"https:\/\/jrfortin.com\/jrf\/blog\/o-v-n-i-s-etc\/#primaryimage"},"thumbnailUrl":"https:\/\/i0.wp.com\/jrfortin.com\/jrf\/wp-content\/uploads\/2023\/11\/ovni.jpg?fit=2000%2C1472&ssl=1","articleSection":["Arts martiaux et Ki"],"inLanguage":"fr-FR","potentialAction":[{"@type":"CommentAction","name":"Comment","target":["https:\/\/jrfortin.com\/jrf\/blog\/o-v-n-i-s-etc\/#respond"]}]},{"@type":"WebPage","@id":"https:\/\/jrfortin.com\/jrf\/blog\/o-v-n-i-s-etc\/","url":"https:\/\/jrfortin.com\/jrf\/blog\/o-v-n-i-s-etc\/","name":"OVNIS, extraterrestres, r\u00e9v\u00e9lations, porte des \u00e9toiles, etc. - Dojo du Nouveau Monde","isPartOf":{"@id":"https:\/\/jrfortin.com\/jrf\/#website"},"primaryImageOfPage":{"@id":"https:\/\/jrfortin.com\/jrf\/blog\/o-v-n-i-s-etc\/#primaryimage"},"image":{"@id":"https:\/\/jrfortin.com\/jrf\/blog\/o-v-n-i-s-etc\/#primaryimage"},"thumbnailUrl":"https:\/\/i0.wp.com\/jrfortin.com\/jrf\/wp-content\/uploads\/2023\/11\/ovni.jpg?fit=2000%2C1472&ssl=1","datePublished":"2023-11-12T13:53:00+00:00","dateModified":"2023-11-13T22:11:10+00:00","breadcrumb":{"@id":"https:\/\/jrfortin.com\/jrf\/blog\/o-v-n-i-s-etc\/#breadcrumb"},"inLanguage":"fr-FR","potentialAction":[{"@type":"ReadAction","target":["https:\/\/jrfortin.com\/jrf\/blog\/o-v-n-i-s-etc\/"]}]},{"@type":"ImageObject","inLanguage":"fr-FR","@id":"https:\/\/jrfortin.com\/jrf\/blog\/o-v-n-i-s-etc\/#primaryimage","url":"https:\/\/i0.wp.com\/jrfortin.com\/jrf\/wp-content\/uploads\/2023\/11\/ovni.jpg?fit=2000%2C1472&ssl=1","contentUrl":"https:\/\/i0.wp.com\/jrfortin.com\/jrf\/wp-content\/uploads\/2023\/11\/ovni.jpg?fit=2000%2C1472&ssl=1","width":2000,"height":1472},{"@type":"BreadcrumbList","@id":"https:\/\/jrfortin.com\/jrf\/blog\/o-v-n-i-s-etc\/#breadcrumb","itemListElement":[{"@type":"ListItem","position":1,"name":"Accueil","item":"https:\/\/jrfortin.com\/jrf\/"},{"@type":"ListItem","position":2,"name":"OVNIS, extraterrestres, r\u00e9v\u00e9lations, porte des \u00e9toiles, etc."}]},{"@type":"WebSite","@id":"https:\/\/jrfortin.com\/jrf\/#website","url":"https:\/\/jrfortin.com\/jrf\/","name":"Dojo du Nouveau Monde","description":"R\u00e9seau de Shihan Jean-Rock Fortin","publisher":{"@id":"https:\/\/jrfortin.com\/jrf\/#\/schema\/person\/420b013ae3febafe8d99a66adee55de9"},"potentialAction":[{"@type":"SearchAction","target":{"@type":"EntryPoint","urlTemplate":"https:\/\/jrfortin.com\/jrf\/?s={search_term_string}"},"query-input":{"@type":"PropertyValueSpecification","valueRequired":true,"valueName":"search_term_string"}}],"inLanguage":"fr-FR"},{"@type":["Person","Organization"],"@id":"https:\/\/jrfortin.com\/jrf\/#\/schema\/person\/420b013ae3febafe8d99a66adee55de9","name":"Shihan Jean-Rock Fortin, M.A.","image":{"@type":"ImageObject","inLanguage":"fr-FR","@id":"https:\/\/jrfortin.com\/jrf\/#\/schema\/person\/image\/","url":"https:\/\/i2.wp.com\/jrfortin.com\/jrf\/wp-content\/uploads\/2020\/07\/ki-le-chemin.jpg?fit=600%2C848&ssl=1","contentUrl":"https:\/\/i2.wp.com\/jrfortin.com\/jrf\/wp-content\/uploads\/2020\/07\/ki-le-chemin.jpg?fit=600%2C848&ssl=1","width":600,"height":848,"caption":"Shihan Jean-Rock Fortin, M.A."},"logo":{"@id":"https:\/\/jrfortin.com\/jrf\/#\/schema\/person\/image\/"},"description":"Globetrotteur par affaires et pour le plaisir, et Orientaliste, je suis instructeur d'arts martiaux (maitre-enseignant de Ki-A\u00efkido [Shihan] &amp; Dim-Mak), Fondateur du Dojo du Nouveau Monde (2010), \"S\u00e9ancier\" de Kiatsu, M\u00e9tatronicien, Radiesth\u00e9siste, Coutelier d'art, Conf\u00e9rencier et Auteur du livre \"Ki - Le Chemin de l'\u00c9veil\" (2018). Je suis \u00e9galement Consultant strat\u00e9gique en \u00e9volution et prosp\u00e9rit\u00e9 des personnes et des organisations.","sameAs":["http:\/\/www.jrfortin.com"],"url":"https:\/\/jrfortin.com\/jrf\/blog\/author\/jean-rock\/"}]}},"jetpack_featured_media_url":"https:\/\/i0.wp.com\/jrfortin.com\/jrf\/wp-content\/uploads\/2023\/11\/ovni.jpg?fit=2000%2C1472&ssl=1","jetpack_sharing_enabled":true,"_links":{"self":[{"href":"https:\/\/jrfortin.com\/jrf\/wp-json\/wp\/v2\/posts\/19852","targetHints":{"allow":["GET"]}}],"collection":[{"href":"https:\/\/jrfortin.com\/jrf\/wp-json\/wp\/v2\/posts"}],"about":[{"href":"https:\/\/jrfortin.com\/jrf\/wp-json\/wp\/v2\/types\/post"}],"author":[{"embeddable":true,"href":"https:\/\/jrfortin.com\/jrf\/wp-json\/wp\/v2\/users\/1"}],"replies":[{"embeddable":true,"href":"https:\/\/jrfortin.com\/jrf\/wp-json\/wp\/v2\/comments?post=19852"}],"version-history":[{"count":2,"href":"https:\/\/jrfortin.com\/jrf\/wp-json\/wp\/v2\/posts\/19852\/revisions"}],"predecessor-version":[{"id":19870,"href":"https:\/\/jrfortin.com\/jrf\/wp-json\/wp\/v2\/posts\/19852\/revisions\/19870"}],"wp:featuredmedia":[{"embeddable":true,"href":"https:\/\/jrfortin.com\/jrf\/wp-json\/wp\/v2\/media\/19853"}],"wp:attachment":[{"href":"https:\/\/jrfortin.com\/jrf\/wp-json\/wp\/v2\/media?parent=19852"}],"wp:term":[{"taxonomy":"category","embeddable":true,"href":"https:\/\/jrfortin.com\/jrf\/wp-json\/wp\/v2\/categories?post=19852"},{"taxonomy":"post_tag","embeddable":true,"href":"https:\/\/jrfortin.com\/jrf\/wp-json\/wp\/v2\/tags?post=19852"}],"curies":[{"name":"wp","href":"https:\/\/api.w.org\/{rel}","templated":true}]}}