{"id":19969,"date":"2024-03-10T14:22:18","date_gmt":"2024-03-10T18:22:18","guid":{"rendered":"https:\/\/jrfortin.com\/jrf\/?p=19969"},"modified":"2024-03-13T11:21:42","modified_gmt":"2024-03-13T15:21:42","slug":"je-suis-libre-et-souverain-et-je-ne-consens-pas","status":"publish","type":"post","link":"https:\/\/jrfortin.com\/jrf\/blog\/je-suis-libre-et-souverain-et-je-ne-consens-pas\/","title":{"rendered":"JE SUIS libre et Souverain, et je ne consens pas&#8230;"},"content":{"rendered":"<p><span class=\"rpwwt-post-title\">JE SUIS libre et Souverain, et je ne consens pas\u2026<\/span><\/p>\n<p><iframe loading=\"lazy\" title=\"?Messages des Starseeds pour les contr\u00f4leurs de la Terre ~ Nous ne consentons pas ! ??\" width=\"830\" height=\"467\" src=\"https:\/\/www.youtube.com\/embed\/FMBSEV-cEPI?feature=oembed\" frameborder=\"0\" allow=\"accelerometer; autoplay; clipboard-write; encrypted-media; gyroscope; picture-in-picture; web-share\" allowfullscreen><\/iframe><\/p>\n","protected":false},"excerpt":{"rendered":"<p>JE SUIS libre et Souverain, et je ne consens pas\u2026\u2026<\/p>\n<p> <a class=\"continue-reading-link\" href=\"https:\/\/jrfortin.com\/jrf\/blog\/je-suis-libre-et-souverain-et-je-ne-consens-pas\/\"><span>continuez la lecture<\/span><i class=\"crycon-right-dir\"><\/i><\/a> <\/p>\n","protected":false},"author":1,"featured_media":19973,"comment_status":"open","ping_status":"open","sticky":false,"template":"","format":"standard","meta":{"_jetpack_memberships_contains_paid_content":false,"footnotes":""},"categories":[312],"tags":[],"class_list":["post-19969","post","type-post","status-publish","format-standard","has-post-thumbnail","hentry","category-eveil-des-consciences"],"yoast_head":"<!-- This site is optimized with the Yoast SEO plugin v26.7 - https:\/\/yoast.com\/wordpress\/plugins\/seo\/ -->\n<title>JE SUIS libre et Souverain, et je ne consens pas... - Dojo du Nouveau Monde<\/title>\n<meta name=\"robots\" content=\"index, follow, max-snippet:-1, max-image-preview:large, max-video-preview:-1\" \/>\n<link rel=\"canonical\" href=\"https:\/\/jrfortin.com\/jrf\/blog\/je-suis-libre-et-souverain-et-je-ne-consens-pas\/\" \/>\n<meta property=\"og:locale\" content=\"fr_FR\" \/>\n<meta property=\"og:type\" content=\"article\" \/>\n<meta property=\"og:title\" content=\"JE SUIS libre et Souverain, et je ne consens pas... - Dojo du Nouveau Monde\" \/>\n<meta property=\"og:description\" content=\"JE SUIS libre et Souverain, et je ne consens pas\u2026\u2026 continuez la lecture\" \/>\n<meta property=\"og:url\" content=\"https:\/\/jrfortin.com\/jrf\/blog\/je-suis-libre-et-souverain-et-je-ne-consens-pas\/\" \/>\n<meta property=\"og:site_name\" content=\"Dojo du Nouveau Monde\" \/>\n<meta property=\"article:published_time\" content=\"2024-03-10T18:22:18+00:00\" \/>\n<meta property=\"article:modified_time\" content=\"2024-03-13T15:21:42+00:00\" \/>\n<meta property=\"og:image\" content=\"https:\/\/jrfortin.com\/jrf\/wp-content\/uploads\/2024\/03\/tigre.png\" \/>\n\t<meta property=\"og:image:width\" content=\"532\" \/>\n\t<meta property=\"og:image:height\" content=\"502\" \/>\n\t<meta property=\"og:image:type\" content=\"image\/png\" \/>\n<meta name=\"author\" content=\"Shihan Jean-Rock Fortin, M.A.\" \/>\n<meta name=\"twitter:card\" content=\"summary_large_image\" \/>\n<meta name=\"twitter:creator\" content=\"@fortin_rock\" \/>\n<meta name=\"twitter:site\" content=\"@fortin_rock\" \/>\n<meta name=\"twitter:label1\" content=\"\u00c9crit par\" \/>\n\t<meta name=\"twitter:data1\" content=\"Shihan Jean-Rock Fortin, M.A.\" \/>\n\t<meta name=\"twitter:label2\" content=\"Dur\u00e9e de lecture estim\u00e9e\" \/>\n\t<meta name=\"twitter:data2\" content=\"1 minute\" \/>\n<script type=\"application\/ld+json\" class=\"yoast-schema-graph\">{\"@context\":\"https:\/\/schema.org\",\"@graph\":[{\"@type\":\"Article\",\"@id\":\"https:\/\/jrfortin.com\/jrf\/blog\/je-suis-libre-et-souverain-et-je-ne-consens-pas\/#article\",\"isPartOf\":{\"@id\":\"https:\/\/jrfortin.com\/jrf\/blog\/je-suis-libre-et-souverain-et-je-ne-consens-pas\/\"},\"author\":{\"name\":\"Shihan Jean-Rock Fortin, M.A.\",\"@id\":\"https:\/\/jrfortin.com\/jrf\/#\/schema\/person\/420b013ae3febafe8d99a66adee55de9\"},\"headline\":\"JE SUIS libre et Souverain, et je ne consens pas&#8230;\",\"datePublished\":\"2024-03-10T18:22:18+00:00\",\"dateModified\":\"2024-03-13T15:21:42+00:00\",\"mainEntityOfPage\":{\"@id\":\"https:\/\/jrfortin.com\/jrf\/blog\/je-suis-libre-et-souverain-et-je-ne-consens-pas\/\"},\"wordCount\":28,\"commentCount\":0,\"publisher\":{\"@id\":\"https:\/\/jrfortin.com\/jrf\/#\/schema\/person\/420b013ae3febafe8d99a66adee55de9\"},\"image\":{\"@id\":\"https:\/\/jrfortin.com\/jrf\/blog\/je-suis-libre-et-souverain-et-je-ne-consens-pas\/#primaryimage\"},\"thumbnailUrl\":\"https:\/\/i0.wp.com\/jrfortin.com\/jrf\/wp-content\/uploads\/2024\/03\/tigre.png?fit=532%2C502&ssl=1\",\"articleSection\":[\"\u00c9veil des consciences\"],\"inLanguage\":\"fr-FR\",\"potentialAction\":[{\"@type\":\"CommentAction\",\"name\":\"Comment\",\"target\":[\"https:\/\/jrfortin.com\/jrf\/blog\/je-suis-libre-et-souverain-et-je-ne-consens-pas\/#respond\"]}]},{\"@type\":\"WebPage\",\"@id\":\"https:\/\/jrfortin.com\/jrf\/blog\/je-suis-libre-et-souverain-et-je-ne-consens-pas\/\",\"url\":\"https:\/\/jrfortin.com\/jrf\/blog\/je-suis-libre-et-souverain-et-je-ne-consens-pas\/\",\"name\":\"JE SUIS libre et Souverain, et je ne consens pas... - Dojo du Nouveau Monde\",\"isPartOf\":{\"@id\":\"https:\/\/jrfortin.com\/jrf\/#website\"},\"primaryImageOfPage\":{\"@id\":\"https:\/\/jrfortin.com\/jrf\/blog\/je-suis-libre-et-souverain-et-je-ne-consens-pas\/#primaryimage\"},\"image\":{\"@id\":\"https:\/\/jrfortin.com\/jrf\/blog\/je-suis-libre-et-souverain-et-je-ne-consens-pas\/#primaryimage\"},\"thumbnailUrl\":\"https:\/\/i0.wp.com\/jrfortin.com\/jrf\/wp-content\/uploads\/2024\/03\/tigre.png?fit=532%2C502&ssl=1\",\"datePublished\":\"2024-03-10T18:22:18+00:00\",\"dateModified\":\"2024-03-13T15:21:42+00:00\",\"breadcrumb\":{\"@id\":\"https:\/\/jrfortin.com\/jrf\/blog\/je-suis-libre-et-souverain-et-je-ne-consens-pas\/#breadcrumb\"},\"inLanguage\":\"fr-FR\",\"potentialAction\":[{\"@type\":\"ReadAction\",\"target\":[\"https:\/\/jrfortin.com\/jrf\/blog\/je-suis-libre-et-souverain-et-je-ne-consens-pas\/\"]}]},{\"@type\":\"ImageObject\",\"inLanguage\":\"fr-FR\",\"@id\":\"https:\/\/jrfortin.com\/jrf\/blog\/je-suis-libre-et-souverain-et-je-ne-consens-pas\/#primaryimage\",\"url\":\"https:\/\/i0.wp.com\/jrfortin.com\/jrf\/wp-content\/uploads\/2024\/03\/tigre.png?fit=532%2C502&ssl=1\",\"contentUrl\":\"https:\/\/i0.wp.com\/jrfortin.com\/jrf\/wp-content\/uploads\/2024\/03\/tigre.png?fit=532%2C502&ssl=1\",\"width\":532,\"height\":502},{\"@type\":\"BreadcrumbList\",\"@id\":\"https:\/\/jrfortin.com\/jrf\/blog\/je-suis-libre-et-souverain-et-je-ne-consens-pas\/#breadcrumb\",\"itemListElement\":[{\"@type\":\"ListItem\",\"position\":1,\"name\":\"Accueil\",\"item\":\"https:\/\/jrfortin.com\/jrf\/\"},{\"@type\":\"ListItem\",\"position\":2,\"name\":\"JE SUIS libre et Souverain, et je ne consens pas&#8230;\"}]},{\"@type\":\"WebSite\",\"@id\":\"https:\/\/jrfortin.com\/jrf\/#website\",\"url\":\"https:\/\/jrfortin.com\/jrf\/\",\"name\":\"Dojo du Nouveau Monde\",\"description\":\"R\u00e9seau de Shihan Jean-Rock Fortin\",\"publisher\":{\"@id\":\"https:\/\/jrfortin.com\/jrf\/#\/schema\/person\/420b013ae3febafe8d99a66adee55de9\"},\"potentialAction\":[{\"@type\":\"SearchAction\",\"target\":{\"@type\":\"EntryPoint\",\"urlTemplate\":\"https:\/\/jrfortin.com\/jrf\/?s={search_term_string}\"},\"query-input\":{\"@type\":\"PropertyValueSpecification\",\"valueRequired\":true,\"valueName\":\"search_term_string\"}}],\"inLanguage\":\"fr-FR\"},{\"@type\":[\"Person\",\"Organization\"],\"@id\":\"https:\/\/jrfortin.com\/jrf\/#\/schema\/person\/420b013ae3febafe8d99a66adee55de9\",\"name\":\"Shihan Jean-Rock Fortin, M.A.\",\"image\":{\"@type\":\"ImageObject\",\"inLanguage\":\"fr-FR\",\"@id\":\"https:\/\/jrfortin.com\/jrf\/#\/schema\/person\/image\/\",\"url\":\"https:\/\/i2.wp.com\/jrfortin.com\/jrf\/wp-content\/uploads\/2020\/07\/ki-le-chemin.jpg?fit=600%2C848&ssl=1\",\"contentUrl\":\"https:\/\/i2.wp.com\/jrfortin.com\/jrf\/wp-content\/uploads\/2020\/07\/ki-le-chemin.jpg?fit=600%2C848&ssl=1\",\"width\":600,\"height\":848,\"caption\":\"Shihan Jean-Rock Fortin, M.A.\"},\"logo\":{\"@id\":\"https:\/\/jrfortin.com\/jrf\/#\/schema\/person\/image\/\"},\"description\":\"Globetrotteur par affaires et pour le plaisir, et Orientaliste, je suis instructeur d'arts martiaux (maitre-enseignant de Ki-A\u00efkido [Shihan] &amp; Dim-Mak), Fondateur du Dojo du Nouveau Monde (2010), \\\"S\u00e9ancier\\\" de Kiatsu, M\u00e9tatronicien, Radiesth\u00e9siste, Coutelier d'art, Conf\u00e9rencier et Auteur du livre \\\"Ki - Le Chemin de l'\u00c9veil\\\" (2018). Je suis \u00e9galement Consultant strat\u00e9gique en \u00e9volution et prosp\u00e9rit\u00e9 des personnes et des organisations.\",\"sameAs\":[\"http:\/\/www.jrfortin.com\"],\"url\":\"https:\/\/jrfortin.com\/jrf\/blog\/author\/jean-rock\/\"}]}<\/script>\n<!-- \/ Yoast SEO plugin. -->","yoast_head_json":{"title":"JE SUIS libre et Souverain, et je ne consens pas... - Dojo du Nouveau Monde","robots":{"index":"index","follow":"follow","max-snippet":"max-snippet:-1","max-image-preview":"max-image-preview:large","max-video-preview":"max-video-preview:-1"},"canonical":"https:\/\/jrfortin.com\/jrf\/blog\/je-suis-libre-et-souverain-et-je-ne-consens-pas\/","og_locale":"fr_FR","og_type":"article","og_title":"JE SUIS libre et Souverain, et je ne consens pas... - Dojo du Nouveau Monde","og_description":"JE SUIS libre et Souverain, et je ne consens pas\u2026\u2026 continuez la lecture","og_url":"https:\/\/jrfortin.com\/jrf\/blog\/je-suis-libre-et-souverain-et-je-ne-consens-pas\/","og_site_name":"Dojo du Nouveau Monde","article_published_time":"2024-03-10T18:22:18+00:00","article_modified_time":"2024-03-13T15:21:42+00:00","og_image":[{"width":532,"height":502,"url":"https:\/\/jrfortin.com\/jrf\/wp-content\/uploads\/2024\/03\/tigre.png","type":"image\/png"}],"author":"Shihan Jean-Rock Fortin, M.A.","twitter_card":"summary_large_image","twitter_creator":"@fortin_rock","twitter_site":"@fortin_rock","twitter_misc":{"\u00c9crit par":"Shihan Jean-Rock Fortin, M.A.","Dur\u00e9e de lecture estim\u00e9e":"1 minute"},"schema":{"@context":"https:\/\/schema.org","@graph":[{"@type":"Article","@id":"https:\/\/jrfortin.com\/jrf\/blog\/je-suis-libre-et-souverain-et-je-ne-consens-pas\/#article","isPartOf":{"@id":"https:\/\/jrfortin.com\/jrf\/blog\/je-suis-libre-et-souverain-et-je-ne-consens-pas\/"},"author":{"name":"Shihan Jean-Rock Fortin, M.A.","@id":"https:\/\/jrfortin.com\/jrf\/#\/schema\/person\/420b013ae3febafe8d99a66adee55de9"},"headline":"JE SUIS libre et Souverain, et je ne consens pas&#8230;","datePublished":"2024-03-10T18:22:18+00:00","dateModified":"2024-03-13T15:21:42+00:00","mainEntityOfPage":{"@id":"https:\/\/jrfortin.com\/jrf\/blog\/je-suis-libre-et-souverain-et-je-ne-consens-pas\/"},"wordCount":28,"commentCount":0,"publisher":{"@id":"https:\/\/jrfortin.com\/jrf\/#\/schema\/person\/420b013ae3febafe8d99a66adee55de9"},"image":{"@id":"https:\/\/jrfortin.com\/jrf\/blog\/je-suis-libre-et-souverain-et-je-ne-consens-pas\/#primaryimage"},"thumbnailUrl":"https:\/\/i0.wp.com\/jrfortin.com\/jrf\/wp-content\/uploads\/2024\/03\/tigre.png?fit=532%2C502&ssl=1","articleSection":["\u00c9veil des consciences"],"inLanguage":"fr-FR","potentialAction":[{"@type":"CommentAction","name":"Comment","target":["https:\/\/jrfortin.com\/jrf\/blog\/je-suis-libre-et-souverain-et-je-ne-consens-pas\/#respond"]}]},{"@type":"WebPage","@id":"https:\/\/jrfortin.com\/jrf\/blog\/je-suis-libre-et-souverain-et-je-ne-consens-pas\/","url":"https:\/\/jrfortin.com\/jrf\/blog\/je-suis-libre-et-souverain-et-je-ne-consens-pas\/","name":"JE SUIS libre et Souverain, et je ne consens pas... - Dojo du Nouveau Monde","isPartOf":{"@id":"https:\/\/jrfortin.com\/jrf\/#website"},"primaryImageOfPage":{"@id":"https:\/\/jrfortin.com\/jrf\/blog\/je-suis-libre-et-souverain-et-je-ne-consens-pas\/#primaryimage"},"image":{"@id":"https:\/\/jrfortin.com\/jrf\/blog\/je-suis-libre-et-souverain-et-je-ne-consens-pas\/#primaryimage"},"thumbnailUrl":"https:\/\/i0.wp.com\/jrfortin.com\/jrf\/wp-content\/uploads\/2024\/03\/tigre.png?fit=532%2C502&ssl=1","datePublished":"2024-03-10T18:22:18+00:00","dateModified":"2024-03-13T15:21:42+00:00","breadcrumb":{"@id":"https:\/\/jrfortin.com\/jrf\/blog\/je-suis-libre-et-souverain-et-je-ne-consens-pas\/#breadcrumb"},"inLanguage":"fr-FR","potentialAction":[{"@type":"ReadAction","target":["https:\/\/jrfortin.com\/jrf\/blog\/je-suis-libre-et-souverain-et-je-ne-consens-pas\/"]}]},{"@type":"ImageObject","inLanguage":"fr-FR","@id":"https:\/\/jrfortin.com\/jrf\/blog\/je-suis-libre-et-souverain-et-je-ne-consens-pas\/#primaryimage","url":"https:\/\/i0.wp.com\/jrfortin.com\/jrf\/wp-content\/uploads\/2024\/03\/tigre.png?fit=532%2C502&ssl=1","contentUrl":"https:\/\/i0.wp.com\/jrfortin.com\/jrf\/wp-content\/uploads\/2024\/03\/tigre.png?fit=532%2C502&ssl=1","width":532,"height":502},{"@type":"BreadcrumbList","@id":"https:\/\/jrfortin.com\/jrf\/blog\/je-suis-libre-et-souverain-et-je-ne-consens-pas\/#breadcrumb","itemListElement":[{"@type":"ListItem","position":1,"name":"Accueil","item":"https:\/\/jrfortin.com\/jrf\/"},{"@type":"ListItem","position":2,"name":"JE SUIS libre et Souverain, et je ne consens pas&#8230;"}]},{"@type":"WebSite","@id":"https:\/\/jrfortin.com\/jrf\/#website","url":"https:\/\/jrfortin.com\/jrf\/","name":"Dojo du Nouveau Monde","description":"R\u00e9seau de Shihan Jean-Rock Fortin","publisher":{"@id":"https:\/\/jrfortin.com\/jrf\/#\/schema\/person\/420b013ae3febafe8d99a66adee55de9"},"potentialAction":[{"@type":"SearchAction","target":{"@type":"EntryPoint","urlTemplate":"https:\/\/jrfortin.com\/jrf\/?s={search_term_string}"},"query-input":{"@type":"PropertyValueSpecification","valueRequired":true,"valueName":"search_term_string"}}],"inLanguage":"fr-FR"},{"@type":["Person","Organization"],"@id":"https:\/\/jrfortin.com\/jrf\/#\/schema\/person\/420b013ae3febafe8d99a66adee55de9","name":"Shihan Jean-Rock Fortin, M.A.","image":{"@type":"ImageObject","inLanguage":"fr-FR","@id":"https:\/\/jrfortin.com\/jrf\/#\/schema\/person\/image\/","url":"https:\/\/i2.wp.com\/jrfortin.com\/jrf\/wp-content\/uploads\/2020\/07\/ki-le-chemin.jpg?fit=600%2C848&ssl=1","contentUrl":"https:\/\/i2.wp.com\/jrfortin.com\/jrf\/wp-content\/uploads\/2020\/07\/ki-le-chemin.jpg?fit=600%2C848&ssl=1","width":600,"height":848,"caption":"Shihan Jean-Rock Fortin, M.A."},"logo":{"@id":"https:\/\/jrfortin.com\/jrf\/#\/schema\/person\/image\/"},"description":"Globetrotteur par affaires et pour le plaisir, et Orientaliste, je suis instructeur d'arts martiaux (maitre-enseignant de Ki-A\u00efkido [Shihan] &amp; Dim-Mak), Fondateur du Dojo du Nouveau Monde (2010), \"S\u00e9ancier\" de Kiatsu, M\u00e9tatronicien, Radiesth\u00e9siste, Coutelier d'art, Conf\u00e9rencier et Auteur du livre \"Ki - Le Chemin de l'\u00c9veil\" (2018). Je suis \u00e9galement Consultant strat\u00e9gique en \u00e9volution et prosp\u00e9rit\u00e9 des personnes et des organisations.","sameAs":["http:\/\/www.jrfortin.com"],"url":"https:\/\/jrfortin.com\/jrf\/blog\/author\/jean-rock\/"}]}},"jetpack_featured_media_url":"https:\/\/i0.wp.com\/jrfortin.com\/jrf\/wp-content\/uploads\/2024\/03\/tigre.png?fit=532%2C502&ssl=1","jetpack_sharing_enabled":true,"_links":{"self":[{"href":"https:\/\/jrfortin.com\/jrf\/wp-json\/wp\/v2\/posts\/19969","targetHints":{"allow":["GET"]}}],"collection":[{"href":"https:\/\/jrfortin.com\/jrf\/wp-json\/wp\/v2\/posts"}],"about":[{"href":"https:\/\/jrfortin.com\/jrf\/wp-json\/wp\/v2\/types\/post"}],"author":[{"embeddable":true,"href":"https:\/\/jrfortin.com\/jrf\/wp-json\/wp\/v2\/users\/1"}],"replies":[{"embeddable":true,"href":"https:\/\/jrfortin.com\/jrf\/wp-json\/wp\/v2\/comments?post=19969"}],"version-history":[{"count":1,"href":"https:\/\/jrfortin.com\/jrf\/wp-json\/wp\/v2\/posts\/19969\/revisions"}],"predecessor-version":[{"id":19974,"href":"https:\/\/jrfortin.com\/jrf\/wp-json\/wp\/v2\/posts\/19969\/revisions\/19974"}],"wp:featuredmedia":[{"embeddable":true,"href":"https:\/\/jrfortin.com\/jrf\/wp-json\/wp\/v2\/media\/19973"}],"wp:attachment":[{"href":"https:\/\/jrfortin.com\/jrf\/wp-json\/wp\/v2\/media?parent=19969"}],"wp:term":[{"taxonomy":"category","embeddable":true,"href":"https:\/\/jrfortin.com\/jrf\/wp-json\/wp\/v2\/categories?post=19969"},{"taxonomy":"post_tag","embeddable":true,"href":"https:\/\/jrfortin.com\/jrf\/wp-json\/wp\/v2\/tags?post=19969"}],"curies":[{"name":"wp","href":"https:\/\/api.w.org\/{rel}","templated":true}]}}