{"id":20102,"date":"2024-07-15T09:14:42","date_gmt":"2024-07-15T13:14:42","guid":{"rendered":"https:\/\/jrfortin.com\/jrf\/?p=20102"},"modified":"2024-07-16T10:04:48","modified_gmt":"2024-07-16T14:04:48","slug":"le-cafe-et-les-jeunes-intermittents","status":"publish","type":"post","link":"https:\/\/jrfortin.com\/jrf\/blog\/le-cafe-et-les-jeunes-intermittents\/","title":{"rendered":"Le caf\u00e9 et les je\u00fbnes intermittents"},"content":{"rendered":"<p style=\"text-align: justify;\"><em>Republication d&rsquo;article&#8230;<br \/>\n<\/em><em>Source : https:\/\/cafedesguerriers.fr\/blogs\/cafe\/cafe-pendant-un-jeune-intermittent<\/em><\/p>\n<hr \/>\n<p style=\"text-align: justify;\">Connaissez-vous le <strong>je\u00fbne intermittent <\/strong>?<\/p>\n<p style=\"text-align: justify;\">Cette technique de fasting conna\u00eet un succ\u00e8s fou.\u00a0Moins stricte que le je\u00fbne classique, le je\u00fbne intermittent offre de nombreux avantages.\u00a0D\u2019apr\u00e8s le Dr. Saldmann, cette pratique alimentaire serait m\u00eame un \u00e9lixir de jouvence.\u00a0Quels sont les secrets de ce <strong>je\u00fbne s\u00e9quentiel<\/strong> ? Quels sont les aliments \u00e0 ne pas consommer durant cette p\u00e9riode ? Peut-on boire du <strong>caf\u00e9<\/strong> lors de ce type de je\u00fbne ?<\/p>\n<p style=\"text-align: justify;\"><strong>Qu\u2019est-ce que le je\u00fbne intermittent ?<\/strong><\/p>\n<p style=\"text-align: justify;\">Le je\u00fbne intermittent est une m\u00e9thode alimentaire qui alterne entre des p\u00e9riodes de je\u00fbne et des p\u00e9riodes de consommation alimentaire normale. Contrairement aux r\u00e9gimes traditionnels qui se concentrent principalement sur ce que vous mangez, le je\u00fbne intermittent se concentre davantage sur le moment o\u00f9 vous mangez.<\/p>\n<p style=\"text-align: justify;\">Le but du je\u00fbne intermittent est de forcer votre corps \u00e0 puiser dans ses r\u00e9serves de graisse pour avoir de l\u2019\u00e9nergie, ce qui favorise la perte de poids. Il existe plusieurs fa\u00e7ons de pratiquer le je\u00fbne intermittent. Les m\u00e9thodes les plus populaires incluent :<\/p>\n<p style=\"text-align: justify;\">Le <strong>je\u00fbne 16\/8\u00a0<\/strong>: Il s\u2019agit d\u2019un je\u00fbne de 16h, suivi de deux repas. Concr\u00e8tement, cela consiste \u00e0 prendre votre dernier repas avant 20h et prendre le premier repas de la journ\u00e9e le lendemain midi.<\/p>\n<p style=\"text-align: justify;\">La <strong>m\u00e9thode 14\/10\u00a0<\/strong>: Celle-ci implique de je\u00fbner pendant 14h cons\u00e9cutives en espa\u00e7ant vos repas de 10 heures. Par exemple, cela consiste \u00e0 d\u00eener \u00e0 19h pour ensuite prendre votre petit d\u00e9jeuner \u00e0 9h le lendemain matin. L\u2019avantage de cette m\u00e9thode est que la privation alimentaire se d\u00e9roule lors de votre sommeil.<\/p>\n<p style=\"text-align: justify;\">La <strong>m\u00e9thode 5\/2<\/strong>. Il s&rsquo;agit d&rsquo;une approche o\u00f9 vous alternez entre des jours de je\u00fbne et des jours de consommation alimentaire normale au cours de la semaine. Contrairement aux autres m\u00e9thodes de je\u00fbne intermittent qui impliquent un cycle quotidien de je\u00fbne et de repas, la m\u00e9thode 5\/2 consiste \u00e0 je\u00fbner pendant deux jours non cons\u00e9cutifs de la semaine tout en mangeant normalement les cinq autres jours.<\/p>\n<p style=\"text-align: justify;\">Ainsi, pendant deux jours de la semaine vous limitez votre apport calorique \u00e0 un niveau tr\u00e8s bas (g\u00e9n\u00e9ralement autour de 500 \u00e0 600 calories par jour pour les femmes et 600 \u00e0 800 calories par jour pour les hommes). Les cinq autres jours de la semaine, vous pouvez manger normalement sans restrictions caloriques excessives.<\/p>\n<p style=\"text-align: center;\"><a href=\"https:\/\/jrfortin.com\/jrf\/blog\/le-cafe-et-les-jeunes-intermittents\/jeune2\/\" rel=\"attachment wp-att-20108\"><img data-recalc-dims=\"1\" loading=\"lazy\" decoding=\"async\" data-attachment-id=\"20108\" data-permalink=\"https:\/\/jrfortin.com\/jrf\/blog\/le-cafe-et-les-jeunes-intermittents\/jeune2\/\" data-orig-file=\"https:\/\/i0.wp.com\/jrfortin.com\/jrf\/wp-content\/uploads\/2024\/07\/jeune2-scaled.jpg?fit=2560%2C1920&amp;ssl=1\" data-orig-size=\"2560,1920\" data-comments-opened=\"1\" data-image-meta=\"{&quot;aperture&quot;:&quot;0&quot;,&quot;credit&quot;:&quot;&quot;,&quot;camera&quot;:&quot;&quot;,&quot;caption&quot;:&quot;&quot;,&quot;created_timestamp&quot;:&quot;0&quot;,&quot;copyright&quot;:&quot;&quot;,&quot;focal_length&quot;:&quot;0&quot;,&quot;iso&quot;:&quot;0&quot;,&quot;shutter_speed&quot;:&quot;0&quot;,&quot;title&quot;:&quot;&quot;,&quot;orientation&quot;:&quot;1&quot;}\" data-image-title=\"jeu?ne2\" data-image-description=\"\" data-image-caption=\"\" data-medium-file=\"https:\/\/i0.wp.com\/jrfortin.com\/jrf\/wp-content\/uploads\/2024\/07\/jeune2-scaled.jpg?fit=300%2C225&amp;ssl=1\" data-large-file=\"https:\/\/i0.wp.com\/jrfortin.com\/jrf\/wp-content\/uploads\/2024\/07\/jeune2-scaled.jpg?fit=830%2C623&amp;ssl=1\" class=\"alignnone wp-image-20108 size-full\" src=\"https:\/\/i0.wp.com\/jrfortin.com\/jrf\/wp-content\/uploads\/2024\/07\/jeune2-scaled.jpg?resize=830%2C623&#038;ssl=1\" alt=\"\" width=\"830\" height=\"623\" srcset=\"https:\/\/i0.wp.com\/jrfortin.com\/jrf\/wp-content\/uploads\/2024\/07\/jeune2-scaled.jpg?w=2560&amp;ssl=1 2560w, https:\/\/i0.wp.com\/jrfortin.com\/jrf\/wp-content\/uploads\/2024\/07\/jeune2-scaled.jpg?resize=300%2C225&amp;ssl=1 300w, https:\/\/i0.wp.com\/jrfortin.com\/jrf\/wp-content\/uploads\/2024\/07\/jeune2-scaled.jpg?resize=1024%2C768&amp;ssl=1 1024w, https:\/\/i0.wp.com\/jrfortin.com\/jrf\/wp-content\/uploads\/2024\/07\/jeune2-scaled.jpg?resize=768%2C576&amp;ssl=1 768w, https:\/\/i0.wp.com\/jrfortin.com\/jrf\/wp-content\/uploads\/2024\/07\/jeune2-scaled.jpg?w=1660&amp;ssl=1 1660w, https:\/\/i0.wp.com\/jrfortin.com\/jrf\/wp-content\/uploads\/2024\/07\/jeune2-scaled.jpg?w=2490&amp;ssl=1 2490w\" sizes=\"auto, (max-width: 830px) 100vw, 830px\" \/><\/a><\/p>\n<p style=\"text-align: justify;\">Le je\u00fbne intermittent peut offrir divers avantages pour la sant\u00e9, notamment la perte de poids, l&rsquo;am\u00e9lioration de la sensibilit\u00e9 \u00e0 l&rsquo;insuline, la r\u00e9duction de l&rsquo;inflammation et la promotion de l&rsquo;autophagie, un processus cellulaire de nettoyage et de r\u00e9g\u00e9n\u00e9ration. Cependant, il est important de noter que le je\u00fbne intermittent n&rsquo;est pas n\u00e9cessairement adapt\u00e9 \u00e0 tout le monde, et il est recommand\u00e9 de consulter un professionnel de la sant\u00e9 avant de commencer tout programme de je\u00fbne intermittent, surtout si vous avez des probl\u00e8mes de sant\u00e9 pr\u00e9existants ou si vous prenez des m\u00e9dicaments.<\/p>\n<p style=\"text-align: justify;\">Maintenant, vous vous demandez peut-\u00eatre si certaines boissons sont \u00e0 proscrire pendant le je\u00fbne intermittent. Allez-vous devoir vous passer de caf\u00e9 ?<\/p>\n<p style=\"text-align: justify;\"><strong>Peut-on boire du caf\u00e9 lors du je\u00fbne intermittent ?<\/strong><\/p>\n<p style=\"text-align: justify;\">Je vous rassure tout de suite.\u00a0Contrairement aux jus de fruits et aux boissons \u201cz\u00e9ro sucre\u201d qui interrompent le je\u00fbne, le caf\u00e9 est acceptable lors d\u2019un je\u00fbne intermittent. C\u2019est aussi le cas de l\u2019eau, du th\u00e9 ainsi que toute <strong>boisson non-calorique<\/strong>.\u00a0Si vous aimez boire du caf\u00e9 noir le matin, vous \u00eates donc tranquille. En effet, une tasse de caf\u00e9 noir contient seulement 3 calories et des quantit\u00e9s n\u00e9gligeables de prot\u00e9ines, graisses, et oligo-\u00e9l\u00e9ments.<\/p>\n<p style=\"text-align: justify;\">D\u2019apr\u00e8s cette <a href=\"https:\/\/pubmed.ncbi.nlm.nih.gov\/15562223\/\">\u00e9tude de 2004<\/a> publi\u00e9e dans <em>Diabetes Care, <\/em>les quelques nutriments que contient un caf\u00e9 noir ne sont pas suffisant pour entra\u00eener un changement m\u00e9tabolique important. Bref, boire un caf\u00e9 noir ne va pas vous faire rompre le je\u00fbne.<\/p>\n<p style=\"text-align: justify;\">Par ailleurs, le caf\u00e9 a m\u00eame un avantage. Comme l\u2019affirme cette <a href=\"https:\/\/www.tandfonline.com\/doi\/full\/10.1080\/09637486.2017.1320537\">\u00e9tude am\u00e9ricaine de 2017<\/a>, le caf\u00e9 poss\u00e8de un effet coupe-faim. Cela s\u2019explique par le fait que la caf\u00e9ine agit sur la r\u00e9gulation des hormones responsables de l\u2019app\u00e9tit : la ghr\u00e9line et la leptine.<\/p>\n<p style=\"text-align: justify;\">Pour conclure, boire un caf\u00e9 noir n\u2019aura pas d\u2019impact sensible sur votre je\u00fbne intermittent \u00e0 une condition. Il faudra prendre votre caf\u00e9 nature, sans l\u2019ajout d\u2019autres ingr\u00e9dients, \u00e0 quelques exceptions pr\u00e8s.\u00a0Avez-vous d\u00e9j\u00e0 entendu parler du caf\u00e9 gras ou bulletproof coffee ?<\/p>\n<p style=\"text-align: justify;\"><strong>Caf\u00e9 gras et je\u00fbne intermittent \u00a0<\/strong><\/p>\n<p style=\"text-align: justify;\">Vous vous demandez peut-\u00eatre ce qu\u2019est le caf\u00e9 gras ?\u00a0Il s\u2019agit d\u2019un caf\u00e9 auquel on ajoute du beurre et de l&rsquo;huile MCT. Aussi connu sous le nom de <a href=\"https:\/\/3e1798-3.myshopify.com\/blogs\/cafe\/pourquoi-mettre-du-beurre-dans-votre-cafe\">caf\u00e9 c\u00e9tog\u00e8ne<\/a>, il s\u2019inspire de l\u2019<strong>alimentation c\u00e9tog\u00e8ne<\/strong>, riche en bonne graisse et pauvre en glucides.<\/p>\n<p style=\"text-align: justify;\">L\u2019inventeur de ce caf\u00e9, l&rsquo;entrepreneur Dave Asprey, a l\u2019id\u00e9e de cette boisson lors d\u2019un s\u00e9jour au Tibet. Il essaye une boisson traditionnelle tib\u00e9taine : le <strong>th\u00e9 au beurre de yak<\/strong>. En rentrant aux Etats-Unis, il met au point le \u201cBulletproof coffee\u201d ou \u201ccaf\u00e9 pare-balles\u201d : un caf\u00e9 enrichi en beurre clarifi\u00e9, aussi appel\u00e9 \u00ab Ghee \u00bb, et des huiles \u00e0 haute teneur en acides gras TCM (Triglyc\u00e9rides \u00e0 Cha\u00eene Moyenne).<\/p>\n<p style=\"text-align: justify;\">L\u2019avantage du caf\u00e9 gras est qu\u2019il ne coupe pas le je\u00fbne.\u00a0Je vous l\u2019accorde, le \u201cBulletproof coffee\u201d vous apporte plus de calories qu\u2019un caf\u00e9 classique. Toutefois, les graisses TCM aident \u00e0 r\u00e9guler ces pics d&rsquo;insuline et de glyc\u00e9mie.<\/p>\n<p style=\"text-align: justify;\">Le caf\u00e9 gras est donc un bon moyen d\u2019accompagner le jeune intermittent. De plus, gr\u00e2ce \u00e0 sa richesse nutritionnelle, il vous apporte une sensation de sati\u00e9t\u00e9 tr\u00e8s utile pour le je\u00fbne. En effet, il vous permet d\u2019\u00e9viter les craquages pendant les phases de privation alimentaire.<\/p>\n<p style=\"text-align: center;\"><a href=\"https:\/\/jrfortin.com\/jrf\/blog\/le-cafe-et-les-jeunes-intermittents\/cafegras1\/\" rel=\"attachment wp-att-20115\"><img data-recalc-dims=\"1\" loading=\"lazy\" decoding=\"async\" data-attachment-id=\"20115\" data-permalink=\"https:\/\/jrfortin.com\/jrf\/blog\/le-cafe-et-les-jeunes-intermittents\/cafegras1\/\" data-orig-file=\"https:\/\/i0.wp.com\/jrfortin.com\/jrf\/wp-content\/uploads\/2024\/07\/cafegras1-scaled.jpg?fit=2560%2C2347&amp;ssl=1\" data-orig-size=\"2560,2347\" data-comments-opened=\"1\" data-image-meta=\"{&quot;aperture&quot;:&quot;0&quot;,&quot;credit&quot;:&quot;&quot;,&quot;camera&quot;:&quot;&quot;,&quot;caption&quot;:&quot;&quot;,&quot;created_timestamp&quot;:&quot;0&quot;,&quot;copyright&quot;:&quot;&quot;,&quot;focal_length&quot;:&quot;0&quot;,&quot;iso&quot;:&quot;0&quot;,&quot;shutter_speed&quot;:&quot;0&quot;,&quot;title&quot;:&quot;&quot;,&quot;orientation&quot;:&quot;1&quot;}\" data-image-title=\"cafe?gras1\" data-image-description=\"\" data-image-caption=\"\" data-medium-file=\"https:\/\/i0.wp.com\/jrfortin.com\/jrf\/wp-content\/uploads\/2024\/07\/cafegras1-scaled.jpg?fit=300%2C275&amp;ssl=1\" data-large-file=\"https:\/\/i0.wp.com\/jrfortin.com\/jrf\/wp-content\/uploads\/2024\/07\/cafegras1-scaled.jpg?fit=830%2C761&amp;ssl=1\" class=\"alignnone wp-image-20115 size-full\" src=\"https:\/\/i0.wp.com\/jrfortin.com\/jrf\/wp-content\/uploads\/2024\/07\/cafegras1-scaled.jpg?resize=830%2C761&#038;ssl=1\" alt=\"\" width=\"830\" height=\"761\" srcset=\"https:\/\/i0.wp.com\/jrfortin.com\/jrf\/wp-content\/uploads\/2024\/07\/cafegras1-scaled.jpg?w=2560&amp;ssl=1 2560w, https:\/\/i0.wp.com\/jrfortin.com\/jrf\/wp-content\/uploads\/2024\/07\/cafegras1-scaled.jpg?resize=300%2C275&amp;ssl=1 300w, https:\/\/i0.wp.com\/jrfortin.com\/jrf\/wp-content\/uploads\/2024\/07\/cafegras1-scaled.jpg?resize=1024%2C939&amp;ssl=1 1024w, https:\/\/i0.wp.com\/jrfortin.com\/jrf\/wp-content\/uploads\/2024\/07\/cafegras1-scaled.jpg?resize=768%2C704&amp;ssl=1 768w, https:\/\/i0.wp.com\/jrfortin.com\/jrf\/wp-content\/uploads\/2024\/07\/cafegras1-scaled.jpg?w=1660&amp;ssl=1 1660w, https:\/\/i0.wp.com\/jrfortin.com\/jrf\/wp-content\/uploads\/2024\/07\/cafegras1-scaled.jpg?w=2490&amp;ssl=1 2490w\" sizes=\"auto, (max-width: 830px) 100vw, 830px\" \/><\/a><\/p>\n<p style=\"text-align: justify;\"><em>Pour pr\u00e9parer un caf\u00e9 gras, c\u2019est tr\u00e8s simple.\u00a0Dans un premier temps, pr\u00e9parez votre caf\u00e9 noir habituel. Vous pouvez utiliser notre caf\u00e9, le <strong>Caf\u00e9 des Guerriers<\/strong>, un caf\u00e9 aux champignons qui vous apportera tous les <strong>nutriments<\/strong> n\u00e9cessaires. Une fois votre caf\u00e9 pr\u00e9par\u00e9, ajoutez votre mati\u00e8re grasse. Il peut s\u2019agir de beurre de cacao, d\u2019huile de coco ou de beurre Ghee que vous pouvez pr\u00e9parer vous-m\u00eame. M\u00e9langez ensuite le tout et d\u00e9gustez.\u00a0Je vous conseille de m\u00e9langer le tout \u00e0 l\u2019aide d\u2019un mixeur plut\u00f4t qu\u2019une simple cuill\u00e8re pour assurer que le beurre se m\u00e9lange correctement au caf\u00e9.<\/em><\/p>\n<p style=\"text-align: center;\">Voir la d\u00e9monstration sur YouTube :<br \/>\n<em><a href=\"https:\/\/youtu.be\/JDP2u1DEFhY?si=m5KPtr8qxUQeuKe3\" target=\"_blank\" rel=\"noopener\">https:\/\/youtu.be\/JDP2u1DEFhY?si=m5KPtr8qxUQeuKe3<\/a><\/em><\/p>\n<hr \/>\n<p style=\"text-align: justify;\"><strong>Bienfaits du caf\u00e9\u00a0pendant le je\u00fbne intermittent\u00a0<\/strong><\/p>\n<p style=\"text-align: justify;\">Cela va certainement vous \u00e9tonner. Cependant, les boissons comme le caf\u00e9 et le th\u00e9 ont certains avantages pendant le je\u00fbne. Ils aident \u00e0 r\u00e9duire la sensation de faim, am\u00e9liorent la concentration et fournissent des antioxydants b\u00e9n\u00e9fiques.<\/p>\n<p style=\"text-align: justify;\">De plus, certaines \u00e9tudes scientifiques affirment que boire du caf\u00e9 pourrait am\u00e9liorer les b\u00e9n\u00e9fices du fasting.\u00a0Tout d\u2019abord, cette <a href=\"https:\/\/pubmed.ncbi.nlm.nih.gov\/27810402\/\">\u00e9tude am\u00e9ricaine de 2017<\/a> sugg\u00e8re que le caf\u00e9 et le je\u00fbne intermittent pourraient chacun aider \u00e0 r\u00e9duire l\u2019inflammation.\u00a0Cette autre <a href=\"https:\/\/pubmed.ncbi.nlm.nih.gov\/27842207\/\">\u00e9tude polonaise de 2017<\/a> affirme qu\u2019une plus grande consommation de caf\u00e9 favoriserait la r\u00e9duction du syndrome m\u00e9tabolique, souvent li\u00e9e aux exc\u00e8s de poids.\u00a0Par ailleurs, cette autre <a href=\"https:\/\/pubmed.ncbi.nlm.nih.gov\/24150256\/\">\u00e9tude chinoise<\/a> de 2014, fait un lien entre la consommation de caf\u00e9 et la r\u00e9duction du risque de diab\u00e8te de type 2.<\/p>\n<p style=\"text-align: justify;\">Ainsi, selon ces quelques informations scientifiques, la consommation de caf\u00e9 en parall\u00e8le d\u2019un je\u00fbne serait plut\u00f4t b\u00e9n\u00e9fique pour le m\u00e9tabolisme.<\/p>\n<p style=\"text-align: justify;\">Mais cela n\u2019est pas tout. Comme vous le savez certainement, le caf\u00e9 poss\u00e8de aussi des bienfaits pour le cerveau. Gr\u00e2ce \u00e0 la caf\u00e9ine, le caf\u00e9 am\u00e9liore les fonctions cognitives. C&rsquo;est ce qu\u2019on appelle une <strong>boisson nootropique<\/strong>.\u00a0Or, l\u2019une des principales raisons de la popularit\u00e9 du je\u00fbne vient justement de ses effets neuroprotecteurs.<\/p>\n<p style=\"text-align: justify;\">De m\u00eame que le je\u00fbne intermittent, comme l\u2019affirme le Dr Astrid Nehlig dans ce <a href=\"https:\/\/pn.bmj.com\/content\/16\/2\/89\">travail de recherche<\/a>, la consommation r\u00e9guli\u00e8re de caf\u00e9 permettrait de r\u00e9duire l&rsquo;apparition de certaines maladies neurod\u00e9g\u00e9n\u00e9ratives telles que la maladie d&rsquo;Alzheimer et la maladie de Parkinson.<\/p>\n<p style=\"text-align: justify;\">Par cons\u00e9quent, pour l\u2019ensemble des raisons \u00e9voqu\u00e9es dans cette partie, il peut \u00eatre pertinent d\u2019int\u00e9grer une dose mod\u00e9r\u00e9e de caf\u00e9 \u00e0 votre je\u00fbne intermittent.\u00a0Bien entendu, afin de b\u00e9n\u00e9ficier de ces bienfaits du caf\u00e9 lors du je\u00fbne intermittent, il convient de prendre quelques pr\u00e9cautions.<\/p>\n<p style=\"text-align: justify;\"><strong>Aliments interdits du je\u00fbne intermittent\u00a0<\/strong><\/p>\n<p style=\"text-align: justify;\">Comme nous l\u2019avons vu, un caf\u00e9 noir ou caf\u00e9 gras peut tout \u00e0 fait accompagner un je\u00fbne intermittent. Toutefois, certains ingr\u00e9dients sont \u00e0 \u00e9viter dans votre caf\u00e9 si vous ne souhaitez pas rompre le je\u00fbne.\u00a0Car si vous ajoutez \u00e0 votre caf\u00e9 des calories comme du lait de vache ou du sucre, vous risquez de perturber le je\u00fbne et ses b\u00e9n\u00e9fices.<\/p>\n<p style=\"text-align: justify;\">Pour rappel, l\u2019objectif d\u2019un je\u00fbne est de r\u00e9duire votre consommation de calories \u00e0 son minimum. Par cons\u00e9quent, il vous faudra dire adieu aux <strong>cappuccinos<\/strong>, <strong>mokas<\/strong>, ou <strong>frappuccinos<\/strong>.\u00a0De m\u00eame, au risque de vous d\u00e9cevoir, vous devrez aussi abandonner le <strong>caf\u00e9 sucr\u00e9<\/strong> ou le <strong>caf\u00e9 au lait<\/strong>. En effet, ces boissons sont tr\u00e8s caloriques et risquent de rompre le je\u00fbne.<\/p>\n<p style=\"text-align: justify;\">A la rigueur, si vous souhaitez ajouter un peu de gourmandises \u00e0 votre caf\u00e9 sans risque d&rsquo;ajouter des calories, vous pouvez opter pour un caf\u00e9 aux champignons. Sinon, l\u2019id\u00e9al est de se contenter d\u2019un caf\u00e9 noir, d\u2019un th\u00e9 ou tout simplement d\u2019une bonne eau min\u00e9rale.<\/p>\n<p style=\"text-align: justify;\"><strong>Conclusion<\/strong><\/p>\n<p style=\"text-align: justify;\">Le caf\u00e9 peut donc tout \u00e0 fait accompagner un je\u00fbne intermittent. Il est tr\u00e8s peu calorique. Par cons\u00e9quent, il ne risque pas de rompre le je\u00fbne, \u00e0 condition de ne pas ajouter de sucre ou de lait. Par ailleurs, il poss\u00e8de de nombreux bienfaits pour la sant\u00e9 qui pourraient renforcer les effets positifs du je\u00fbne. Si vous souhaitez une alternative au caf\u00e9 pour votre je\u00fbne, vous pouvez bien entendu opter pour du th\u00e9, de l\u2019eau ou un <a href=\"https:\/\/cafedesguerriers.fr\/blogs\/cafe\/le-cafe-adaptogene-la-meilleure-boisson-contre-le-stress\">caf\u00e9 aux champignons<\/a>.<\/p>\n<hr \/>\n<p style=\"text-align: left;\"><strong>Sources et r\u00e9f\u00e9rences :<\/strong><\/p>\n<p style=\"text-align: left;\">Jiang, X., Zhang, D., &amp; Jiang, W. (2013). Coffee and caffeine intake and incidence of type 2 diabetes mellitus: a meta-analysis of prospective studies. European Journal of Nutrition, 53(1), 25\u201338. <a href=\"https:\/\/doi.org\/10.1007\/s00394-013-0603-x\">https:\/\/doi.org\/10.1007\/s00394-013-0603-x<\/a><\/p>\n<p style=\"text-align: left;\">Mattson, M. P., Longo, V. D., &amp; Harvie, M. (2017). Impact of intermittent fasting on health and disease processes. Ageing Research Reviews, 39, 46\u201358. <a href=\"https:\/\/doi.org\/10.1016\/j.arr.2016.10.005\">https:\/\/doi.org\/10.1016\/j.arr.2016.10.005<\/a><\/p>\n<p style=\"text-align: left;\">Nehlig, A. (2015). Effects of coffee\/caffeine on brain health and disease: What should I tell my patients? Practical Neurology, 16(2), 89\u201395. <a href=\"https:\/\/doi.org\/10.1136\/practneurol-2015-001162\">https:\/\/doi.org\/10.1136\/practneurol-2015-001162<\/a><\/p>\n<p style=\"text-align: left;\">Schubert, M. M., Irwin, C., Seay, R. F., Clarke, H., Allegro, D., &amp; Desbrow, B. (2017). Caffeine, coffee, and appetite control: a review. International Journal of Food Sciences and Nutrition, 68(8), 901\u2013912. <a href=\"https:\/\/doi.org\/10.1080\/09637486.2017.1320537\">https:\/\/doi.org\/10.1080\/09637486.2017.1320537<\/a><\/p>\n<p style=\"text-align: left;\">Suliga, E., Kozie?, D., Cie?la, E., R?bak, D., &amp; G?uszek, S. (2016). Coffee consumption and the occurrence and intensity of metabolic syndrome: a cross-sectional study. International Journal of Food Sciences and Nutrition, 68(4), 507\u2013513. <a href=\"https:\/\/doi.org\/10.1080\/09637486.2016.1256381\">https:\/\/doi.org\/10.1080\/09637486.2016.1256381<\/a><\/p>\n<p style=\"text-align: left;\">Van Dam, R. M., Pasman, W., &amp; Verhoef, P. (2004). Effects of Coffee Consumption on Fasting Blood Glucose and Insulin Concentrations. Diabetes Care, 27(12), 2990\u20132992. https:\/\/doi.org\/10.2337\/diacare.27.12.2990<\/p>\n<p style=\"text-align: justify;\">\n","protected":false},"excerpt":{"rendered":"<p>Republication d&rsquo;article&#8230; Source : http\u2026<\/p>\n<p> <a class=\"continue-reading-link\" href=\"https:\/\/jrfortin.com\/jrf\/blog\/le-cafe-et-les-jeunes-intermittents\/\"><span>continuez la lecture<\/span><i class=\"crycon-right-dir\"><\/i><\/a> <\/p>\n","protected":false},"author":1,"featured_media":20105,"comment_status":"open","ping_status":"open","sticky":false,"template":"","format":"standard","meta":{"_jetpack_memberships_contains_paid_content":false,"footnotes":""},"categories":[279],"tags":[],"class_list":["post-20102","post","type-post","status-publish","format-standard","has-post-thumbnail","hentry","category-therapeutique"],"yoast_head":"<!-- This site is optimized with the Yoast SEO plugin v26.7 - https:\/\/yoast.com\/wordpress\/plugins\/seo\/ -->\n<title>Le caf\u00e9 et les je\u00fbnes intermittents - Dojo du Nouveau Monde<\/title>\n<meta name=\"robots\" content=\"index, follow, max-snippet:-1, max-image-preview:large, max-video-preview:-1\" \/>\n<link rel=\"canonical\" href=\"https:\/\/jrfortin.com\/jrf\/blog\/le-cafe-et-les-jeunes-intermittents\/\" \/>\n<meta property=\"og:locale\" content=\"fr_FR\" \/>\n<meta property=\"og:type\" content=\"article\" \/>\n<meta property=\"og:title\" content=\"Le caf\u00e9 et les je\u00fbnes intermittents - Dojo du Nouveau Monde\" \/>\n<meta property=\"og:description\" content=\"Republication d&rsquo;article&#8230; Source : http\u2026 continuez la lecture\" \/>\n<meta property=\"og:url\" content=\"https:\/\/jrfortin.com\/jrf\/blog\/le-cafe-et-les-jeunes-intermittents\/\" \/>\n<meta property=\"og:site_name\" content=\"Dojo du Nouveau Monde\" \/>\n<meta property=\"article:published_time\" content=\"2024-07-15T13:14:42+00:00\" \/>\n<meta property=\"article:modified_time\" content=\"2024-07-16T14:04:48+00:00\" \/>\n<meta property=\"og:image\" content=\"https:\/\/jrfortin.com\/jrf\/wp-content\/uploads\/2024\/07\/grains.jpeg\" \/>\n\t<meta property=\"og:image:width\" content=\"500\" \/>\n\t<meta property=\"og:image:height\" content=\"333\" \/>\n\t<meta property=\"og:image:type\" content=\"image\/jpeg\" \/>\n<meta name=\"author\" content=\"Shihan Jean-Rock Fortin, M.A.\" \/>\n<meta name=\"twitter:card\" content=\"summary_large_image\" \/>\n<meta name=\"twitter:creator\" content=\"@fortin_rock\" \/>\n<meta name=\"twitter:site\" content=\"@fortin_rock\" \/>\n<meta name=\"twitter:label1\" content=\"\u00c9crit par\" \/>\n\t<meta name=\"twitter:data1\" content=\"Shihan Jean-Rock Fortin, M.A.\" \/>\n\t<meta name=\"twitter:label2\" content=\"Dur\u00e9e de lecture estim\u00e9e\" \/>\n\t<meta name=\"twitter:data2\" content=\"10 minutes\" \/>\n<script type=\"application\/ld+json\" class=\"yoast-schema-graph\">{\"@context\":\"https:\/\/schema.org\",\"@graph\":[{\"@type\":\"Article\",\"@id\":\"https:\/\/jrfortin.com\/jrf\/blog\/le-cafe-et-les-jeunes-intermittents\/#article\",\"isPartOf\":{\"@id\":\"https:\/\/jrfortin.com\/jrf\/blog\/le-cafe-et-les-jeunes-intermittents\/\"},\"author\":{\"name\":\"Shihan Jean-Rock Fortin, M.A.\",\"@id\":\"https:\/\/jrfortin.com\/jrf\/#\/schema\/person\/420b013ae3febafe8d99a66adee55de9\"},\"headline\":\"Le caf\u00e9 et les je\u00fbnes intermittents\",\"datePublished\":\"2024-07-15T13:14:42+00:00\",\"dateModified\":\"2024-07-16T14:04:48+00:00\",\"mainEntityOfPage\":{\"@id\":\"https:\/\/jrfortin.com\/jrf\/blog\/le-cafe-et-les-jeunes-intermittents\/\"},\"wordCount\":1941,\"commentCount\":0,\"publisher\":{\"@id\":\"https:\/\/jrfortin.com\/jrf\/#\/schema\/person\/420b013ae3febafe8d99a66adee55de9\"},\"image\":{\"@id\":\"https:\/\/jrfortin.com\/jrf\/blog\/le-cafe-et-les-jeunes-intermittents\/#primaryimage\"},\"thumbnailUrl\":\"https:\/\/i0.wp.com\/jrfortin.com\/jrf\/wp-content\/uploads\/2024\/07\/grains.jpeg?fit=500%2C333&ssl=1\",\"articleSection\":[\"Sant\u00e9\"],\"inLanguage\":\"fr-FR\",\"potentialAction\":[{\"@type\":\"CommentAction\",\"name\":\"Comment\",\"target\":[\"https:\/\/jrfortin.com\/jrf\/blog\/le-cafe-et-les-jeunes-intermittents\/#respond\"]}]},{\"@type\":\"WebPage\",\"@id\":\"https:\/\/jrfortin.com\/jrf\/blog\/le-cafe-et-les-jeunes-intermittents\/\",\"url\":\"https:\/\/jrfortin.com\/jrf\/blog\/le-cafe-et-les-jeunes-intermittents\/\",\"name\":\"Le caf\u00e9 et les je\u00fbnes intermittents - Dojo du Nouveau Monde\",\"isPartOf\":{\"@id\":\"https:\/\/jrfortin.com\/jrf\/#website\"},\"primaryImageOfPage\":{\"@id\":\"https:\/\/jrfortin.com\/jrf\/blog\/le-cafe-et-les-jeunes-intermittents\/#primaryimage\"},\"image\":{\"@id\":\"https:\/\/jrfortin.com\/jrf\/blog\/le-cafe-et-les-jeunes-intermittents\/#primaryimage\"},\"thumbnailUrl\":\"https:\/\/i0.wp.com\/jrfortin.com\/jrf\/wp-content\/uploads\/2024\/07\/grains.jpeg?fit=500%2C333&ssl=1\",\"datePublished\":\"2024-07-15T13:14:42+00:00\",\"dateModified\":\"2024-07-16T14:04:48+00:00\",\"breadcrumb\":{\"@id\":\"https:\/\/jrfortin.com\/jrf\/blog\/le-cafe-et-les-jeunes-intermittents\/#breadcrumb\"},\"inLanguage\":\"fr-FR\",\"potentialAction\":[{\"@type\":\"ReadAction\",\"target\":[\"https:\/\/jrfortin.com\/jrf\/blog\/le-cafe-et-les-jeunes-intermittents\/\"]}]},{\"@type\":\"ImageObject\",\"inLanguage\":\"fr-FR\",\"@id\":\"https:\/\/jrfortin.com\/jrf\/blog\/le-cafe-et-les-jeunes-intermittents\/#primaryimage\",\"url\":\"https:\/\/i0.wp.com\/jrfortin.com\/jrf\/wp-content\/uploads\/2024\/07\/grains.jpeg?fit=500%2C333&ssl=1\",\"contentUrl\":\"https:\/\/i0.wp.com\/jrfortin.com\/jrf\/wp-content\/uploads\/2024\/07\/grains.jpeg?fit=500%2C333&ssl=1\",\"width\":500,\"height\":333},{\"@type\":\"BreadcrumbList\",\"@id\":\"https:\/\/jrfortin.com\/jrf\/blog\/le-cafe-et-les-jeunes-intermittents\/#breadcrumb\",\"itemListElement\":[{\"@type\":\"ListItem\",\"position\":1,\"name\":\"Accueil\",\"item\":\"https:\/\/jrfortin.com\/jrf\/\"},{\"@type\":\"ListItem\",\"position\":2,\"name\":\"Le caf\u00e9 et les je\u00fbnes intermittents\"}]},{\"@type\":\"WebSite\",\"@id\":\"https:\/\/jrfortin.com\/jrf\/#website\",\"url\":\"https:\/\/jrfortin.com\/jrf\/\",\"name\":\"Dojo du Nouveau Monde\",\"description\":\"R\u00e9seau de Shihan Jean-Rock Fortin\",\"publisher\":{\"@id\":\"https:\/\/jrfortin.com\/jrf\/#\/schema\/person\/420b013ae3febafe8d99a66adee55de9\"},\"potentialAction\":[{\"@type\":\"SearchAction\",\"target\":{\"@type\":\"EntryPoint\",\"urlTemplate\":\"https:\/\/jrfortin.com\/jrf\/?s={search_term_string}\"},\"query-input\":{\"@type\":\"PropertyValueSpecification\",\"valueRequired\":true,\"valueName\":\"search_term_string\"}}],\"inLanguage\":\"fr-FR\"},{\"@type\":[\"Person\",\"Organization\"],\"@id\":\"https:\/\/jrfortin.com\/jrf\/#\/schema\/person\/420b013ae3febafe8d99a66adee55de9\",\"name\":\"Shihan Jean-Rock Fortin, M.A.\",\"image\":{\"@type\":\"ImageObject\",\"inLanguage\":\"fr-FR\",\"@id\":\"https:\/\/jrfortin.com\/jrf\/#\/schema\/person\/image\/\",\"url\":\"https:\/\/i2.wp.com\/jrfortin.com\/jrf\/wp-content\/uploads\/2020\/07\/ki-le-chemin.jpg?fit=600%2C848&ssl=1\",\"contentUrl\":\"https:\/\/i2.wp.com\/jrfortin.com\/jrf\/wp-content\/uploads\/2020\/07\/ki-le-chemin.jpg?fit=600%2C848&ssl=1\",\"width\":600,\"height\":848,\"caption\":\"Shihan Jean-Rock Fortin, M.A.\"},\"logo\":{\"@id\":\"https:\/\/jrfortin.com\/jrf\/#\/schema\/person\/image\/\"},\"description\":\"Globetrotteur par affaires et pour le plaisir, et Orientaliste, je suis instructeur d'arts martiaux (maitre-enseignant de Ki-A\u00efkido [Shihan] &amp; Dim-Mak), Fondateur du Dojo du Nouveau Monde (2010), \\\"S\u00e9ancier\\\" de Kiatsu, M\u00e9tatronicien, Radiesth\u00e9siste, Coutelier d'art, Conf\u00e9rencier et Auteur du livre \\\"Ki - Le Chemin de l'\u00c9veil\\\" (2018). Je suis \u00e9galement Consultant strat\u00e9gique en \u00e9volution et prosp\u00e9rit\u00e9 des personnes et des organisations.\",\"sameAs\":[\"http:\/\/www.jrfortin.com\"],\"url\":\"https:\/\/jrfortin.com\/jrf\/blog\/author\/jean-rock\/\"}]}<\/script>\n<!-- \/ Yoast SEO plugin. -->","yoast_head_json":{"title":"Le caf\u00e9 et les je\u00fbnes intermittents - Dojo du Nouveau Monde","robots":{"index":"index","follow":"follow","max-snippet":"max-snippet:-1","max-image-preview":"max-image-preview:large","max-video-preview":"max-video-preview:-1"},"canonical":"https:\/\/jrfortin.com\/jrf\/blog\/le-cafe-et-les-jeunes-intermittents\/","og_locale":"fr_FR","og_type":"article","og_title":"Le caf\u00e9 et les je\u00fbnes intermittents - Dojo du Nouveau Monde","og_description":"Republication d&rsquo;article&#8230; Source : http\u2026 continuez la lecture","og_url":"https:\/\/jrfortin.com\/jrf\/blog\/le-cafe-et-les-jeunes-intermittents\/","og_site_name":"Dojo du Nouveau Monde","article_published_time":"2024-07-15T13:14:42+00:00","article_modified_time":"2024-07-16T14:04:48+00:00","og_image":[{"width":500,"height":333,"url":"https:\/\/jrfortin.com\/jrf\/wp-content\/uploads\/2024\/07\/grains.jpeg","type":"image\/jpeg"}],"author":"Shihan Jean-Rock Fortin, M.A.","twitter_card":"summary_large_image","twitter_creator":"@fortin_rock","twitter_site":"@fortin_rock","twitter_misc":{"\u00c9crit par":"Shihan Jean-Rock Fortin, M.A.","Dur\u00e9e de lecture estim\u00e9e":"10 minutes"},"schema":{"@context":"https:\/\/schema.org","@graph":[{"@type":"Article","@id":"https:\/\/jrfortin.com\/jrf\/blog\/le-cafe-et-les-jeunes-intermittents\/#article","isPartOf":{"@id":"https:\/\/jrfortin.com\/jrf\/blog\/le-cafe-et-les-jeunes-intermittents\/"},"author":{"name":"Shihan Jean-Rock Fortin, M.A.","@id":"https:\/\/jrfortin.com\/jrf\/#\/schema\/person\/420b013ae3febafe8d99a66adee55de9"},"headline":"Le caf\u00e9 et les je\u00fbnes intermittents","datePublished":"2024-07-15T13:14:42+00:00","dateModified":"2024-07-16T14:04:48+00:00","mainEntityOfPage":{"@id":"https:\/\/jrfortin.com\/jrf\/blog\/le-cafe-et-les-jeunes-intermittents\/"},"wordCount":1941,"commentCount":0,"publisher":{"@id":"https:\/\/jrfortin.com\/jrf\/#\/schema\/person\/420b013ae3febafe8d99a66adee55de9"},"image":{"@id":"https:\/\/jrfortin.com\/jrf\/blog\/le-cafe-et-les-jeunes-intermittents\/#primaryimage"},"thumbnailUrl":"https:\/\/i0.wp.com\/jrfortin.com\/jrf\/wp-content\/uploads\/2024\/07\/grains.jpeg?fit=500%2C333&ssl=1","articleSection":["Sant\u00e9"],"inLanguage":"fr-FR","potentialAction":[{"@type":"CommentAction","name":"Comment","target":["https:\/\/jrfortin.com\/jrf\/blog\/le-cafe-et-les-jeunes-intermittents\/#respond"]}]},{"@type":"WebPage","@id":"https:\/\/jrfortin.com\/jrf\/blog\/le-cafe-et-les-jeunes-intermittents\/","url":"https:\/\/jrfortin.com\/jrf\/blog\/le-cafe-et-les-jeunes-intermittents\/","name":"Le caf\u00e9 et les je\u00fbnes intermittents - Dojo du Nouveau Monde","isPartOf":{"@id":"https:\/\/jrfortin.com\/jrf\/#website"},"primaryImageOfPage":{"@id":"https:\/\/jrfortin.com\/jrf\/blog\/le-cafe-et-les-jeunes-intermittents\/#primaryimage"},"image":{"@id":"https:\/\/jrfortin.com\/jrf\/blog\/le-cafe-et-les-jeunes-intermittents\/#primaryimage"},"thumbnailUrl":"https:\/\/i0.wp.com\/jrfortin.com\/jrf\/wp-content\/uploads\/2024\/07\/grains.jpeg?fit=500%2C333&ssl=1","datePublished":"2024-07-15T13:14:42+00:00","dateModified":"2024-07-16T14:04:48+00:00","breadcrumb":{"@id":"https:\/\/jrfortin.com\/jrf\/blog\/le-cafe-et-les-jeunes-intermittents\/#breadcrumb"},"inLanguage":"fr-FR","potentialAction":[{"@type":"ReadAction","target":["https:\/\/jrfortin.com\/jrf\/blog\/le-cafe-et-les-jeunes-intermittents\/"]}]},{"@type":"ImageObject","inLanguage":"fr-FR","@id":"https:\/\/jrfortin.com\/jrf\/blog\/le-cafe-et-les-jeunes-intermittents\/#primaryimage","url":"https:\/\/i0.wp.com\/jrfortin.com\/jrf\/wp-content\/uploads\/2024\/07\/grains.jpeg?fit=500%2C333&ssl=1","contentUrl":"https:\/\/i0.wp.com\/jrfortin.com\/jrf\/wp-content\/uploads\/2024\/07\/grains.jpeg?fit=500%2C333&ssl=1","width":500,"height":333},{"@type":"BreadcrumbList","@id":"https:\/\/jrfortin.com\/jrf\/blog\/le-cafe-et-les-jeunes-intermittents\/#breadcrumb","itemListElement":[{"@type":"ListItem","position":1,"name":"Accueil","item":"https:\/\/jrfortin.com\/jrf\/"},{"@type":"ListItem","position":2,"name":"Le caf\u00e9 et les je\u00fbnes intermittents"}]},{"@type":"WebSite","@id":"https:\/\/jrfortin.com\/jrf\/#website","url":"https:\/\/jrfortin.com\/jrf\/","name":"Dojo du Nouveau Monde","description":"R\u00e9seau de Shihan Jean-Rock Fortin","publisher":{"@id":"https:\/\/jrfortin.com\/jrf\/#\/schema\/person\/420b013ae3febafe8d99a66adee55de9"},"potentialAction":[{"@type":"SearchAction","target":{"@type":"EntryPoint","urlTemplate":"https:\/\/jrfortin.com\/jrf\/?s={search_term_string}"},"query-input":{"@type":"PropertyValueSpecification","valueRequired":true,"valueName":"search_term_string"}}],"inLanguage":"fr-FR"},{"@type":["Person","Organization"],"@id":"https:\/\/jrfortin.com\/jrf\/#\/schema\/person\/420b013ae3febafe8d99a66adee55de9","name":"Shihan Jean-Rock Fortin, M.A.","image":{"@type":"ImageObject","inLanguage":"fr-FR","@id":"https:\/\/jrfortin.com\/jrf\/#\/schema\/person\/image\/","url":"https:\/\/i2.wp.com\/jrfortin.com\/jrf\/wp-content\/uploads\/2020\/07\/ki-le-chemin.jpg?fit=600%2C848&ssl=1","contentUrl":"https:\/\/i2.wp.com\/jrfortin.com\/jrf\/wp-content\/uploads\/2020\/07\/ki-le-chemin.jpg?fit=600%2C848&ssl=1","width":600,"height":848,"caption":"Shihan Jean-Rock Fortin, M.A."},"logo":{"@id":"https:\/\/jrfortin.com\/jrf\/#\/schema\/person\/image\/"},"description":"Globetrotteur par affaires et pour le plaisir, et Orientaliste, je suis instructeur d'arts martiaux (maitre-enseignant de Ki-A\u00efkido [Shihan] &amp; Dim-Mak), Fondateur du Dojo du Nouveau Monde (2010), \"S\u00e9ancier\" de Kiatsu, M\u00e9tatronicien, Radiesth\u00e9siste, Coutelier d'art, Conf\u00e9rencier et Auteur du livre \"Ki - Le Chemin de l'\u00c9veil\" (2018). Je suis \u00e9galement Consultant strat\u00e9gique en \u00e9volution et prosp\u00e9rit\u00e9 des personnes et des organisations.","sameAs":["http:\/\/www.jrfortin.com"],"url":"https:\/\/jrfortin.com\/jrf\/blog\/author\/jean-rock\/"}]}},"jetpack_featured_media_url":"https:\/\/i0.wp.com\/jrfortin.com\/jrf\/wp-content\/uploads\/2024\/07\/grains.jpeg?fit=500%2C333&ssl=1","jetpack_sharing_enabled":true,"_links":{"self":[{"href":"https:\/\/jrfortin.com\/jrf\/wp-json\/wp\/v2\/posts\/20102","targetHints":{"allow":["GET"]}}],"collection":[{"href":"https:\/\/jrfortin.com\/jrf\/wp-json\/wp\/v2\/posts"}],"about":[{"href":"https:\/\/jrfortin.com\/jrf\/wp-json\/wp\/v2\/types\/post"}],"author":[{"embeddable":true,"href":"https:\/\/jrfortin.com\/jrf\/wp-json\/wp\/v2\/users\/1"}],"replies":[{"embeddable":true,"href":"https:\/\/jrfortin.com\/jrf\/wp-json\/wp\/v2\/comments?post=20102"}],"version-history":[{"count":2,"href":"https:\/\/jrfortin.com\/jrf\/wp-json\/wp\/v2\/posts\/20102\/revisions"}],"predecessor-version":[{"id":20117,"href":"https:\/\/jrfortin.com\/jrf\/wp-json\/wp\/v2\/posts\/20102\/revisions\/20117"}],"wp:featuredmedia":[{"embeddable":true,"href":"https:\/\/jrfortin.com\/jrf\/wp-json\/wp\/v2\/media\/20105"}],"wp:attachment":[{"href":"https:\/\/jrfortin.com\/jrf\/wp-json\/wp\/v2\/media?parent=20102"}],"wp:term":[{"taxonomy":"category","embeddable":true,"href":"https:\/\/jrfortin.com\/jrf\/wp-json\/wp\/v2\/categories?post=20102"},{"taxonomy":"post_tag","embeddable":true,"href":"https:\/\/jrfortin.com\/jrf\/wp-json\/wp\/v2\/tags?post=20102"}],"curies":[{"name":"wp","href":"https:\/\/api.w.org\/{rel}","templated":true}]}}