{"id":20170,"date":"2024-08-29T08:37:29","date_gmt":"2024-08-29T12:37:29","guid":{"rendered":"https:\/\/jrfortin.com\/jrf\/?p=20170"},"modified":"2024-08-29T08:54:21","modified_gmt":"2024-08-29T12:54:21","slug":"vax-arnm-le-japon-declare-letat-durgence","status":"publish","type":"post","link":"https:\/\/jrfortin.com\/jrf\/blog\/vax-arnm-le-japon-declare-letat-durgence\/","title":{"rendered":"VAX ARNm &#8211; LE JAPON D\u00c9CLARE L&rsquo;\u00c9TAT D&rsquo;URGENCE"},"content":{"rendered":"<p>Par Michel Dogna,<\/p>\n<p><em>Source de la republication : <a href=\"https:\/\/newsletter.micheldogna.fr\/w\/G8jl6sDleceS0LPbnShwow\/lcQHGQXU892hZj7632xjhH0yWQ\/7HpijLxGx892j1a87WSChAnw\" target=\"_blank\" rel=\"noopener\">https:\/\/newsletter.micheldogna.fr\/w\/G8jl6sDleceS0LPbnShwow\/lcQHGQXU892hZj7632xjhH0yWQ\/7HpijLxGx892j1a87WSChAnw<\/a><\/em><\/p>\n<p><strong>VACCINS COVID, LE JAPON D\u00c9CLARE L&rsquo;\u00c9TAT D&rsquo;URGENCE&#8230; <\/strong><em>apr\u00e8s que des \u00ab\u00a0Nanobots\u00a0\u00bb aient \u00e9t\u00e9 retrouv\u00e9s dans 96\u00a0millions de citoyens<\/em><\/p>\n<p><strong>Le monde entier doit conna\u00eetre cette information<\/strong><\/p>\n<p><strong>(Document original en anglais)<\/strong><\/p>\n<p><a href=\"https:\/\/newsletter.micheldogna.fr\/l\/G8jl6sDleceS0LPbnShwow\/763ooCl892Tp34RwLe1cuYTTHA\/7HpijLxGx892j1a87WSChAnw\">https:\/\/chriswicknews.com\/japan-declares-state-of-emergency-after-nanobots-found-in-96-mil\/11258<\/a><\/p>\n<p>ou<\/p>\n<p><a href=\"https:\/\/newsletter.micheldogna.fr\/l\/G8jl6sDleceS0LPbnShwow\/faPhEJ9VUQaV7OmKWpqm892A\/7HpijLxGx892j1a87WSChAnw\">https:\/\/tuzarapost.substack.com\/p\/japan-declares-state-of-emergency<\/a><\/p>\n<p>Le 11 ao\u00fbt 2024, le Japon a pr\u00e9sent\u00e9 des excuses \u00e0 ses citoyens pour les cons\u00e9quences d\u00e9sastreuses des vaccins \u00e0 l&rsquo;ARNm de la COVID-19 (ce que la France ne fera jamais\u2026) et a lanc\u00e9 des enqu\u00eates scientifiques de grande port\u00e9e ainsi que des enqu\u00eates criminelles pour \u00e9tablir la v\u00e9rit\u00e9 et punir les auteurs. L&rsquo;\u00e9lite mondialiste et Big Pharma paniquent, terrifi\u00e9s par ce que les Japonais trouvent, et font tout ce qu&rsquo;ils peuvent pour discr\u00e9diter ces enqu\u00eates, y compris ordonner aux m\u00e9dias traditionnels de lancer un black-out total sur toute nouvelle sortie du Japon. Mais nous n&rsquo;allons pas permettre \u00e0 l&rsquo;\u00e9lite de continuer \u00e0 mentir au public. Le Japon a mis au grand jour leurs crimes contre l&rsquo;humanit\u00e9 et le monde entier doit entendre ces informations.<\/p>\n<p>Une nouvelle \u00e9tude japonaise publi\u00e9e dans l&rsquo;International Journal of Vaccine Theory Practice and Research prouve que les\u00a0<strong>vaccins Pfizer et Moderna contiennent des entit\u00e9s (vers anim\u00e9s)<\/strong>\u00a0non connues, invisibles \u00e0 l\u2019\u0153il nu, qui nagent, se tortillent et s&rsquo;assemblent en structures complexes.\u00a0<strong>Les Dr. Young Mi Lee et Daniel Broudy<\/strong>\u00a0de l&rsquo;universit\u00e9 chr\u00e9tienne d&rsquo;Okinawa expliquent que ces entit\u00e9s chim\u00e9riques sont responsables de la formation de caillots \u00e0 l&rsquo;int\u00e9rieur de millions de corps humains dans le monde depuis le d\u00e9ploiement de l&rsquo;ARNm. Lorsque ces conditions \u00a0sont reproduites, les r\u00e9sultats sont toujours identiques.<\/p>\n<p>Mais pire encore : les Dr. Young Mi Lee et Daniel Broudy ayant isol\u00e9 des flacons de vaccins pendant trois semaines, les ont ensuite examin\u00e9s avec un grossissement de 400X et ont trouv\u00e9 des composants sp\u00e9ciaux suppl\u00e9mentaires de nanotechnologie. Comme Lee et Broudy l\u2019ont fait remarquer, lorsque de la nanotechnologie est excit\u00e9e, elle cr\u00e9e des disques, des cha\u00eenes, des spirales, des tubes et des structures \u00e0 angle droit.<\/p>\n<p>Que sont exactement ces nano-constructions min\u00e9rales qui paraissent vivantes ? Et pourquoi Pfizer et Big Pharma ont-ils introduit subrepticement ces milliards de \u00ab\u00a0choses\u00a0\u00bb dans le corps des humains ? Lee et Broudy ont \u00e9t\u00e9 stup\u00e9faits de constater des r\u00e9actions de ces\u00a0<strong>\u00ab\u00a0composants suppl\u00e9mentaires\u00a0\u00bb lorsqu&rsquo;ils sont plac\u00e9s \u00e0 proximit\u00e9 de t\u00e9l\u00e9phones portables ou d&rsquo;ordinateurs<\/strong>. Il s&rsquo;agit en fait de nanobots qui communiquent avec une base de donn\u00e9es centrale dont l&rsquo;IP ne peut pas \u00eatre suivi jusqu&rsquo;\u00e0 un emplacement ou un ordinateur d\u00e9fini.<\/p>\n<p><strong>Nota<\/strong>\u00a0: En d\u00e9cembre 2021, j\u2019avais d\u00e9j\u00e0 \u00e9dit\u00e9 un article de la m\u00eame veine relatant la d\u00e9couverte impressionnante au microscope, dans les vaccins de Pfizer et Moderna, de nano-bestioles inconnues \u00e0 trois tentacules semblant dot\u00e9es d\u2019une conscience. Ce fait fut pr\u00e9sent\u00e9 par le\u00a0<strong>Dr Carrie Madej<\/strong>, chercheuse bien connue aux USA, lors d\u2019une interview sur la cha\u00eene de\u00a0<strong>Stew Peters<\/strong>.<\/p>\n<p>Parmi les nombreux chercheurs qui s\u2019interrogeaient sur la composition r\u00e9elle des \u00ab\u00a0vaccins\u00a0\u00bb ARNm contre le Coronavirus, le\u00a0<strong>Dr Franck Zalewski<\/strong>, c\u00e9l\u00e8bre chercheur polonais, a lui aussi d\u00e9couvert gr\u00e2ce \u00e0 un microscope high tech, une forme de vie inconnue inqui\u00e9tante qu\u2019il d\u00e9nommait \u00a0\u00ab\u00a0LA CHOSE\u00a0\u00bb. La description de sa d\u00e9couverte confirmait les observations du Dr Carrie Madej ainsi que celles d\u2019autres chercheurs ind\u00e9pendants d\u00e9j\u00e0 connus, tels les Docteurs Robert Young, Zandre Botha, etc. Il soup\u00e7onnait que le vaccin contienne des \u0153ufs de \u00ab\u00a0la chose\u00a0\u00bb qui semblent \u00e9clore gr\u00e2ce \u00e0 la chaleur de l\u2019organisme et la pr\u00e9sence de graph\u00e8ne.<\/p>\n<p><strong>Il a ajout\u00e9 que la nano-bestiole se fixe sur des neurones ceci permettant au flux nerveux de capter des programmes psychiques pouvant \u00eatre envoy\u00e9s par la 5G via le graph\u00e8ne r\u00e9cepteur inject\u00e9 avec les \u00ab\u00a0vaccins\u00a0\u00bb ARNm.<\/strong><\/p>\n<p>Cet article est \u00e0 retrouver dans mon ebook V\u00c9RITES INTERDITES (article n\u00b053 page 186)<\/p>\n<p><a href=\"https:\/\/newsletter.micheldogna.fr\/l\/G8jl6sDleceS0LPbnShwow\/hRXR2Vx8GInnoTPanraWug\/7HpijLxGx892j1a87WSChAnw\">https:\/\/www.belle-emeraude.com\/verites-interdites-et-savoirs-coupables-c2x40028128<\/a><\/p>\n<p>On r\u00e9alise maintenant que l\u2019\u00e9lite a d\u00e9j\u00e0 mis en \u0153uvre son plan concoct\u00e9 et financ\u00e9 depuis longtemps pour faire de la race humaine une vaste r\u00e9serve de balises vivantes devant \u00eatre exploit\u00e9e en secret. Malheureusement pour l&rsquo;\u00e9lite, ce secret vient d\u2019\u00eatre largement \u00e9vent\u00e9 par les chercheurs japonais. L&rsquo;\u00e9tude japonaise conclut que les composants microscopiques intelligents correspondent \u00e0 un plan d\u2019installation d\u2019un\u00a0<strong>internet biologioque intra-humain<\/strong>, faisant fonction de\u00a0<strong>syst\u00e8me nerveux central mondial synth\u00e9tique<\/strong>\u00a0et transformant les humains en\u00a0<strong>robots magn\u00e9tiques biohybrides<\/strong>\u00a0totalement contr\u00f4lables.<\/p>\n<p>Un brevet d\u00e9livr\u00e9 \u00e0 Bill Gates lui a attribu\u00e9 un \u00ab\u00a0droit exclusif\u00a0\u00bb autoproclam\u00e9 sur un \u00ab\u00a0soutien sanitaire mondial\u00a0\u00bb des corps humains et \u00e0 leur utilisation comme r\u00e9seaux sans fil locaux. Microsoft a obtenu pour cela le\u00a0<strong>brevet US 6 7544 472<\/strong>, qui est intitul\u00e9\u00a0:\u00a0<strong>M\u00e9thode et appareil de transmission de puissance et de donn\u00e9es utilisant le corps humain<\/strong>.<\/p>\n<p>Ceci pourrait \u00eatre de la science-fiction ! Or, quelqu&rsquo;un vous a-t-il consult\u00e9 pour savoir si vous \u00e9tiez dispos\u00e9 \u00e0 transf\u00e9rer \u00e0 Bill Gates les droits exclusifs sur votre corps ? L&rsquo;\u00e9lite nous dit toujours ses plans mais personne n\u2019y croit. C&rsquo;est ce qu&rsquo;on appelle\u00a0<strong>l&rsquo;Apocalypse de la M\u00e9thode<\/strong>, un outil de guerre psychologique subliminal qui sert de fa\u00e7on occulte \u00e0 maintenir les masses dans la peur et l\u2019ob\u00e9issance et accro\u00eetre les pouvoirs des \u00e9lites. Il est temps que nous commencions \u00e0 prendre ces psychopathes totalitaires au mot et de r\u00e9agir en fonction.<\/p>\n<p>Pour finir sur une note positive, il a \u00e9t\u00e9 enfin exig\u00e9 que les \u00e9tiquettes \u00ab\u00a0vaccin\u00a0\u00bb et \u00ab\u00a0<strong>s\u00fbr et efficace<\/strong>\u00a0\u00bb soient retir\u00e9es parce que la \u00ab\u00a0soupe\u00a0\u00bb inject\u00e9e \u00e0 des milliards de personnes dans le monde n&rsquo;est ni un vaccin ni s\u00fbre ni efficace.<\/p>\n<p><strong><em>Et malgr\u00e9 tout cela\u2026<\/em><\/strong><\/p>\n<p><strong>SURPRISE DE LA RENTR\u00c9E<\/strong><\/p>\n<p>R\u00e9sum\u00e9 du message de JEAN HUDON (Qu\u00e9bec)<\/p>\n<p>La surprise, c\u2019est le lancement de la carte europ\u00e9enne de vaccination (CVE), qui va \u00eatre test\u00e9e dans cinq pays :\u00a0<strong>la Belgique, la Gr\u00e8ce, l\u2019Allemagne, la Lettonie et le Portugal<\/strong>. Les habitants vont recevoir par courrier des cartes imprim\u00e9es et des versions num\u00e9riques pour leur smartphone. L\u2019argumentaire : la CVE est con\u00e7ue pour \u00ab\u00a0<strong>am\u00e9liorer la continuit\u00e9 des soins dans toute l\u2019UE<\/strong>\u00a0\u00bb. Mais les esprits avis\u00e9s ont d\u00e9j\u00e0 compris que cette nouvelle carte est un tremplin pour mener tout droit vers les vaccinations obligatoires.<\/p>\n<p><strong>L\u2019avocate n\u00e9erlandaise Meike Terhorst<\/strong>\u00a0ne croit pas du tout au narratif sur \u00ab\u00a0l\u2019am\u00e9lioration des soins\u00a0\u00bb. Elle voit tout simplement une carte d\u2019identit\u00e9 num\u00e9rique compl\u00e8te d\u00e9guis\u00e9e en carte de vaccination, o\u00f9 toutes vos donn\u00e9es personnelles (m\u00e9dicales, bancaires, assurances, etc.) seront stock\u00e9es dans un seul et m\u00eame document. Pratique ? En fait cela va \u00eatre un moyen pour bloquer tous ceux qui ne seront pas vaccin\u00e9s, sans oublier que cette carte num\u00e9rique va pi\u00e9tiner all\u00e8grement\u00a0<strong>la Charte des droits fondamentaux de l\u2019Union europ\u00e9enne<\/strong>.<\/p>\n<p><strong><em>Et pourtant\u2026<\/em><\/strong><\/p>\n<p>En r\u00e9action au dernier coup mont\u00e9 de l&rsquo;OMS qui nous est servi pour la troisi\u00e8me fois (apr\u00e8s avoir avort\u00e9 en 2022, puis en 2023 avec la variole dite du singe),\u00a0<strong>Fran\u00e7ois Asselineau<\/strong>\u00a0rappelle qu&rsquo;aucune vaccination n&rsquo;est obligatoire en r\u00e9f\u00e9rence \u00e0 la\u00a0<strong>d\u00e9claration de l&rsquo;assembl\u00e9e parlementaire du conseil de l&rsquo;Europe<\/strong>\u00a0: Art.7, paragraphe 3, alin\u00e9a 1. Ceci en plus de\u00a0<strong>l&rsquo;Art.1 du code de Nuremberg !<\/strong><\/p>\n<p><strong><a href=\"https:\/\/newsletter.micheldogna.fr\/l\/G8jl6sDleceS0LPbnShwow\/gtARmNEXeWVf9v7H6S5892Pg\/7HpijLxGx892j1a87WSChAnw\">https:\/\/odysee.com\/@Cielvoile:e\/oblvax:4<\/a><\/strong><\/p>\n<p><strong><em>Ecoutez-le (1 min)<\/em><\/strong><\/p>\n<p>Mais cela ne g\u00eane en rien les enrag\u00e9s du gouvernement fran\u00e7ais qui s\u2019assoient sur cette directive en installant actuellement 232 centres de vaccination contre cette variole du singe imaginaire \u00e0 travers le territoire.<\/p>\n<p><strong>Nota<\/strong>\u00a0:\u00a0<em>Des avis \u00e9clair\u00e9s disent que cette variole du singe, qui n\u2019est en fait qu\u2019une forme de zona, serait un leurre ayant pour but de d\u00e9tourner l\u2019attention des d\u00e9g\u00e2ts caus\u00e9s par le vaxxin Cov, et essayer de faire une nouvelle p\u00eache parmi les na\u00effs ind\u00e9crottables\u2026<\/em><\/p>\n<p>Et alors ??? Entre ces contradictions faisant fi des conventions internationales, bien malin celui qui pr\u00e9dira comment on va nous manger \u00e0 la fin de l\u2019ann\u00e9e\u2026 Une seule directive \u00e0 retenir : refusez sans exception toutes les mesures vaccinales arbitraires et ill\u00e9galement obligatoires\u2026 Y COMPRIS ET SURTOUT POUR VOS ENFANTS !!! MERCI POUR EUX ET LEUR AVENIR\u2026<\/p>\n<p><strong>MD<\/strong><\/p>\n<p><strong><em>Enfin, merci encore au gouvernement japonais <\/em><\/strong><strong><em>qui est plus honn\u00eate que le n\u00f4tre.<\/em><\/strong><\/p>\n<p>FAITES PASSER L\u2019INFO CAR LES MAINSTREAMS COLLABOS FERONT UNE FOIS DE PLUS SILENCE RADIO POUR NE PAS D\u00c9PLAIRE \u00c0 LEURS MA\u00ceTRES<\/p>\n<p><em>Source de la republication : <a href=\"https:\/\/newsletter.micheldogna.fr\/w\/G8jl6sDleceS0LPbnShwow\/lcQHGQXU892hZj7632xjhH0yWQ\/7HpijLxGx892j1a87WSChAnw\" target=\"_blank\" rel=\"noopener\">https:\/\/newsletter.micheldogna.fr\/w\/G8jl6sDleceS0LPbnShwow\/lcQHGQXU892hZj7632xjhH0yWQ\/7HpijLxGx892j1a87WSChAnw<\/a><\/em><\/p>\n","protected":false},"excerpt":{"rendered":"<p>Par Michel Dogna, Source de la republication : htt\u2026<\/p>\n<p> <a class=\"continue-reading-link\" href=\"https:\/\/jrfortin.com\/jrf\/blog\/vax-arnm-le-japon-declare-letat-durgence\/\"><span>continuez la lecture<\/span><i class=\"crycon-right-dir\"><\/i><\/a> <\/p>\n","protected":false},"author":1,"featured_media":20175,"comment_status":"open","ping_status":"open","sticky":false,"template":"","format":"standard","meta":{"_jetpack_memberships_contains_paid_content":false,"footnotes":""},"categories":[312,279],"tags":[],"class_list":["post-20170","post","type-post","status-publish","format-standard","has-post-thumbnail","hentry","category-eveil-des-consciences","category-therapeutique"],"yoast_head":"<!-- This site is optimized with the Yoast SEO plugin v26.7 - https:\/\/yoast.com\/wordpress\/plugins\/seo\/ -->\n<title>VAX ARNm - LE JAPON D\u00c9CLARE L&#039;\u00c9TAT D&#039;URGENCE - Dojo du Nouveau Monde<\/title>\n<meta name=\"robots\" content=\"index, follow, max-snippet:-1, max-image-preview:large, max-video-preview:-1\" \/>\n<link rel=\"canonical\" href=\"https:\/\/jrfortin.com\/jrf\/blog\/vax-arnm-le-japon-declare-letat-durgence\/\" \/>\n<meta property=\"og:locale\" content=\"fr_FR\" \/>\n<meta property=\"og:type\" content=\"article\" \/>\n<meta property=\"og:title\" content=\"VAX ARNm - LE JAPON D\u00c9CLARE L&#039;\u00c9TAT D&#039;URGENCE - Dojo du Nouveau Monde\" \/>\n<meta property=\"og:description\" content=\"Par Michel Dogna, Source de la republication : htt\u2026 continuez la lecture\" \/>\n<meta property=\"og:url\" content=\"https:\/\/jrfortin.com\/jrf\/blog\/vax-arnm-le-japon-declare-letat-durgence\/\" \/>\n<meta property=\"og:site_name\" content=\"Dojo du Nouveau Monde\" \/>\n<meta property=\"article:published_time\" content=\"2024-08-29T12:37:29+00:00\" \/>\n<meta property=\"article:modified_time\" content=\"2024-08-29T12:54:21+00:00\" \/>\n<meta property=\"og:image\" content=\"https:\/\/jrfortin.com\/jrf\/wp-content\/uploads\/2024\/08\/jap.png\" \/>\n\t<meta property=\"og:image:width\" content=\"1240\" \/>\n\t<meta property=\"og:image:height\" content=\"920\" \/>\n\t<meta property=\"og:image:type\" content=\"image\/png\" \/>\n<meta name=\"author\" content=\"Shihan Jean-Rock Fortin, M.A.\" \/>\n<meta name=\"twitter:card\" content=\"summary_large_image\" \/>\n<meta name=\"twitter:creator\" content=\"@fortin_rock\" \/>\n<meta name=\"twitter:site\" content=\"@fortin_rock\" \/>\n<meta name=\"twitter:label1\" content=\"\u00c9crit par\" \/>\n\t<meta name=\"twitter:data1\" content=\"Shihan Jean-Rock Fortin, M.A.\" \/>\n\t<meta name=\"twitter:label2\" content=\"Dur\u00e9e de lecture estim\u00e9e\" \/>\n\t<meta name=\"twitter:data2\" content=\"7 minutes\" \/>\n<script type=\"application\/ld+json\" class=\"yoast-schema-graph\">{\"@context\":\"https:\/\/schema.org\",\"@graph\":[{\"@type\":\"Article\",\"@id\":\"https:\/\/jrfortin.com\/jrf\/blog\/vax-arnm-le-japon-declare-letat-durgence\/#article\",\"isPartOf\":{\"@id\":\"https:\/\/jrfortin.com\/jrf\/blog\/vax-arnm-le-japon-declare-letat-durgence\/\"},\"author\":{\"name\":\"Shihan Jean-Rock Fortin, M.A.\",\"@id\":\"https:\/\/jrfortin.com\/jrf\/#\/schema\/person\/420b013ae3febafe8d99a66adee55de9\"},\"headline\":\"VAX ARNm &#8211; LE JAPON D\u00c9CLARE L&rsquo;\u00c9TAT D&rsquo;URGENCE\",\"datePublished\":\"2024-08-29T12:37:29+00:00\",\"dateModified\":\"2024-08-29T12:54:21+00:00\",\"mainEntityOfPage\":{\"@id\":\"https:\/\/jrfortin.com\/jrf\/blog\/vax-arnm-le-japon-declare-letat-durgence\/\"},\"wordCount\":1522,\"commentCount\":0,\"publisher\":{\"@id\":\"https:\/\/jrfortin.com\/jrf\/#\/schema\/person\/420b013ae3febafe8d99a66adee55de9\"},\"image\":{\"@id\":\"https:\/\/jrfortin.com\/jrf\/blog\/vax-arnm-le-japon-declare-letat-durgence\/#primaryimage\"},\"thumbnailUrl\":\"https:\/\/i0.wp.com\/jrfortin.com\/jrf\/wp-content\/uploads\/2024\/08\/jap.png?fit=1240%2C920&ssl=1\",\"articleSection\":[\"\u00c9veil des consciences\",\"Sant\u00e9\"],\"inLanguage\":\"fr-FR\",\"potentialAction\":[{\"@type\":\"CommentAction\",\"name\":\"Comment\",\"target\":[\"https:\/\/jrfortin.com\/jrf\/blog\/vax-arnm-le-japon-declare-letat-durgence\/#respond\"]}]},{\"@type\":\"WebPage\",\"@id\":\"https:\/\/jrfortin.com\/jrf\/blog\/vax-arnm-le-japon-declare-letat-durgence\/\",\"url\":\"https:\/\/jrfortin.com\/jrf\/blog\/vax-arnm-le-japon-declare-letat-durgence\/\",\"name\":\"VAX ARNm - LE JAPON D\u00c9CLARE L'\u00c9TAT D'URGENCE - Dojo du Nouveau Monde\",\"isPartOf\":{\"@id\":\"https:\/\/jrfortin.com\/jrf\/#website\"},\"primaryImageOfPage\":{\"@id\":\"https:\/\/jrfortin.com\/jrf\/blog\/vax-arnm-le-japon-declare-letat-durgence\/#primaryimage\"},\"image\":{\"@id\":\"https:\/\/jrfortin.com\/jrf\/blog\/vax-arnm-le-japon-declare-letat-durgence\/#primaryimage\"},\"thumbnailUrl\":\"https:\/\/i0.wp.com\/jrfortin.com\/jrf\/wp-content\/uploads\/2024\/08\/jap.png?fit=1240%2C920&ssl=1\",\"datePublished\":\"2024-08-29T12:37:29+00:00\",\"dateModified\":\"2024-08-29T12:54:21+00:00\",\"breadcrumb\":{\"@id\":\"https:\/\/jrfortin.com\/jrf\/blog\/vax-arnm-le-japon-declare-letat-durgence\/#breadcrumb\"},\"inLanguage\":\"fr-FR\",\"potentialAction\":[{\"@type\":\"ReadAction\",\"target\":[\"https:\/\/jrfortin.com\/jrf\/blog\/vax-arnm-le-japon-declare-letat-durgence\/\"]}]},{\"@type\":\"ImageObject\",\"inLanguage\":\"fr-FR\",\"@id\":\"https:\/\/jrfortin.com\/jrf\/blog\/vax-arnm-le-japon-declare-letat-durgence\/#primaryimage\",\"url\":\"https:\/\/i0.wp.com\/jrfortin.com\/jrf\/wp-content\/uploads\/2024\/08\/jap.png?fit=1240%2C920&ssl=1\",\"contentUrl\":\"https:\/\/i0.wp.com\/jrfortin.com\/jrf\/wp-content\/uploads\/2024\/08\/jap.png?fit=1240%2C920&ssl=1\",\"width\":1240,\"height\":920},{\"@type\":\"BreadcrumbList\",\"@id\":\"https:\/\/jrfortin.com\/jrf\/blog\/vax-arnm-le-japon-declare-letat-durgence\/#breadcrumb\",\"itemListElement\":[{\"@type\":\"ListItem\",\"position\":1,\"name\":\"Accueil\",\"item\":\"https:\/\/jrfortin.com\/jrf\/\"},{\"@type\":\"ListItem\",\"position\":2,\"name\":\"VAX ARNm &#8211; LE JAPON D\u00c9CLARE L&#8217;\u00c9TAT D&#8217;URGENCE\"}]},{\"@type\":\"WebSite\",\"@id\":\"https:\/\/jrfortin.com\/jrf\/#website\",\"url\":\"https:\/\/jrfortin.com\/jrf\/\",\"name\":\"Dojo du Nouveau Monde\",\"description\":\"R\u00e9seau de Shihan Jean-Rock Fortin\",\"publisher\":{\"@id\":\"https:\/\/jrfortin.com\/jrf\/#\/schema\/person\/420b013ae3febafe8d99a66adee55de9\"},\"potentialAction\":[{\"@type\":\"SearchAction\",\"target\":{\"@type\":\"EntryPoint\",\"urlTemplate\":\"https:\/\/jrfortin.com\/jrf\/?s={search_term_string}\"},\"query-input\":{\"@type\":\"PropertyValueSpecification\",\"valueRequired\":true,\"valueName\":\"search_term_string\"}}],\"inLanguage\":\"fr-FR\"},{\"@type\":[\"Person\",\"Organization\"],\"@id\":\"https:\/\/jrfortin.com\/jrf\/#\/schema\/person\/420b013ae3febafe8d99a66adee55de9\",\"name\":\"Shihan Jean-Rock Fortin, M.A.\",\"image\":{\"@type\":\"ImageObject\",\"inLanguage\":\"fr-FR\",\"@id\":\"https:\/\/jrfortin.com\/jrf\/#\/schema\/person\/image\/\",\"url\":\"https:\/\/i2.wp.com\/jrfortin.com\/jrf\/wp-content\/uploads\/2020\/07\/ki-le-chemin.jpg?fit=600%2C848&ssl=1\",\"contentUrl\":\"https:\/\/i2.wp.com\/jrfortin.com\/jrf\/wp-content\/uploads\/2020\/07\/ki-le-chemin.jpg?fit=600%2C848&ssl=1\",\"width\":600,\"height\":848,\"caption\":\"Shihan Jean-Rock Fortin, M.A.\"},\"logo\":{\"@id\":\"https:\/\/jrfortin.com\/jrf\/#\/schema\/person\/image\/\"},\"description\":\"Globetrotteur par affaires et pour le plaisir, et Orientaliste, je suis instructeur d'arts martiaux (maitre-enseignant de Ki-A\u00efkido [Shihan] &amp; Dim-Mak), Fondateur du Dojo du Nouveau Monde (2010), \\\"S\u00e9ancier\\\" de Kiatsu, M\u00e9tatronicien, Radiesth\u00e9siste, Coutelier d'art, Conf\u00e9rencier et Auteur du livre \\\"Ki - Le Chemin de l'\u00c9veil\\\" (2018). Je suis \u00e9galement Consultant strat\u00e9gique en \u00e9volution et prosp\u00e9rit\u00e9 des personnes et des organisations.\",\"sameAs\":[\"http:\/\/www.jrfortin.com\"],\"url\":\"https:\/\/jrfortin.com\/jrf\/blog\/author\/jean-rock\/\"}]}<\/script>\n<!-- \/ Yoast SEO plugin. -->","yoast_head_json":{"title":"VAX ARNm - LE JAPON D\u00c9CLARE L'\u00c9TAT D'URGENCE - Dojo du Nouveau Monde","robots":{"index":"index","follow":"follow","max-snippet":"max-snippet:-1","max-image-preview":"max-image-preview:large","max-video-preview":"max-video-preview:-1"},"canonical":"https:\/\/jrfortin.com\/jrf\/blog\/vax-arnm-le-japon-declare-letat-durgence\/","og_locale":"fr_FR","og_type":"article","og_title":"VAX ARNm - LE JAPON D\u00c9CLARE L'\u00c9TAT D'URGENCE - Dojo du Nouveau Monde","og_description":"Par Michel Dogna, Source de la republication : htt\u2026 continuez la lecture","og_url":"https:\/\/jrfortin.com\/jrf\/blog\/vax-arnm-le-japon-declare-letat-durgence\/","og_site_name":"Dojo du Nouveau Monde","article_published_time":"2024-08-29T12:37:29+00:00","article_modified_time":"2024-08-29T12:54:21+00:00","og_image":[{"width":1240,"height":920,"url":"https:\/\/jrfortin.com\/jrf\/wp-content\/uploads\/2024\/08\/jap.png","type":"image\/png"}],"author":"Shihan Jean-Rock Fortin, M.A.","twitter_card":"summary_large_image","twitter_creator":"@fortin_rock","twitter_site":"@fortin_rock","twitter_misc":{"\u00c9crit par":"Shihan Jean-Rock Fortin, M.A.","Dur\u00e9e de lecture estim\u00e9e":"7 minutes"},"schema":{"@context":"https:\/\/schema.org","@graph":[{"@type":"Article","@id":"https:\/\/jrfortin.com\/jrf\/blog\/vax-arnm-le-japon-declare-letat-durgence\/#article","isPartOf":{"@id":"https:\/\/jrfortin.com\/jrf\/blog\/vax-arnm-le-japon-declare-letat-durgence\/"},"author":{"name":"Shihan Jean-Rock Fortin, M.A.","@id":"https:\/\/jrfortin.com\/jrf\/#\/schema\/person\/420b013ae3febafe8d99a66adee55de9"},"headline":"VAX ARNm &#8211; LE JAPON D\u00c9CLARE L&rsquo;\u00c9TAT D&rsquo;URGENCE","datePublished":"2024-08-29T12:37:29+00:00","dateModified":"2024-08-29T12:54:21+00:00","mainEntityOfPage":{"@id":"https:\/\/jrfortin.com\/jrf\/blog\/vax-arnm-le-japon-declare-letat-durgence\/"},"wordCount":1522,"commentCount":0,"publisher":{"@id":"https:\/\/jrfortin.com\/jrf\/#\/schema\/person\/420b013ae3febafe8d99a66adee55de9"},"image":{"@id":"https:\/\/jrfortin.com\/jrf\/blog\/vax-arnm-le-japon-declare-letat-durgence\/#primaryimage"},"thumbnailUrl":"https:\/\/i0.wp.com\/jrfortin.com\/jrf\/wp-content\/uploads\/2024\/08\/jap.png?fit=1240%2C920&ssl=1","articleSection":["\u00c9veil des consciences","Sant\u00e9"],"inLanguage":"fr-FR","potentialAction":[{"@type":"CommentAction","name":"Comment","target":["https:\/\/jrfortin.com\/jrf\/blog\/vax-arnm-le-japon-declare-letat-durgence\/#respond"]}]},{"@type":"WebPage","@id":"https:\/\/jrfortin.com\/jrf\/blog\/vax-arnm-le-japon-declare-letat-durgence\/","url":"https:\/\/jrfortin.com\/jrf\/blog\/vax-arnm-le-japon-declare-letat-durgence\/","name":"VAX ARNm - LE JAPON D\u00c9CLARE L'\u00c9TAT D'URGENCE - Dojo du Nouveau Monde","isPartOf":{"@id":"https:\/\/jrfortin.com\/jrf\/#website"},"primaryImageOfPage":{"@id":"https:\/\/jrfortin.com\/jrf\/blog\/vax-arnm-le-japon-declare-letat-durgence\/#primaryimage"},"image":{"@id":"https:\/\/jrfortin.com\/jrf\/blog\/vax-arnm-le-japon-declare-letat-durgence\/#primaryimage"},"thumbnailUrl":"https:\/\/i0.wp.com\/jrfortin.com\/jrf\/wp-content\/uploads\/2024\/08\/jap.png?fit=1240%2C920&ssl=1","datePublished":"2024-08-29T12:37:29+00:00","dateModified":"2024-08-29T12:54:21+00:00","breadcrumb":{"@id":"https:\/\/jrfortin.com\/jrf\/blog\/vax-arnm-le-japon-declare-letat-durgence\/#breadcrumb"},"inLanguage":"fr-FR","potentialAction":[{"@type":"ReadAction","target":["https:\/\/jrfortin.com\/jrf\/blog\/vax-arnm-le-japon-declare-letat-durgence\/"]}]},{"@type":"ImageObject","inLanguage":"fr-FR","@id":"https:\/\/jrfortin.com\/jrf\/blog\/vax-arnm-le-japon-declare-letat-durgence\/#primaryimage","url":"https:\/\/i0.wp.com\/jrfortin.com\/jrf\/wp-content\/uploads\/2024\/08\/jap.png?fit=1240%2C920&ssl=1","contentUrl":"https:\/\/i0.wp.com\/jrfortin.com\/jrf\/wp-content\/uploads\/2024\/08\/jap.png?fit=1240%2C920&ssl=1","width":1240,"height":920},{"@type":"BreadcrumbList","@id":"https:\/\/jrfortin.com\/jrf\/blog\/vax-arnm-le-japon-declare-letat-durgence\/#breadcrumb","itemListElement":[{"@type":"ListItem","position":1,"name":"Accueil","item":"https:\/\/jrfortin.com\/jrf\/"},{"@type":"ListItem","position":2,"name":"VAX ARNm &#8211; LE JAPON D\u00c9CLARE L&#8217;\u00c9TAT D&#8217;URGENCE"}]},{"@type":"WebSite","@id":"https:\/\/jrfortin.com\/jrf\/#website","url":"https:\/\/jrfortin.com\/jrf\/","name":"Dojo du Nouveau Monde","description":"R\u00e9seau de Shihan Jean-Rock Fortin","publisher":{"@id":"https:\/\/jrfortin.com\/jrf\/#\/schema\/person\/420b013ae3febafe8d99a66adee55de9"},"potentialAction":[{"@type":"SearchAction","target":{"@type":"EntryPoint","urlTemplate":"https:\/\/jrfortin.com\/jrf\/?s={search_term_string}"},"query-input":{"@type":"PropertyValueSpecification","valueRequired":true,"valueName":"search_term_string"}}],"inLanguage":"fr-FR"},{"@type":["Person","Organization"],"@id":"https:\/\/jrfortin.com\/jrf\/#\/schema\/person\/420b013ae3febafe8d99a66adee55de9","name":"Shihan Jean-Rock Fortin, M.A.","image":{"@type":"ImageObject","inLanguage":"fr-FR","@id":"https:\/\/jrfortin.com\/jrf\/#\/schema\/person\/image\/","url":"https:\/\/i2.wp.com\/jrfortin.com\/jrf\/wp-content\/uploads\/2020\/07\/ki-le-chemin.jpg?fit=600%2C848&ssl=1","contentUrl":"https:\/\/i2.wp.com\/jrfortin.com\/jrf\/wp-content\/uploads\/2020\/07\/ki-le-chemin.jpg?fit=600%2C848&ssl=1","width":600,"height":848,"caption":"Shihan Jean-Rock Fortin, M.A."},"logo":{"@id":"https:\/\/jrfortin.com\/jrf\/#\/schema\/person\/image\/"},"description":"Globetrotteur par affaires et pour le plaisir, et Orientaliste, je suis instructeur d'arts martiaux (maitre-enseignant de Ki-A\u00efkido [Shihan] &amp; Dim-Mak), Fondateur du Dojo du Nouveau Monde (2010), \"S\u00e9ancier\" de Kiatsu, M\u00e9tatronicien, Radiesth\u00e9siste, Coutelier d'art, Conf\u00e9rencier et Auteur du livre \"Ki - Le Chemin de l'\u00c9veil\" (2018). Je suis \u00e9galement Consultant strat\u00e9gique en \u00e9volution et prosp\u00e9rit\u00e9 des personnes et des organisations.","sameAs":["http:\/\/www.jrfortin.com"],"url":"https:\/\/jrfortin.com\/jrf\/blog\/author\/jean-rock\/"}]}},"jetpack_featured_media_url":"https:\/\/i0.wp.com\/jrfortin.com\/jrf\/wp-content\/uploads\/2024\/08\/jap.png?fit=1240%2C920&ssl=1","jetpack_sharing_enabled":true,"_links":{"self":[{"href":"https:\/\/jrfortin.com\/jrf\/wp-json\/wp\/v2\/posts\/20170","targetHints":{"allow":["GET"]}}],"collection":[{"href":"https:\/\/jrfortin.com\/jrf\/wp-json\/wp\/v2\/posts"}],"about":[{"href":"https:\/\/jrfortin.com\/jrf\/wp-json\/wp\/v2\/types\/post"}],"author":[{"embeddable":true,"href":"https:\/\/jrfortin.com\/jrf\/wp-json\/wp\/v2\/users\/1"}],"replies":[{"embeddable":true,"href":"https:\/\/jrfortin.com\/jrf\/wp-json\/wp\/v2\/comments?post=20170"}],"version-history":[{"count":2,"href":"https:\/\/jrfortin.com\/jrf\/wp-json\/wp\/v2\/posts\/20170\/revisions"}],"predecessor-version":[{"id":20174,"href":"https:\/\/jrfortin.com\/jrf\/wp-json\/wp\/v2\/posts\/20170\/revisions\/20174"}],"wp:featuredmedia":[{"embeddable":true,"href":"https:\/\/jrfortin.com\/jrf\/wp-json\/wp\/v2\/media\/20175"}],"wp:attachment":[{"href":"https:\/\/jrfortin.com\/jrf\/wp-json\/wp\/v2\/media?parent=20170"}],"wp:term":[{"taxonomy":"category","embeddable":true,"href":"https:\/\/jrfortin.com\/jrf\/wp-json\/wp\/v2\/categories?post=20170"},{"taxonomy":"post_tag","embeddable":true,"href":"https:\/\/jrfortin.com\/jrf\/wp-json\/wp\/v2\/tags?post=20170"}],"curies":[{"name":"wp","href":"https:\/\/api.w.org\/{rel}","templated":true}]}}