{"id":3914,"date":"2023-02-28T07:54:32","date_gmt":"2023-02-28T12:54:32","guid":{"rendered":"http:\/\/jrfortin.com\/jrf\/?p=3914"},"modified":"2023-07-11T08:49:15","modified_gmt":"2023-07-11T12:49:15","slug":"pourquoi-ny-a-t-il-pas-de-gaucher-dans-le-maniement-du-sabre-japonais","status":"publish","type":"post","link":"https:\/\/jrfortin.com\/jrf\/blog\/pourquoi-ny-a-t-il-pas-de-gaucher-dans-le-maniement-du-sabre-japonais\/","title":{"rendered":"Pas de gaucher dans le maniement du sabre Japonais"},"content":{"rendered":"<p style=\"text-align: center;\"><img data-recalc-dims=\"1\" loading=\"lazy\" decoding=\"async\" data-attachment-id=\"3915\" data-permalink=\"https:\/\/jrfortin.com\/jrf\/blog\/pourquoi-ny-a-t-il-pas-de-gaucher-dans-le-maniement-du-sabre-japonais\/1376316_917444704935436_2912879424765406366_n\/\" data-orig-file=\"https:\/\/i0.wp.com\/jrfortin.com\/jrf\/wp-content\/uploads\/2014\/11\/1376316_917444704935436_2912879424765406366_n.jpg?fit=526%2C375&amp;ssl=1\" data-orig-size=\"526,375\" data-comments-opened=\"0\" data-image-meta=\"{&quot;aperture&quot;:&quot;0&quot;,&quot;credit&quot;:&quot;&quot;,&quot;camera&quot;:&quot;&quot;,&quot;caption&quot;:&quot;&quot;,&quot;created_timestamp&quot;:&quot;0&quot;,&quot;copyright&quot;:&quot;&quot;,&quot;focal_length&quot;:&quot;0&quot;,&quot;iso&quot;:&quot;0&quot;,&quot;shutter_speed&quot;:&quot;0&quot;,&quot;title&quot;:&quot;&quot;,&quot;orientation&quot;:&quot;0&quot;}\" data-image-title=\"1376316_917444704935436_2912879424765406366_n\" data-image-description=\"&lt;p&gt;Sabre Banyu A\u00efgo&lt;\/p&gt;\n\" data-image-caption=\"&lt;p&gt;Katana Banyu A\u00efgo&lt;\/p&gt;\n\" data-medium-file=\"https:\/\/i0.wp.com\/jrfortin.com\/jrf\/wp-content\/uploads\/2014\/11\/1376316_917444704935436_2912879424765406366_n.jpg?fit=300%2C214&amp;ssl=1\" data-large-file=\"https:\/\/i0.wp.com\/jrfortin.com\/jrf\/wp-content\/uploads\/2014\/11\/1376316_917444704935436_2912879424765406366_n.jpg?fit=526%2C375&amp;ssl=1\" class=\"alignnone size-full wp-image-3915\" src=\"https:\/\/i0.wp.com\/jrfortin.com\/jrf\/wp-content\/uploads\/2014\/11\/1376316_917444704935436_2912879424765406366_n.jpg?resize=526%2C375&#038;ssl=1\" alt=\"\" width=\"526\" height=\"375\" srcset=\"https:\/\/i0.wp.com\/jrfortin.com\/jrf\/wp-content\/uploads\/2014\/11\/1376316_917444704935436_2912879424765406366_n.jpg?w=526&amp;ssl=1 526w, https:\/\/i0.wp.com\/jrfortin.com\/jrf\/wp-content\/uploads\/2014\/11\/1376316_917444704935436_2912879424765406366_n.jpg?resize=300%2C214&amp;ssl=1 300w\" sizes=\"auto, (max-width: 526px) 100vw, 526px\" \/><\/p>\r\n<p style=\"text-align: justify;\">Photo: le Katana de notre Dojo (fabriqu\u00e9 par <em>Shihan<\/em> Jean-Rock Fortin) porte le nom de notre devise : BANYU A\u00cfGO (amour et protection pour toute chose)<\/p>\r\n<p style=\"text-align: justify;\">Th\u00e9oriquement, il n\u2019y a que des droitiers dans le maniement du sabre japonais (le Katana). Le sabre est tenu devant soi avec un angle l\u00e9ger d\u2019environ 20 degr\u00e9s dirigea<span class=\"text_exposed_show\">nt le tranchant vers la gauche de l\u2019escrimeur. <\/span><\/p>\r\n<p style=\"text-align: justify;\"><span class=\"text_exposed_show\">Cette prise est tr\u00e8s naturelle et tr\u00e8s relax\u00e9e, et elle permet une grande mobilit\u00e9 lorsque maitris\u00e9e. C&rsquo;est d&rsquo;ailleurs la seule prise permettant la coordination corps-esprit. Testez-le pour le v\u00e9rifier.<\/span><\/p>\r\n<p><img data-recalc-dims=\"1\" loading=\"lazy\" decoding=\"async\" data-attachment-id=\"7861\" data-permalink=\"https:\/\/jrfortin.com\/jrf\/blog\/pourquoi-ny-a-t-il-pas-de-gaucher-dans-le-maniement-du-sabre-japonais\/uboken\/\" data-orig-file=\"https:\/\/i0.wp.com\/jrfortin.com\/jrf\/wp-content\/uploads\/2014\/11\/uboken.png?fit=852%2C2865&amp;ssl=1\" data-orig-size=\"852,2865\" data-comments-opened=\"0\" data-image-meta=\"{&quot;aperture&quot;:&quot;0&quot;,&quot;credit&quot;:&quot;&quot;,&quot;camera&quot;:&quot;&quot;,&quot;caption&quot;:&quot;&quot;,&quot;created_timestamp&quot;:&quot;0&quot;,&quot;copyright&quot;:&quot;&quot;,&quot;focal_length&quot;:&quot;0&quot;,&quot;iso&quot;:&quot;0&quot;,&quot;shutter_speed&quot;:&quot;0&quot;,&quot;title&quot;:&quot;&quot;,&quot;orientation&quot;:&quot;0&quot;}\" data-image-title=\"uboken\" data-image-description=\"\" data-image-caption=\"\" data-medium-file=\"https:\/\/i0.wp.com\/jrfortin.com\/jrf\/wp-content\/uploads\/2014\/11\/uboken.png?fit=89%2C300&amp;ssl=1\" data-large-file=\"https:\/\/i0.wp.com\/jrfortin.com\/jrf\/wp-content\/uploads\/2014\/11\/uboken.png?fit=305%2C1024&amp;ssl=1\" class=\"wp-image-7861 size-medium alignleft\" src=\"https:\/\/i0.wp.com\/jrfortin.com\/jrf\/wp-content\/uploads\/2014\/11\/uboken.png?resize=89%2C300&#038;ssl=1\" alt=\"\" width=\"89\" height=\"300\" srcset=\"https:\/\/i0.wp.com\/jrfortin.com\/jrf\/wp-content\/uploads\/2014\/11\/uboken.png?resize=89%2C300&amp;ssl=1 89w, https:\/\/i0.wp.com\/jrfortin.com\/jrf\/wp-content\/uploads\/2014\/11\/uboken.png?resize=768%2C2583&amp;ssl=1 768w, https:\/\/i0.wp.com\/jrfortin.com\/jrf\/wp-content\/uploads\/2014\/11\/uboken.png?resize=305%2C1024&amp;ssl=1 305w, https:\/\/i0.wp.com\/jrfortin.com\/jrf\/wp-content\/uploads\/2014\/11\/uboken.png?resize=600%2C2018&amp;ssl=1 600w, https:\/\/i0.wp.com\/jrfortin.com\/jrf\/wp-content\/uploads\/2014\/11\/uboken.png?resize=178%2C600&amp;ssl=1 178w, https:\/\/i0.wp.com\/jrfortin.com\/jrf\/wp-content\/uploads\/2014\/11\/uboken.png?w=852&amp;ssl=1 852w\" sizes=\"auto, (max-width: 89px) 100vw, 89px\" \/><\/p>\r\n<p style=\"text-align: justify;\">L\u2019aiguisage d\u2019un Katana selon les r\u00e8gles de l\u2019art est ajust\u00e9 de sorte que le fil du tranchant tombe droit au sol lorsque l\u2019escrimeur tient le katana correctement en maintenant cet angle.<\/p>\r\n<p style=\"text-align: justify;\">Autrement dit, en abattant le Katana de haut en bas, en maintenant cette prise, permettra d\u2019ex\u00e9cuter une coupe franche.<\/p>\r\n<p style=\"text-align: justify;\">Si un gaucher tenait le sabre avec l\u2019angle requis pour une prise naturelle, c\u2019est-\u00e0-dire en sens contraire d\u2019un droitier, alors le fil du tranchant tomberait de c\u00f4t\u00e9, ce qui rendrait la coupe moins efficace en raison d\u2019un manque de coh\u00e9sion entre la prise du sabre et l\u2019orientation du tranchant.<\/p>\r\n<p style=\"text-align: justify;\">\u00c0 moins d\u2019un aiguisage invers\u00e9 du sabre, les gauchers sont contraints de pratiquer comme les droitiers.<\/p>\r\n<p style=\"text-align: justify;\">Le Katana est guid\u00e9 par les membres du corps libres de toute tension c\u2019est-\u00e0-dire, compl\u00e8tement relax\u00e9s.<\/p>\r\n<p style=\"text-align: justify;\">Ceci permet de laisser tomber le sabre afin de tirer profit de l\u2019acc\u00e9l\u00e9ration gravitationnelle de notre plan\u00e8te qui est de 9,81 m\/s2.<\/p>\r\n<p style=\"text-align: justify;\">Pour surmultiplier la vitesse de frappe et l\u2019impact, le pratiquant abaissera, m\u00eame subtilement, son centre (de gravit\u00e9) au moment de porter l\u2019at\u00e9mi. Les tensions du corps (et\/ou mentales) emp\u00eachent le d\u00e9ploiement optimal du Katana en le contraignant.<\/p>\r\n<hr \/>\r\n<h3>Longueur de lame des sabres japonais<\/h3>\r\n<p>&nbsp;<\/p>\r\n<p>Tanto\u00a0:\u00a0\u00a0\u00a0\u00a0\u00a0\u00a0\u00a0\u00a0\u00a0\u00a0\u00a0 \u00a0\u00a0\u00a0\u00a0\u00a0\u00a0\u00a0\u00a0\u00a0\u00a0\u00a0\u00a0\u00a0\u00a0 12.5 \u00e0 30 cm (1 Shaku)<\/p>\r\n<p>Ko-Wakisashi\u00a0: \u00a0\u00a0\u00a0\u00a0\u00a0\u00a0\u00a0\u00a0\u00a0\u00a0 + de 30 \u00e0 31 cm \u00a0<\/p>\r\n<p>Wakisashi\u00a0: \u00a0\u00a0\u00a0\u00a0 \u00a0\u00a0\u00a0\u00a0\u00a0\u00a0\u00a0\u00a0\u00a0\u00a0\u00a0 + de 31 \u00e0 59 cm (entre 1 et 2 Shaku)<\/p>\r\n<p>O-Wakisashi\u00a0:\u00a0 \u00a0\u00a0\u00a0\u00a0\u00a0\u00a0\u00a0\u00a0\u00a0\u00a0\u00a0 de 59 \u00e0 moins de 60 cm<\/p>\r\n<p>Ko-Katana\u00a0: \u00a0\u00a0\u00a0 \u00a0\u00a0\u00a0\u00a0\u00a0\u00a0\u00a0\u00a0\u00a0\u00a0\u00a0 de 60 \u00e0 61 cm<\/p>\r\n<p>Katana\u00a0: \u00a0\u00a0\u00a0\u00a0\u00a0\u00a0\u00a0\u00a0\u00a0 \u00a0\u00a0\u00a0\u00a0\u00a0\u00a0\u00a0\u00a0\u00a0\u00a0\u00a0 + de 61 (+ de 2 Shaku) \u00e0 72 cm<\/p>\r\n<p>O-Katana\u00a0: \u00a0\u00a0\u00a0\u00a0\u00a0 \u00a0\u00a0\u00a0\u00a0\u00a0\u00a0\u00a0\u00a0\u00a0\u00a0\u00a0 + de 72 \u00e0 73 cm<\/p>\r\n<p>Ko-Dachi\u00a0:\u00a0\u00a0\u00a0\u00a0\u00a0\u00a0\u00a0\u00a0\u00a0\u00a0\u00a0\u00a0\u00a0\u00a0\u00a0\u00a0\u00a0\u00a0 + de 73 \u00e0 74 cm<\/p>\r\n<p>Dachi\u00a0:\u00a0\u00a0\u00a0\u00a0\u00a0\u00a0\u00a0\u00a0\u00a0\u00a0\u00a0\u00a0 \u00a0\u00a0\u00a0\u00a0\u00a0\u00a0\u00a0\u00a0\u00a0\u00a0\u00a0 + de 74 cm \u00e0 moins de 89 cm<\/p>\r\n<p>O-Dachi\u00a0:\u00a0\u00a0\u00a0\u00a0\u00a0\u00a0\u00a0\u00a0\u00a0\u00a0\u00a0\u00a0\u00a0\u00a0\u00a0\u00a0\u00a0\u00a0\u00a0 + de 89 cm (le plus long r\u00e9pertori\u00e9\u00a0: 377 cm)<\/p>\r\n<hr \/>\r\n<p style=\"text-align: center;\"><em>Voici le plus grand O-Dachi d\u00e9couvert jusqu&rsquo;ici et\u00a0 qui date de l&rsquo;an 1441 (3,77 m)<\/em><\/p>\r\n<p style=\"text-align: center;\"><img data-recalc-dims=\"1\" loading=\"lazy\" decoding=\"async\" data-attachment-id=\"11683\" data-permalink=\"https:\/\/jrfortin.com\/jrf\/blog\/pourquoi-ny-a-t-il-pas-de-gaucher-dans-le-maniement-du-sabre-japonais\/attachment\/124411410\/\" data-orig-file=\"https:\/\/i0.wp.com\/jrfortin.com\/jrf\/wp-content\/uploads\/2014\/11\/124411410.jpg?fit=792%2C472&amp;ssl=1\" data-orig-size=\"792,472\" data-comments-opened=\"1\" data-image-meta=\"{&quot;aperture&quot;:&quot;0&quot;,&quot;credit&quot;:&quot;&quot;,&quot;camera&quot;:&quot;&quot;,&quot;caption&quot;:&quot;&quot;,&quot;created_timestamp&quot;:&quot;0&quot;,&quot;copyright&quot;:&quot;&quot;,&quot;focal_length&quot;:&quot;0&quot;,&quot;iso&quot;:&quot;0&quot;,&quot;shutter_speed&quot;:&quot;0&quot;,&quot;title&quot;:&quot;&quot;,&quot;orientation&quot;:&quot;0&quot;}\" data-image-title=\"124411410\" data-image-description=\"&lt;p&gt;Le plus grand Katana (O&amp;rsquo;Dachi) du monde&lt;\/p&gt;\n\" data-image-caption=\"\" data-medium-file=\"https:\/\/i0.wp.com\/jrfortin.com\/jrf\/wp-content\/uploads\/2014\/11\/124411410.jpg?fit=300%2C179&amp;ssl=1\" data-large-file=\"https:\/\/i0.wp.com\/jrfortin.com\/jrf\/wp-content\/uploads\/2014\/11\/124411410.jpg?fit=792%2C472&amp;ssl=1\" class=\"alignnone size-full wp-image-11683\" src=\"https:\/\/i0.wp.com\/jrfortin.com\/jrf\/wp-content\/uploads\/2014\/11\/124411410.jpg?resize=792%2C472&#038;ssl=1\" alt=\"\" width=\"792\" height=\"472\" srcset=\"https:\/\/i0.wp.com\/jrfortin.com\/jrf\/wp-content\/uploads\/2014\/11\/124411410.jpg?w=792&amp;ssl=1 792w, https:\/\/i0.wp.com\/jrfortin.com\/jrf\/wp-content\/uploads\/2014\/11\/124411410.jpg?resize=300%2C179&amp;ssl=1 300w, https:\/\/i0.wp.com\/jrfortin.com\/jrf\/wp-content\/uploads\/2014\/11\/124411410.jpg?resize=768%2C458&amp;ssl=1 768w, https:\/\/i0.wp.com\/jrfortin.com\/jrf\/wp-content\/uploads\/2014\/11\/124411410.jpg?resize=150%2C89&amp;ssl=1 150w, https:\/\/i0.wp.com\/jrfortin.com\/jrf\/wp-content\/uploads\/2014\/11\/124411410.jpg?resize=250%2C150&amp;ssl=1 250w\" sizes=\"auto, (max-width: 792px) 100vw, 792px\" \/><\/p>\r\n<hr \/>\r\n<p style=\"text-align: center;\">Et en Europe aussi, des \u00e9p\u00e9es gigantesques ont \u00e9t\u00e9 fabriqu\u00e9es<\/p>\r\n<p style=\"text-align: center;\"><img data-recalc-dims=\"1\" loading=\"lazy\" decoding=\"async\" data-attachment-id=\"18802\" data-permalink=\"https:\/\/jrfortin.com\/jrf\/blog\/pourquoi-ny-a-t-il-pas-de-gaucher-dans-le-maniement-du-sabre-japonais\/332714071_895611451488565_2444885866098245326_n\/\" data-orig-file=\"https:\/\/i0.wp.com\/jrfortin.com\/jrf\/wp-content\/uploads\/2014\/11\/332714071_895611451488565_2444885866098245326_n.jpg?fit=1440%2C944&amp;ssl=1\" data-orig-size=\"1440,944\" data-comments-opened=\"1\" data-image-meta=\"{&quot;aperture&quot;:&quot;0&quot;,&quot;credit&quot;:&quot;&quot;,&quot;camera&quot;:&quot;&quot;,&quot;caption&quot;:&quot;&quot;,&quot;created_timestamp&quot;:&quot;0&quot;,&quot;copyright&quot;:&quot;&quot;,&quot;focal_length&quot;:&quot;0&quot;,&quot;iso&quot;:&quot;0&quot;,&quot;shutter_speed&quot;:&quot;0&quot;,&quot;title&quot;:&quot;&quot;,&quot;orientation&quot;:&quot;0&quot;}\" data-image-title=\"332714071_895611451488565_2444885866098245326_n\" data-image-description=\"\" data-image-caption=\"\" data-medium-file=\"https:\/\/i0.wp.com\/jrfortin.com\/jrf\/wp-content\/uploads\/2014\/11\/332714071_895611451488565_2444885866098245326_n.jpg?fit=300%2C197&amp;ssl=1\" data-large-file=\"https:\/\/i0.wp.com\/jrfortin.com\/jrf\/wp-content\/uploads\/2014\/11\/332714071_895611451488565_2444885866098245326_n.jpg?fit=830%2C544&amp;ssl=1\" class=\"alignnone wp-image-18802 size-full\" src=\"https:\/\/i0.wp.com\/jrfortin.com\/jrf\/wp-content\/uploads\/2014\/11\/332714071_895611451488565_2444885866098245326_n.jpg?resize=830%2C544\" alt=\"\" width=\"830\" height=\"544\" srcset=\"https:\/\/i0.wp.com\/jrfortin.com\/jrf\/wp-content\/uploads\/2014\/11\/332714071_895611451488565_2444885866098245326_n.jpg?w=1440&amp;ssl=1 1440w, https:\/\/i0.wp.com\/jrfortin.com\/jrf\/wp-content\/uploads\/2014\/11\/332714071_895611451488565_2444885866098245326_n.jpg?resize=300%2C197&amp;ssl=1 300w, https:\/\/i0.wp.com\/jrfortin.com\/jrf\/wp-content\/uploads\/2014\/11\/332714071_895611451488565_2444885866098245326_n.jpg?resize=1024%2C671&amp;ssl=1 1024w, https:\/\/i0.wp.com\/jrfortin.com\/jrf\/wp-content\/uploads\/2014\/11\/332714071_895611451488565_2444885866098245326_n.jpg?resize=768%2C503&amp;ssl=1 768w, https:\/\/i0.wp.com\/jrfortin.com\/jrf\/wp-content\/uploads\/2014\/11\/332714071_895611451488565_2444885866098245326_n.jpg?resize=150%2C98&amp;ssl=1 150w, https:\/\/i0.wp.com\/jrfortin.com\/jrf\/wp-content\/uploads\/2014\/11\/332714071_895611451488565_2444885866098245326_n.jpg?resize=1320%2C865&amp;ssl=1 1320w, https:\/\/i0.wp.com\/jrfortin.com\/jrf\/wp-content\/uploads\/2014\/11\/332714071_895611451488565_2444885866098245326_n.jpg?resize=24%2C16&amp;ssl=1 24w, https:\/\/i0.wp.com\/jrfortin.com\/jrf\/wp-content\/uploads\/2014\/11\/332714071_895611451488565_2444885866098245326_n.jpg?resize=36%2C24&amp;ssl=1 36w, https:\/\/i0.wp.com\/jrfortin.com\/jrf\/wp-content\/uploads\/2014\/11\/332714071_895611451488565_2444885866098245326_n.jpg?resize=48%2C31&amp;ssl=1 48w\" sizes=\"auto, (max-width: 830px) 100vw, 830px\" \/><\/p>\r\n<p><span class=\"x193iq5w xeuugli x13faqbe x1vvkbs xlh3980 xvmahel x1n0sxbx x1lliihq x1s928wv xhkezso x1gmr53x x1cpjm7i x1fgarty x1943h6x xudqn12 x3x7a5m x6prxxf xvq8zen xo1l8bm xzsf02u\" dir=\"auto\"><span class=\"x193iq5w xeuugli x13faqbe x1vvkbs xlh3980 xvmahel x1n0sxbx x6prxxf xvq8zen xo1l8bm xzsf02u x1yc453h\">Des \u00e9p\u00e9es massives d&rsquo;origine hongroise datant du 14e si\u00e8cle, maintenant expos\u00e9es au mus\u00e9e du palais Topkapi \u00e0 Istanbul. Celle du milieu (la plus grande) fait 270 cm de long.<\/span><\/span><\/p>\r\n<hr \/>\r\n<h5 class=\"entry-title\" style=\"text-align: center;\">Cet article pourrait aussi vous int\u00e9resser :<br \/><a href=\"https:\/\/jrfortin.com\/jrf\/blog\/comment-je-fabrique-un-katana\/\"><em>Comment fabrique-t-on un KATANA \u00e0 Qu\u00e9bec?<\/em><\/a><\/h5>\r\n<hr \/>\r\n<p><span style=\"border-radius: 2px; text-indent: 20px; width: auto; padding: 0px 4px 0px 0px; text-align: center; font: bold 11px\/20px 'Helvetica Neue',Helvetica,sans-serif; color: #ffffff; background: #bd081c  no-repeat scroll 3px 50% \/ 14px 14px; position: absolute; opacity: 1; z-index: 8675309; display: none; cursor: pointer; top: 37px; left: 135px;\">Enregistrer<\/span><\/p>\r\n\r\n<p>&nbsp;<\/p>\r\n","protected":false},"excerpt":{"rendered":"<p>Photo: le Katana de notre Dojo (fabriqu\u00e9 par Shiha\u2026<\/p>\n<p> <a class=\"continue-reading-link\" href=\"https:\/\/jrfortin.com\/jrf\/blog\/pourquoi-ny-a-t-il-pas-de-gaucher-dans-le-maniement-du-sabre-japonais\/\"><span>continuez la lecture<\/span><i class=\"crycon-right-dir\"><\/i><\/a> <\/p>\n","protected":false},"author":1,"featured_media":19456,"comment_status":"open","ping_status":"open","sticky":false,"template":"","format":"standard","meta":{"_jetpack_memberships_contains_paid_content":false,"footnotes":""},"categories":[314,114],"tags":[],"class_list":["post-3914","post","type-post","status-publish","format-standard","has-post-thumbnail","hentry","category-arts","category-ki-aikido-et-arts-martiaux"],"yoast_head":"<!-- This site is optimized with the Yoast SEO plugin v26.7 - https:\/\/yoast.com\/wordpress\/plugins\/seo\/ -->\n<title>Pas de gaucher dans le maniement du sabre Japonais - Dojo du Nouveau Monde<\/title>\n<meta name=\"robots\" content=\"index, follow, max-snippet:-1, max-image-preview:large, max-video-preview:-1\" \/>\n<link rel=\"canonical\" href=\"https:\/\/jrfortin.com\/jrf\/blog\/pourquoi-ny-a-t-il-pas-de-gaucher-dans-le-maniement-du-sabre-japonais\/\" \/>\n<meta property=\"og:locale\" content=\"fr_FR\" \/>\n<meta property=\"og:type\" content=\"article\" \/>\n<meta property=\"og:title\" content=\"Pas de gaucher dans le maniement du sabre Japonais - Dojo du Nouveau Monde\" \/>\n<meta property=\"og:description\" content=\"Photo: le Katana de notre Dojo (fabriqu\u00e9 par Shiha\u2026 continuez la lecture\" \/>\n<meta property=\"og:url\" content=\"https:\/\/jrfortin.com\/jrf\/blog\/pourquoi-ny-a-t-il-pas-de-gaucher-dans-le-maniement-du-sabre-japonais\/\" \/>\n<meta property=\"og:site_name\" content=\"Dojo du Nouveau Monde\" \/>\n<meta property=\"article:published_time\" content=\"2023-02-28T12:54:32+00:00\" \/>\n<meta property=\"article:modified_time\" content=\"2023-07-11T12:49:15+00:00\" \/>\n<meta property=\"og:image\" content=\"https:\/\/i0.wp.com\/jrfortin.com\/jrf\/wp-content\/uploads\/2023\/07\/shapeimage_2-82.png?fit=355%2C291&ssl=1\" \/>\n\t<meta property=\"og:image:width\" content=\"355\" \/>\n\t<meta property=\"og:image:height\" content=\"291\" \/>\n\t<meta property=\"og:image:type\" content=\"image\/png\" \/>\n<meta name=\"author\" content=\"Shihan Jean-Rock Fortin, M.A.\" \/>\n<meta name=\"twitter:card\" content=\"summary_large_image\" \/>\n<meta name=\"twitter:creator\" content=\"@fortin_rock\" \/>\n<meta name=\"twitter:site\" content=\"@fortin_rock\" \/>\n<meta name=\"twitter:label1\" content=\"\u00c9crit par\" \/>\n\t<meta name=\"twitter:data1\" content=\"Shihan Jean-Rock Fortin, M.A.\" \/>\n\t<meta name=\"twitter:label2\" content=\"Dur\u00e9e de lecture estim\u00e9e\" \/>\n\t<meta name=\"twitter:data2\" content=\"3 minutes\" \/>\n<script type=\"application\/ld+json\" class=\"yoast-schema-graph\">{\"@context\":\"https:\/\/schema.org\",\"@graph\":[{\"@type\":\"Article\",\"@id\":\"https:\/\/jrfortin.com\/jrf\/blog\/pourquoi-ny-a-t-il-pas-de-gaucher-dans-le-maniement-du-sabre-japonais\/#article\",\"isPartOf\":{\"@id\":\"https:\/\/jrfortin.com\/jrf\/blog\/pourquoi-ny-a-t-il-pas-de-gaucher-dans-le-maniement-du-sabre-japonais\/\"},\"author\":{\"name\":\"Shihan Jean-Rock Fortin, M.A.\",\"@id\":\"https:\/\/jrfortin.com\/jrf\/#\/schema\/person\/420b013ae3febafe8d99a66adee55de9\"},\"headline\":\"Pas de gaucher dans le maniement du sabre Japonais\",\"datePublished\":\"2023-02-28T12:54:32+00:00\",\"dateModified\":\"2023-07-11T12:49:15+00:00\",\"mainEntityOfPage\":{\"@id\":\"https:\/\/jrfortin.com\/jrf\/blog\/pourquoi-ny-a-t-il-pas-de-gaucher-dans-le-maniement-du-sabre-japonais\/\"},\"wordCount\":460,\"commentCount\":1,\"publisher\":{\"@id\":\"https:\/\/jrfortin.com\/jrf\/#\/schema\/person\/420b013ae3febafe8d99a66adee55de9\"},\"image\":{\"@id\":\"https:\/\/jrfortin.com\/jrf\/blog\/pourquoi-ny-a-t-il-pas-de-gaucher-dans-le-maniement-du-sabre-japonais\/#primaryimage\"},\"thumbnailUrl\":\"https:\/\/i0.wp.com\/jrfortin.com\/jrf\/wp-content\/uploads\/2023\/07\/shapeimage_2-82.png?fit=355%2C291&ssl=1\",\"articleSection\":[\"Arts\",\"Arts martiaux et Ki\"],\"inLanguage\":\"fr-FR\",\"potentialAction\":[{\"@type\":\"CommentAction\",\"name\":\"Comment\",\"target\":[\"https:\/\/jrfortin.com\/jrf\/blog\/pourquoi-ny-a-t-il-pas-de-gaucher-dans-le-maniement-du-sabre-japonais\/#respond\"]}]},{\"@type\":\"WebPage\",\"@id\":\"https:\/\/jrfortin.com\/jrf\/blog\/pourquoi-ny-a-t-il-pas-de-gaucher-dans-le-maniement-du-sabre-japonais\/\",\"url\":\"https:\/\/jrfortin.com\/jrf\/blog\/pourquoi-ny-a-t-il-pas-de-gaucher-dans-le-maniement-du-sabre-japonais\/\",\"name\":\"Pas de gaucher dans le maniement du sabre Japonais - Dojo du Nouveau Monde\",\"isPartOf\":{\"@id\":\"https:\/\/jrfortin.com\/jrf\/#website\"},\"primaryImageOfPage\":{\"@id\":\"https:\/\/jrfortin.com\/jrf\/blog\/pourquoi-ny-a-t-il-pas-de-gaucher-dans-le-maniement-du-sabre-japonais\/#primaryimage\"},\"image\":{\"@id\":\"https:\/\/jrfortin.com\/jrf\/blog\/pourquoi-ny-a-t-il-pas-de-gaucher-dans-le-maniement-du-sabre-japonais\/#primaryimage\"},\"thumbnailUrl\":\"https:\/\/i0.wp.com\/jrfortin.com\/jrf\/wp-content\/uploads\/2023\/07\/shapeimage_2-82.png?fit=355%2C291&ssl=1\",\"datePublished\":\"2023-02-28T12:54:32+00:00\",\"dateModified\":\"2023-07-11T12:49:15+00:00\",\"breadcrumb\":{\"@id\":\"https:\/\/jrfortin.com\/jrf\/blog\/pourquoi-ny-a-t-il-pas-de-gaucher-dans-le-maniement-du-sabre-japonais\/#breadcrumb\"},\"inLanguage\":\"fr-FR\",\"potentialAction\":[{\"@type\":\"ReadAction\",\"target\":[\"https:\/\/jrfortin.com\/jrf\/blog\/pourquoi-ny-a-t-il-pas-de-gaucher-dans-le-maniement-du-sabre-japonais\/\"]}]},{\"@type\":\"ImageObject\",\"inLanguage\":\"fr-FR\",\"@id\":\"https:\/\/jrfortin.com\/jrf\/blog\/pourquoi-ny-a-t-il-pas-de-gaucher-dans-le-maniement-du-sabre-japonais\/#primaryimage\",\"url\":\"https:\/\/i0.wp.com\/jrfortin.com\/jrf\/wp-content\/uploads\/2023\/07\/shapeimage_2-82.png?fit=355%2C291&ssl=1\",\"contentUrl\":\"https:\/\/i0.wp.com\/jrfortin.com\/jrf\/wp-content\/uploads\/2023\/07\/shapeimage_2-82.png?fit=355%2C291&ssl=1\",\"width\":355,\"height\":291},{\"@type\":\"BreadcrumbList\",\"@id\":\"https:\/\/jrfortin.com\/jrf\/blog\/pourquoi-ny-a-t-il-pas-de-gaucher-dans-le-maniement-du-sabre-japonais\/#breadcrumb\",\"itemListElement\":[{\"@type\":\"ListItem\",\"position\":1,\"name\":\"Accueil\",\"item\":\"https:\/\/jrfortin.com\/jrf\/\"},{\"@type\":\"ListItem\",\"position\":2,\"name\":\"Pas de gaucher dans le maniement du sabre Japonais\"}]},{\"@type\":\"WebSite\",\"@id\":\"https:\/\/jrfortin.com\/jrf\/#website\",\"url\":\"https:\/\/jrfortin.com\/jrf\/\",\"name\":\"Dojo du Nouveau Monde\",\"description\":\"R\u00e9seau de Shihan Jean-Rock Fortin\",\"publisher\":{\"@id\":\"https:\/\/jrfortin.com\/jrf\/#\/schema\/person\/420b013ae3febafe8d99a66adee55de9\"},\"potentialAction\":[{\"@type\":\"SearchAction\",\"target\":{\"@type\":\"EntryPoint\",\"urlTemplate\":\"https:\/\/jrfortin.com\/jrf\/?s={search_term_string}\"},\"query-input\":{\"@type\":\"PropertyValueSpecification\",\"valueRequired\":true,\"valueName\":\"search_term_string\"}}],\"inLanguage\":\"fr-FR\"},{\"@type\":[\"Person\",\"Organization\"],\"@id\":\"https:\/\/jrfortin.com\/jrf\/#\/schema\/person\/420b013ae3febafe8d99a66adee55de9\",\"name\":\"Shihan Jean-Rock Fortin, M.A.\",\"image\":{\"@type\":\"ImageObject\",\"inLanguage\":\"fr-FR\",\"@id\":\"https:\/\/jrfortin.com\/jrf\/#\/schema\/person\/image\/\",\"url\":\"https:\/\/i2.wp.com\/jrfortin.com\/jrf\/wp-content\/uploads\/2020\/07\/ki-le-chemin.jpg?fit=600%2C848&ssl=1\",\"contentUrl\":\"https:\/\/i2.wp.com\/jrfortin.com\/jrf\/wp-content\/uploads\/2020\/07\/ki-le-chemin.jpg?fit=600%2C848&ssl=1\",\"width\":600,\"height\":848,\"caption\":\"Shihan Jean-Rock Fortin, M.A.\"},\"logo\":{\"@id\":\"https:\/\/jrfortin.com\/jrf\/#\/schema\/person\/image\/\"},\"description\":\"Globetrotteur par affaires et pour le plaisir, et Orientaliste, je suis instructeur d'arts martiaux (maitre-enseignant de Ki-A\u00efkido [Shihan] &amp; Dim-Mak), Fondateur du Dojo du Nouveau Monde (2010), \\\"S\u00e9ancier\\\" de Kiatsu, M\u00e9tatronicien, Radiesth\u00e9siste, Coutelier d'art, Conf\u00e9rencier et Auteur du livre \\\"Ki - Le Chemin de l'\u00c9veil\\\" (2018). Je suis \u00e9galement Consultant strat\u00e9gique en \u00e9volution et prosp\u00e9rit\u00e9 des personnes et des organisations.\",\"sameAs\":[\"http:\/\/www.jrfortin.com\"],\"url\":\"https:\/\/jrfortin.com\/jrf\/blog\/author\/jean-rock\/\"}]}<\/script>\n<!-- \/ Yoast SEO plugin. -->","yoast_head_json":{"title":"Pas de gaucher dans le maniement du sabre Japonais - Dojo du Nouveau Monde","robots":{"index":"index","follow":"follow","max-snippet":"max-snippet:-1","max-image-preview":"max-image-preview:large","max-video-preview":"max-video-preview:-1"},"canonical":"https:\/\/jrfortin.com\/jrf\/blog\/pourquoi-ny-a-t-il-pas-de-gaucher-dans-le-maniement-du-sabre-japonais\/","og_locale":"fr_FR","og_type":"article","og_title":"Pas de gaucher dans le maniement du sabre Japonais - Dojo du Nouveau Monde","og_description":"Photo: le Katana de notre Dojo (fabriqu\u00e9 par Shiha\u2026 continuez la lecture","og_url":"https:\/\/jrfortin.com\/jrf\/blog\/pourquoi-ny-a-t-il-pas-de-gaucher-dans-le-maniement-du-sabre-japonais\/","og_site_name":"Dojo du Nouveau Monde","article_published_time":"2023-02-28T12:54:32+00:00","article_modified_time":"2023-07-11T12:49:15+00:00","og_image":[{"width":355,"height":291,"url":"https:\/\/i0.wp.com\/jrfortin.com\/jrf\/wp-content\/uploads\/2023\/07\/shapeimage_2-82.png?fit=355%2C291&ssl=1","type":"image\/png"}],"author":"Shihan Jean-Rock Fortin, M.A.","twitter_card":"summary_large_image","twitter_creator":"@fortin_rock","twitter_site":"@fortin_rock","twitter_misc":{"\u00c9crit par":"Shihan Jean-Rock Fortin, M.A.","Dur\u00e9e de lecture estim\u00e9e":"3 minutes"},"schema":{"@context":"https:\/\/schema.org","@graph":[{"@type":"Article","@id":"https:\/\/jrfortin.com\/jrf\/blog\/pourquoi-ny-a-t-il-pas-de-gaucher-dans-le-maniement-du-sabre-japonais\/#article","isPartOf":{"@id":"https:\/\/jrfortin.com\/jrf\/blog\/pourquoi-ny-a-t-il-pas-de-gaucher-dans-le-maniement-du-sabre-japonais\/"},"author":{"name":"Shihan Jean-Rock Fortin, M.A.","@id":"https:\/\/jrfortin.com\/jrf\/#\/schema\/person\/420b013ae3febafe8d99a66adee55de9"},"headline":"Pas de gaucher dans le maniement du sabre Japonais","datePublished":"2023-02-28T12:54:32+00:00","dateModified":"2023-07-11T12:49:15+00:00","mainEntityOfPage":{"@id":"https:\/\/jrfortin.com\/jrf\/blog\/pourquoi-ny-a-t-il-pas-de-gaucher-dans-le-maniement-du-sabre-japonais\/"},"wordCount":460,"commentCount":1,"publisher":{"@id":"https:\/\/jrfortin.com\/jrf\/#\/schema\/person\/420b013ae3febafe8d99a66adee55de9"},"image":{"@id":"https:\/\/jrfortin.com\/jrf\/blog\/pourquoi-ny-a-t-il-pas-de-gaucher-dans-le-maniement-du-sabre-japonais\/#primaryimage"},"thumbnailUrl":"https:\/\/i0.wp.com\/jrfortin.com\/jrf\/wp-content\/uploads\/2023\/07\/shapeimage_2-82.png?fit=355%2C291&ssl=1","articleSection":["Arts","Arts martiaux et Ki"],"inLanguage":"fr-FR","potentialAction":[{"@type":"CommentAction","name":"Comment","target":["https:\/\/jrfortin.com\/jrf\/blog\/pourquoi-ny-a-t-il-pas-de-gaucher-dans-le-maniement-du-sabre-japonais\/#respond"]}]},{"@type":"WebPage","@id":"https:\/\/jrfortin.com\/jrf\/blog\/pourquoi-ny-a-t-il-pas-de-gaucher-dans-le-maniement-du-sabre-japonais\/","url":"https:\/\/jrfortin.com\/jrf\/blog\/pourquoi-ny-a-t-il-pas-de-gaucher-dans-le-maniement-du-sabre-japonais\/","name":"Pas de gaucher dans le maniement du sabre Japonais - Dojo du Nouveau Monde","isPartOf":{"@id":"https:\/\/jrfortin.com\/jrf\/#website"},"primaryImageOfPage":{"@id":"https:\/\/jrfortin.com\/jrf\/blog\/pourquoi-ny-a-t-il-pas-de-gaucher-dans-le-maniement-du-sabre-japonais\/#primaryimage"},"image":{"@id":"https:\/\/jrfortin.com\/jrf\/blog\/pourquoi-ny-a-t-il-pas-de-gaucher-dans-le-maniement-du-sabre-japonais\/#primaryimage"},"thumbnailUrl":"https:\/\/i0.wp.com\/jrfortin.com\/jrf\/wp-content\/uploads\/2023\/07\/shapeimage_2-82.png?fit=355%2C291&ssl=1","datePublished":"2023-02-28T12:54:32+00:00","dateModified":"2023-07-11T12:49:15+00:00","breadcrumb":{"@id":"https:\/\/jrfortin.com\/jrf\/blog\/pourquoi-ny-a-t-il-pas-de-gaucher-dans-le-maniement-du-sabre-japonais\/#breadcrumb"},"inLanguage":"fr-FR","potentialAction":[{"@type":"ReadAction","target":["https:\/\/jrfortin.com\/jrf\/blog\/pourquoi-ny-a-t-il-pas-de-gaucher-dans-le-maniement-du-sabre-japonais\/"]}]},{"@type":"ImageObject","inLanguage":"fr-FR","@id":"https:\/\/jrfortin.com\/jrf\/blog\/pourquoi-ny-a-t-il-pas-de-gaucher-dans-le-maniement-du-sabre-japonais\/#primaryimage","url":"https:\/\/i0.wp.com\/jrfortin.com\/jrf\/wp-content\/uploads\/2023\/07\/shapeimage_2-82.png?fit=355%2C291&ssl=1","contentUrl":"https:\/\/i0.wp.com\/jrfortin.com\/jrf\/wp-content\/uploads\/2023\/07\/shapeimage_2-82.png?fit=355%2C291&ssl=1","width":355,"height":291},{"@type":"BreadcrumbList","@id":"https:\/\/jrfortin.com\/jrf\/blog\/pourquoi-ny-a-t-il-pas-de-gaucher-dans-le-maniement-du-sabre-japonais\/#breadcrumb","itemListElement":[{"@type":"ListItem","position":1,"name":"Accueil","item":"https:\/\/jrfortin.com\/jrf\/"},{"@type":"ListItem","position":2,"name":"Pas de gaucher dans le maniement du sabre Japonais"}]},{"@type":"WebSite","@id":"https:\/\/jrfortin.com\/jrf\/#website","url":"https:\/\/jrfortin.com\/jrf\/","name":"Dojo du Nouveau Monde","description":"R\u00e9seau de Shihan Jean-Rock Fortin","publisher":{"@id":"https:\/\/jrfortin.com\/jrf\/#\/schema\/person\/420b013ae3febafe8d99a66adee55de9"},"potentialAction":[{"@type":"SearchAction","target":{"@type":"EntryPoint","urlTemplate":"https:\/\/jrfortin.com\/jrf\/?s={search_term_string}"},"query-input":{"@type":"PropertyValueSpecification","valueRequired":true,"valueName":"search_term_string"}}],"inLanguage":"fr-FR"},{"@type":["Person","Organization"],"@id":"https:\/\/jrfortin.com\/jrf\/#\/schema\/person\/420b013ae3febafe8d99a66adee55de9","name":"Shihan Jean-Rock Fortin, M.A.","image":{"@type":"ImageObject","inLanguage":"fr-FR","@id":"https:\/\/jrfortin.com\/jrf\/#\/schema\/person\/image\/","url":"https:\/\/i2.wp.com\/jrfortin.com\/jrf\/wp-content\/uploads\/2020\/07\/ki-le-chemin.jpg?fit=600%2C848&ssl=1","contentUrl":"https:\/\/i2.wp.com\/jrfortin.com\/jrf\/wp-content\/uploads\/2020\/07\/ki-le-chemin.jpg?fit=600%2C848&ssl=1","width":600,"height":848,"caption":"Shihan Jean-Rock Fortin, M.A."},"logo":{"@id":"https:\/\/jrfortin.com\/jrf\/#\/schema\/person\/image\/"},"description":"Globetrotteur par affaires et pour le plaisir, et Orientaliste, je suis instructeur d'arts martiaux (maitre-enseignant de Ki-A\u00efkido [Shihan] &amp; Dim-Mak), Fondateur du Dojo du Nouveau Monde (2010), \"S\u00e9ancier\" de Kiatsu, M\u00e9tatronicien, Radiesth\u00e9siste, Coutelier d'art, Conf\u00e9rencier et Auteur du livre \"Ki - Le Chemin de l'\u00c9veil\" (2018). Je suis \u00e9galement Consultant strat\u00e9gique en \u00e9volution et prosp\u00e9rit\u00e9 des personnes et des organisations.","sameAs":["http:\/\/www.jrfortin.com"],"url":"https:\/\/jrfortin.com\/jrf\/blog\/author\/jean-rock\/"}]}},"jetpack_featured_media_url":"https:\/\/i0.wp.com\/jrfortin.com\/jrf\/wp-content\/uploads\/2023\/07\/shapeimage_2-82.png?fit=355%2C291&ssl=1","jetpack_sharing_enabled":true,"_links":{"self":[{"href":"https:\/\/jrfortin.com\/jrf\/wp-json\/wp\/v2\/posts\/3914","targetHints":{"allow":["GET"]}}],"collection":[{"href":"https:\/\/jrfortin.com\/jrf\/wp-json\/wp\/v2\/posts"}],"about":[{"href":"https:\/\/jrfortin.com\/jrf\/wp-json\/wp\/v2\/types\/post"}],"author":[{"embeddable":true,"href":"https:\/\/jrfortin.com\/jrf\/wp-json\/wp\/v2\/users\/1"}],"replies":[{"embeddable":true,"href":"https:\/\/jrfortin.com\/jrf\/wp-json\/wp\/v2\/comments?post=3914"}],"version-history":[{"count":2,"href":"https:\/\/jrfortin.com\/jrf\/wp-json\/wp\/v2\/posts\/3914\/revisions"}],"predecessor-version":[{"id":19510,"href":"https:\/\/jrfortin.com\/jrf\/wp-json\/wp\/v2\/posts\/3914\/revisions\/19510"}],"wp:featuredmedia":[{"embeddable":true,"href":"https:\/\/jrfortin.com\/jrf\/wp-json\/wp\/v2\/media\/19456"}],"wp:attachment":[{"href":"https:\/\/jrfortin.com\/jrf\/wp-json\/wp\/v2\/media?parent=3914"}],"wp:term":[{"taxonomy":"category","embeddable":true,"href":"https:\/\/jrfortin.com\/jrf\/wp-json\/wp\/v2\/categories?post=3914"},{"taxonomy":"post_tag","embeddable":true,"href":"https:\/\/jrfortin.com\/jrf\/wp-json\/wp\/v2\/tags?post=3914"}],"curies":[{"name":"wp","href":"https:\/\/api.w.org\/{rel}","templated":true}]}}