{"id":859,"date":"2010-05-26T20:30:45","date_gmt":"2010-05-27T00:30:45","guid":{"rendered":"http:\/\/jrfortin.com\/jrf\/?p=859"},"modified":"2022-01-10T08:39:00","modified_gmt":"2022-01-10T13:39:00","slug":"le-vide-nexiste-pas","status":"publish","type":"post","link":"https:\/\/jrfortin.com\/jrf\/blog\/le-vide-nexiste-pas\/","title":{"rendered":"Le vide n\u2019existe pas !"},"content":{"rendered":"<div>\n<p style=\"text-align: center;\"><img data-recalc-dims=\"1\" loading=\"lazy\" decoding=\"async\" data-attachment-id=\"860\" data-permalink=\"https:\/\/jrfortin.com\/jrf\/blog\/le-vide-nexiste-pas\/shapeimage_2-3-3\/\" data-orig-file=\"https:\/\/i0.wp.com\/jrfortin.com\/jrf\/wp-content\/uploads\/2013\/03\/shapeimage_2-32.png?fit=336%2C252&amp;ssl=1\" data-orig-size=\"336,252\" data-comments-opened=\"1\" data-image-meta=\"{&quot;aperture&quot;:&quot;0&quot;,&quot;credit&quot;:&quot;&quot;,&quot;camera&quot;:&quot;&quot;,&quot;caption&quot;:&quot;&quot;,&quot;created_timestamp&quot;:&quot;0&quot;,&quot;copyright&quot;:&quot;&quot;,&quot;focal_length&quot;:&quot;0&quot;,&quot;iso&quot;:&quot;0&quot;,&quot;shutter_speed&quot;:&quot;0&quot;,&quot;title&quot;:&quot;&quot;,&quot;orientation&quot;:&quot;0&quot;}\" data-image-title=\"shapeimage_2-3\" data-image-description=\"&lt;p&gt;Ouragan Katrina&lt;\/p&gt;\n\" data-image-caption=\"\" data-medium-file=\"https:\/\/i0.wp.com\/jrfortin.com\/jrf\/wp-content\/uploads\/2013\/03\/shapeimage_2-32.png?fit=300%2C225&amp;ssl=1\" data-large-file=\"https:\/\/i0.wp.com\/jrfortin.com\/jrf\/wp-content\/uploads\/2013\/03\/shapeimage_2-32.png?fit=336%2C252&amp;ssl=1\" class=\"alignnone size-full wp-image-860\" src=\"https:\/\/i0.wp.com\/jrfortin.com\/jrf\/wp-content\/uploads\/2013\/03\/shapeimage_2-32.png?resize=336%2C252&#038;ssl=1\" alt=\"\" width=\"336\" height=\"252\" srcset=\"https:\/\/i0.wp.com\/jrfortin.com\/jrf\/wp-content\/uploads\/2013\/03\/shapeimage_2-32.png?w=336&amp;ssl=1 336w, https:\/\/i0.wp.com\/jrfortin.com\/jrf\/wp-content\/uploads\/2013\/03\/shapeimage_2-32.png?resize=300%2C225&amp;ssl=1 300w\" sizes=\"auto, (max-width: 336px) 100vw, 336px\" \/><\/p>\n<hr \/>\n<p style=\"text-align: justify;\">On r\u00e9f\u00e8re au \u00ab vide \u00bb pour identifier la masse sombre de l\u2019Univers. Pourtant, les progr\u00e8s de la science indiquent que cette masse sombre, constituant l\u2019essentiel de la masse cosmique, est constitu\u00e9e en r\u00e9alit\u00e9 de champs et de particules qui interagissent plus faiblement que les \u00e9lectrons et les quarks.<\/p>\n<p style=\"text-align: justify;\">Qui plus est, la physique cosmologique a d\u00e9couvert r\u00e9cemment qu\u2019une \u00ab myst\u00e9rieuse \u00e9nergie \u00bb pr\u00e9sente dans l\u2019Univers produit une acc\u00e9l\u00e9ration. Selon des th\u00e9ories m\u00e9caniques des corps et des forces induites, les chercheurs ont toujours voulu d\u00e9montrer que l\u2019Univers se contractait. Ce n\u2019est pas le cas : l\u2019Univers est en expansion. C\u2019est dire que, contre toute attente, l\u2019\u00e9nergie cosmique domine sur la mati\u00e8re.<\/p>\n<p style=\"text-align: justify;\">\u00ab Notre Univers n\u2019est pas ce qu\u2019il para\u00eet \u00eatre. Les \u00e9toiles visibles, les nuages de gaz, la poussi\u00e8re et les d\u00e9bris cosmiques comptent pour moins de 10 % de la masse qui, selon les scientifiques, doit forc\u00e9ment exister.<\/p>\n<p style=\"text-align: justify;\">Les astronomes, les astrophysiciens et les physiciens m\u00e8nent en ce moment des recherches intensives pour trouver l\u2019\u00e9nergie invisible sans laquelle notre galaxie et notre Univers physique ne pourraient exister. \u00bb\u00a0(<a title=\"http:\/\/fr.wikipedia.org\/wiki\/Voyage_astral\" href=\"http:\/\/fr.wikipedia.org\/wiki\/Voyage_astral\" target=\"_blank\" rel=\"noopener\">Buhlman, William<\/a>\u00a0\u00ab\u00a0Voyage au-del\u00e0 du corps\u00a0\u00bb, \u00c9ditions L\u2019art de s\u2019apprivoiser Inc., Varennes, Qu\u00e9bec, Canada, 1998, 301 p.)<\/p>\n<p style=\"text-align: justify;\">Le vide n\u2019existerait donc pas dans l\u2019Univers. Cette absence de vide confirme donc l\u2019existence d\u2019une substance universelle d\u00e9finie ici comme le Ki universel. Ainsi, une philosophie ou une doctrine vou\u00e9e \u00e0 l\u2019appr\u00e9hension du vide serait donc contradictoire avec la structure m\u00eame de l\u2019Univers.<\/p>\n<p style=\"text-align: justify;\">Notons que la notion de vide est souvent confondue avec celle de la vacuit\u00e9, \u00ab\u00a0Ku\u00a0\u00bb, qui signifie un \u00e9tat de non-entrave du mental d\u2019une personne. Ce qui est tr\u00e8s diff\u00e9rent.<\/p>\n<p style=\"text-align: justify;\">Dans la pratique du Ki, on insiste souvent sur la diff\u00e9rence entre relaxation morte et vivante, et sur la visualisation de courants d\u2019\u00e9nergie ou de vibrations. Cette vision des choses s\u2019accorde bien avec celle de la science, o\u00f9 la mati\u00e8re est comprise comme essentiellement dynamique, en mouvement et rythm\u00e9e.<\/p>\n<p style=\"text-align: justify;\">La physique d\u00e9crit la plupart des particules mat\u00e9rielles comme li\u00e9es \u00e0 des structures mol\u00e9culaires atomiques et nucl\u00e9aires et, par cons\u00e9quent, qui ne sont pas au repos, mais qui ont une tendance inh\u00e9rente \u00e0 bouger. Selon la th\u00e9orie quantique, la mati\u00e8re n\u2019est donc jamais inerte, mais toujours en \u00e9tat de mouvement.<\/p>\n<p style=\"text-align: justify;\">Les objets mat\u00e9riels qui nous entourent peuvent sembler passifs et inertes mais, lorsque nous agrandissons un tel objet inerte, min\u00e9ral ou autre, nous observons qu\u2019il est plein d\u2019activit\u00e9.<\/p>\n<p style=\"text-align: justify;\">Tous les objets dans notre environnement sont compos\u00e9s d\u2019atomes li\u00e9s les uns aux autres pour former une vari\u00e9t\u00e9 de structures mol\u00e9culaires qui ne sont pas rigides et immobiles, mais oscillent selon leur temp\u00e9rature et en harmonie avec les vibrations thermiques de leur environnement.<\/p>\n<p style=\"text-align: justify;\">Dans les atomes vibrants, les \u00e9lectrons sont li\u00e9s au noyau atomique par des forces \u00e9lectriques qui tendent \u00e0 les rapprocher autant que possible, et ils r\u00e9pondent \u00e0 cet emprisonnement en tourbillonnant avec une extr\u00eame rapidit\u00e9.<\/p>\n<p style=\"text-align: justify;\">\u00ab\u00a0La physique moderne ne d\u00e9crit donc pas la mati\u00e8re comme inerte et passive mais comme anim\u00e9e d\u2019un mouvement perp\u00e9tuel, dansant et vibrant, dont les rythmes sont d\u00e9termin\u00e9s par les structures mol\u00e9culaires, atomiques et nucl\u00e9aires\u00a0\u00bb.\u00a0(<a title=\"http:\/\/fr.wikipedia.org\/wiki\/Fritjof_Capra\" href=\"http:\/\/fr.wikipedia.org\/wiki\/Fritjof_Capra\">Capra, Fritjof<\/a>\u00a0\u00ab\u00a0Le Tao de la physique\u00a0\u00bb, \u00c9ditions Sand, Paris, 1975, 331 p.)<\/p>\n<p style=\"text-align: justify;\">De m\u00eame que la notion d\u2019objets solides a \u00e9t\u00e9 an\u00e9antie par la physique atomique (science de l\u2019infiniment petit), l\u2019espace vide a perdu sa signification en astrophysique et en cosmologie (sciences de l\u2019Univers dans ses grandes dimensions).<\/p>\n<p style=\"text-align: justify;\">Les th\u00e9ories des champs de la physique moderne nous obligent \u00e0 abandonner la distinction classique entre les particules mat\u00e9rielles et le vide. La th\u00e9orie du champ de gravit\u00e9 d\u2019<a title=\"http:\/\/fr.wikipedia.org\/wiki\/Albert_Einstein\" href=\"http:\/\/fr.wikipedia.org\/wiki\/Albert_Einstein\">Einstein<\/a>\u00a0et la th\u00e9orie du champ quantique montrent toutes deux que les particules ne peuvent \u00eatre s\u00e9par\u00e9es de l\u2019espace qui les entoure.<\/p>\n<p style=\"text-align: justify;\">D\u2019une part, elles d\u00e9terminent la structure de cet espace\u00a0; de l\u2019autre, elles ne peuvent \u00eatre consid\u00e9r\u00e9es comme des entit\u00e9s isol\u00e9es, mais doivent toutes \u00eatre per\u00e7ues comme les condensations d\u2019un champ continu pr\u00e9sent dans tout l\u2019espace. Dans la th\u00e9orie des champs quantiques, ce champ est consid\u00e9r\u00e9 comme le fondement de toutes les particules et de toutes leurs interactions.<\/p>\n<p style=\"text-align: justify;\">\u00ab\u00a0Le champ existe toujours et partout ; il ne peut jamais \u00eatre supprim\u00e9. Il est le support de tous les ph\u00e9nom\u00e8nes mat\u00e9riels. C\u2019est le \u00ab vide \u00bb \u00e0 partir duquel le proton cr\u00e9e les\u00a0m\u00e9sons. L\u2019existence et la disparition des particules sont seulement des formes du mouvement du champ. \u00bb<\/p>\n<p style=\"text-align: justify;\">La distinction entre mati\u00e8re et espace vide a d\u00fb \u00eatre abandonn\u00e9e lorsqu\u2019il est devenu \u00e9vident que des particules virtuelles pouvaient spontan\u00e9ment proc\u00e9der du vide et dispara\u00eetre \u00e0 nouveau sans qu\u2019aucune autre particule de forte interaction ne soit pr\u00e9sente. Dans le vide, il peut arriver qu\u2019un antiproton, un proton et un pion soient form\u00e9s \u00e0 partir de rien et disparaissent \u00e0 nouveau.<\/p>\n<p style=\"text-align: justify;\">Selon la th\u00e9orie du champ, les \u00e9v\u00e9nements de cette sorte se produisent continuellement. Le vide n\u2019a rien \u00e0 voir avec le n\u00e9ant. Au contraire, il contient un nombre illimit\u00e9 de particules qui naissent et disparaissent sans fin. C\u2019est le Ki.<\/p>\n<p style=\"text-align: justify;\">Fritjof Capra affirme : \u00ab\u00a0C\u2019est l\u00e0 le plus \u00e9troit parall\u00e8le en physique moderne avec le vide au sens oriental. Comme le vide oriental, le \u00ab vide physique\u00a0\u00bb,\u00a0ainsi nomm\u00e9 dans la th\u00e9orie du champ, n\u2019est pas un pur n\u00e9ant, mais contient la potentialit\u00e9 de toutes les formes du monde des particules.<\/p>\n<p style=\"text-align: justify;\">Ces formes, \u00e0 leur tour, ne sont pas des entit\u00e9s physiques ind\u00e9pendantes, mais simplement des manifestations transitoires du vide fondamental sous-jacent. \u00bb<\/p>\n<p style=\"text-align: justify;\">La relation entre les particules virtuelles et le vide est une relation essentiellement dynamique\u00a0; le vide est vraiment un \u00ab vide vivant \u00bb vibrant, selon des rythmes infinis de cr\u00e9ation et de transformation.<\/p>\n<p style=\"text-align: justify;\">Beaucoup de physiciens consid\u00e8rent la d\u00e9couverte de la qualit\u00e9 dynamique du vide comme l\u2019une des plus importantes de la physique moderne. Les r\u00e9sultats de la physique moderne semblent ainsi confirmer les paroles du sage chinois\u00a0<a title=\"http:\/\/fr.wikipedia.org\/wiki\/Zhang_Zai\" href=\"http:\/\/fr.wikipedia.org\/wiki\/Zhang_Zai\">Tchang Tsai<\/a>\u00a0: \u00ab\u00a0Quand on sait que le Grand Vide est plein de Ki, on sait que le N\u00e9ant n\u2019existe pas.\u00a0\u00bb<\/p>\n<\/div>\n<hr \/>\n<p>&nbsp;<\/p>\n","protected":false},"excerpt":{"rendered":"<p>On r\u00e9f\u00e8re au \u00ab vide \u00bb pour identifier la masse som\u2026<\/p>\n<p> <a class=\"continue-reading-link\" href=\"https:\/\/jrfortin.com\/jrf\/blog\/le-vide-nexiste-pas\/\"><span>continuez la lecture<\/span><i class=\"crycon-right-dir\"><\/i><\/a> <\/p>\n","protected":false},"author":1,"featured_media":860,"comment_status":"open","ping_status":"open","sticky":false,"template":"","format":"standard","meta":{"_jetpack_memberships_contains_paid_content":false,"footnotes":""},"categories":[315],"tags":[],"class_list":["post-859","post","type-post","status-publish","format-standard","has-post-thumbnail","hentry","category-sciences"],"yoast_head":"<!-- This site is optimized with the Yoast SEO plugin v26.7 - https:\/\/yoast.com\/wordpress\/plugins\/seo\/ -->\n<title>Le vide n\u2019existe pas ! - Dojo du Nouveau Monde<\/title>\n<meta name=\"robots\" content=\"index, follow, max-snippet:-1, max-image-preview:large, max-video-preview:-1\" \/>\n<link rel=\"canonical\" href=\"https:\/\/jrfortin.com\/jrf\/blog\/le-vide-nexiste-pas\/\" \/>\n<meta property=\"og:locale\" content=\"fr_FR\" \/>\n<meta property=\"og:type\" content=\"article\" \/>\n<meta property=\"og:title\" content=\"Le vide n\u2019existe pas ! - Dojo du Nouveau Monde\" \/>\n<meta property=\"og:description\" content=\"On r\u00e9f\u00e8re au \u00ab vide \u00bb pour identifier la masse som\u2026 continuez la lecture\" \/>\n<meta property=\"og:url\" content=\"https:\/\/jrfortin.com\/jrf\/blog\/le-vide-nexiste-pas\/\" \/>\n<meta property=\"og:site_name\" content=\"Dojo du Nouveau Monde\" \/>\n<meta property=\"article:published_time\" content=\"2010-05-27T00:30:45+00:00\" \/>\n<meta property=\"article:modified_time\" content=\"2022-01-10T13:39:00+00:00\" \/>\n<meta property=\"og:image\" content=\"https:\/\/i0.wp.com\/jrfortin.com\/jrf\/wp-content\/uploads\/2013\/03\/shapeimage_2-32.png?fit=336%2C252&ssl=1\" \/>\n\t<meta property=\"og:image:width\" content=\"336\" \/>\n\t<meta property=\"og:image:height\" content=\"252\" \/>\n\t<meta property=\"og:image:type\" content=\"image\/png\" \/>\n<meta name=\"author\" content=\"Shihan Jean-Rock Fortin, M.A.\" \/>\n<meta name=\"twitter:card\" content=\"summary_large_image\" \/>\n<meta name=\"twitter:creator\" content=\"@fortin_rock\" \/>\n<meta name=\"twitter:site\" content=\"@fortin_rock\" \/>\n<meta name=\"twitter:label1\" content=\"\u00c9crit par\" \/>\n\t<meta name=\"twitter:data1\" content=\"Shihan Jean-Rock Fortin, M.A.\" \/>\n\t<meta name=\"twitter:label2\" content=\"Dur\u00e9e de lecture estim\u00e9e\" \/>\n\t<meta name=\"twitter:data2\" content=\"5 minutes\" \/>\n<script type=\"application\/ld+json\" class=\"yoast-schema-graph\">{\"@context\":\"https:\/\/schema.org\",\"@graph\":[{\"@type\":\"Article\",\"@id\":\"https:\/\/jrfortin.com\/jrf\/blog\/le-vide-nexiste-pas\/#article\",\"isPartOf\":{\"@id\":\"https:\/\/jrfortin.com\/jrf\/blog\/le-vide-nexiste-pas\/\"},\"author\":{\"name\":\"Shihan Jean-Rock Fortin, M.A.\",\"@id\":\"https:\/\/jrfortin.com\/jrf\/#\/schema\/person\/420b013ae3febafe8d99a66adee55de9\"},\"headline\":\"Le vide n\u2019existe pas !\",\"datePublished\":\"2010-05-27T00:30:45+00:00\",\"dateModified\":\"2022-01-10T13:39:00+00:00\",\"mainEntityOfPage\":{\"@id\":\"https:\/\/jrfortin.com\/jrf\/blog\/le-vide-nexiste-pas\/\"},\"wordCount\":1096,\"commentCount\":0,\"publisher\":{\"@id\":\"https:\/\/jrfortin.com\/jrf\/#\/schema\/person\/420b013ae3febafe8d99a66adee55de9\"},\"image\":{\"@id\":\"https:\/\/jrfortin.com\/jrf\/blog\/le-vide-nexiste-pas\/#primaryimage\"},\"thumbnailUrl\":\"https:\/\/i0.wp.com\/jrfortin.com\/jrf\/wp-content\/uploads\/2013\/03\/shapeimage_2-32.png?fit=336%2C252&ssl=1\",\"articleSection\":[\"Sciences\"],\"inLanguage\":\"fr-FR\",\"potentialAction\":[{\"@type\":\"CommentAction\",\"name\":\"Comment\",\"target\":[\"https:\/\/jrfortin.com\/jrf\/blog\/le-vide-nexiste-pas\/#respond\"]}]},{\"@type\":\"WebPage\",\"@id\":\"https:\/\/jrfortin.com\/jrf\/blog\/le-vide-nexiste-pas\/\",\"url\":\"https:\/\/jrfortin.com\/jrf\/blog\/le-vide-nexiste-pas\/\",\"name\":\"Le vide n\u2019existe pas ! - Dojo du Nouveau Monde\",\"isPartOf\":{\"@id\":\"https:\/\/jrfortin.com\/jrf\/#website\"},\"primaryImageOfPage\":{\"@id\":\"https:\/\/jrfortin.com\/jrf\/blog\/le-vide-nexiste-pas\/#primaryimage\"},\"image\":{\"@id\":\"https:\/\/jrfortin.com\/jrf\/blog\/le-vide-nexiste-pas\/#primaryimage\"},\"thumbnailUrl\":\"https:\/\/i0.wp.com\/jrfortin.com\/jrf\/wp-content\/uploads\/2013\/03\/shapeimage_2-32.png?fit=336%2C252&ssl=1\",\"datePublished\":\"2010-05-27T00:30:45+00:00\",\"dateModified\":\"2022-01-10T13:39:00+00:00\",\"breadcrumb\":{\"@id\":\"https:\/\/jrfortin.com\/jrf\/blog\/le-vide-nexiste-pas\/#breadcrumb\"},\"inLanguage\":\"fr-FR\",\"potentialAction\":[{\"@type\":\"ReadAction\",\"target\":[\"https:\/\/jrfortin.com\/jrf\/blog\/le-vide-nexiste-pas\/\"]}]},{\"@type\":\"ImageObject\",\"inLanguage\":\"fr-FR\",\"@id\":\"https:\/\/jrfortin.com\/jrf\/blog\/le-vide-nexiste-pas\/#primaryimage\",\"url\":\"https:\/\/i0.wp.com\/jrfortin.com\/jrf\/wp-content\/uploads\/2013\/03\/shapeimage_2-32.png?fit=336%2C252&ssl=1\",\"contentUrl\":\"https:\/\/i0.wp.com\/jrfortin.com\/jrf\/wp-content\/uploads\/2013\/03\/shapeimage_2-32.png?fit=336%2C252&ssl=1\",\"width\":336,\"height\":252},{\"@type\":\"BreadcrumbList\",\"@id\":\"https:\/\/jrfortin.com\/jrf\/blog\/le-vide-nexiste-pas\/#breadcrumb\",\"itemListElement\":[{\"@type\":\"ListItem\",\"position\":1,\"name\":\"Accueil\",\"item\":\"https:\/\/jrfortin.com\/jrf\/\"},{\"@type\":\"ListItem\",\"position\":2,\"name\":\"Le vide n\u2019existe pas !\"}]},{\"@type\":\"WebSite\",\"@id\":\"https:\/\/jrfortin.com\/jrf\/#website\",\"url\":\"https:\/\/jrfortin.com\/jrf\/\",\"name\":\"Dojo du Nouveau Monde\",\"description\":\"R\u00e9seau de Shihan Jean-Rock Fortin\",\"publisher\":{\"@id\":\"https:\/\/jrfortin.com\/jrf\/#\/schema\/person\/420b013ae3febafe8d99a66adee55de9\"},\"potentialAction\":[{\"@type\":\"SearchAction\",\"target\":{\"@type\":\"EntryPoint\",\"urlTemplate\":\"https:\/\/jrfortin.com\/jrf\/?s={search_term_string}\"},\"query-input\":{\"@type\":\"PropertyValueSpecification\",\"valueRequired\":true,\"valueName\":\"search_term_string\"}}],\"inLanguage\":\"fr-FR\"},{\"@type\":[\"Person\",\"Organization\"],\"@id\":\"https:\/\/jrfortin.com\/jrf\/#\/schema\/person\/420b013ae3febafe8d99a66adee55de9\",\"name\":\"Shihan Jean-Rock Fortin, M.A.\",\"image\":{\"@type\":\"ImageObject\",\"inLanguage\":\"fr-FR\",\"@id\":\"https:\/\/jrfortin.com\/jrf\/#\/schema\/person\/image\/\",\"url\":\"https:\/\/i2.wp.com\/jrfortin.com\/jrf\/wp-content\/uploads\/2020\/07\/ki-le-chemin.jpg?fit=600%2C848&ssl=1\",\"contentUrl\":\"https:\/\/i2.wp.com\/jrfortin.com\/jrf\/wp-content\/uploads\/2020\/07\/ki-le-chemin.jpg?fit=600%2C848&ssl=1\",\"width\":600,\"height\":848,\"caption\":\"Shihan Jean-Rock Fortin, M.A.\"},\"logo\":{\"@id\":\"https:\/\/jrfortin.com\/jrf\/#\/schema\/person\/image\/\"},\"description\":\"Globetrotteur par affaires et pour le plaisir, et Orientaliste, je suis instructeur d'arts martiaux (maitre-enseignant de Ki-A\u00efkido [Shihan] &amp; Dim-Mak), Fondateur du Dojo du Nouveau Monde (2010), \\\"S\u00e9ancier\\\" de Kiatsu, M\u00e9tatronicien, Radiesth\u00e9siste, Coutelier d'art, Conf\u00e9rencier et Auteur du livre \\\"Ki - Le Chemin de l'\u00c9veil\\\" (2018). Je suis \u00e9galement Consultant strat\u00e9gique en \u00e9volution et prosp\u00e9rit\u00e9 des personnes et des organisations.\",\"sameAs\":[\"http:\/\/www.jrfortin.com\"],\"url\":\"https:\/\/jrfortin.com\/jrf\/blog\/author\/jean-rock\/\"}]}<\/script>\n<!-- \/ Yoast SEO plugin. -->","yoast_head_json":{"title":"Le vide n\u2019existe pas ! - Dojo du Nouveau Monde","robots":{"index":"index","follow":"follow","max-snippet":"max-snippet:-1","max-image-preview":"max-image-preview:large","max-video-preview":"max-video-preview:-1"},"canonical":"https:\/\/jrfortin.com\/jrf\/blog\/le-vide-nexiste-pas\/","og_locale":"fr_FR","og_type":"article","og_title":"Le vide n\u2019existe pas ! - Dojo du Nouveau Monde","og_description":"On r\u00e9f\u00e8re au \u00ab vide \u00bb pour identifier la masse som\u2026 continuez la lecture","og_url":"https:\/\/jrfortin.com\/jrf\/blog\/le-vide-nexiste-pas\/","og_site_name":"Dojo du Nouveau Monde","article_published_time":"2010-05-27T00:30:45+00:00","article_modified_time":"2022-01-10T13:39:00+00:00","og_image":[{"width":336,"height":252,"url":"https:\/\/i0.wp.com\/jrfortin.com\/jrf\/wp-content\/uploads\/2013\/03\/shapeimage_2-32.png?fit=336%2C252&ssl=1","type":"image\/png"}],"author":"Shihan Jean-Rock Fortin, M.A.","twitter_card":"summary_large_image","twitter_creator":"@fortin_rock","twitter_site":"@fortin_rock","twitter_misc":{"\u00c9crit par":"Shihan Jean-Rock Fortin, M.A.","Dur\u00e9e de lecture estim\u00e9e":"5 minutes"},"schema":{"@context":"https:\/\/schema.org","@graph":[{"@type":"Article","@id":"https:\/\/jrfortin.com\/jrf\/blog\/le-vide-nexiste-pas\/#article","isPartOf":{"@id":"https:\/\/jrfortin.com\/jrf\/blog\/le-vide-nexiste-pas\/"},"author":{"name":"Shihan Jean-Rock Fortin, M.A.","@id":"https:\/\/jrfortin.com\/jrf\/#\/schema\/person\/420b013ae3febafe8d99a66adee55de9"},"headline":"Le vide n\u2019existe pas !","datePublished":"2010-05-27T00:30:45+00:00","dateModified":"2022-01-10T13:39:00+00:00","mainEntityOfPage":{"@id":"https:\/\/jrfortin.com\/jrf\/blog\/le-vide-nexiste-pas\/"},"wordCount":1096,"commentCount":0,"publisher":{"@id":"https:\/\/jrfortin.com\/jrf\/#\/schema\/person\/420b013ae3febafe8d99a66adee55de9"},"image":{"@id":"https:\/\/jrfortin.com\/jrf\/blog\/le-vide-nexiste-pas\/#primaryimage"},"thumbnailUrl":"https:\/\/i0.wp.com\/jrfortin.com\/jrf\/wp-content\/uploads\/2013\/03\/shapeimage_2-32.png?fit=336%2C252&ssl=1","articleSection":["Sciences"],"inLanguage":"fr-FR","potentialAction":[{"@type":"CommentAction","name":"Comment","target":["https:\/\/jrfortin.com\/jrf\/blog\/le-vide-nexiste-pas\/#respond"]}]},{"@type":"WebPage","@id":"https:\/\/jrfortin.com\/jrf\/blog\/le-vide-nexiste-pas\/","url":"https:\/\/jrfortin.com\/jrf\/blog\/le-vide-nexiste-pas\/","name":"Le vide n\u2019existe pas ! - Dojo du Nouveau Monde","isPartOf":{"@id":"https:\/\/jrfortin.com\/jrf\/#website"},"primaryImageOfPage":{"@id":"https:\/\/jrfortin.com\/jrf\/blog\/le-vide-nexiste-pas\/#primaryimage"},"image":{"@id":"https:\/\/jrfortin.com\/jrf\/blog\/le-vide-nexiste-pas\/#primaryimage"},"thumbnailUrl":"https:\/\/i0.wp.com\/jrfortin.com\/jrf\/wp-content\/uploads\/2013\/03\/shapeimage_2-32.png?fit=336%2C252&ssl=1","datePublished":"2010-05-27T00:30:45+00:00","dateModified":"2022-01-10T13:39:00+00:00","breadcrumb":{"@id":"https:\/\/jrfortin.com\/jrf\/blog\/le-vide-nexiste-pas\/#breadcrumb"},"inLanguage":"fr-FR","potentialAction":[{"@type":"ReadAction","target":["https:\/\/jrfortin.com\/jrf\/blog\/le-vide-nexiste-pas\/"]}]},{"@type":"ImageObject","inLanguage":"fr-FR","@id":"https:\/\/jrfortin.com\/jrf\/blog\/le-vide-nexiste-pas\/#primaryimage","url":"https:\/\/i0.wp.com\/jrfortin.com\/jrf\/wp-content\/uploads\/2013\/03\/shapeimage_2-32.png?fit=336%2C252&ssl=1","contentUrl":"https:\/\/i0.wp.com\/jrfortin.com\/jrf\/wp-content\/uploads\/2013\/03\/shapeimage_2-32.png?fit=336%2C252&ssl=1","width":336,"height":252},{"@type":"BreadcrumbList","@id":"https:\/\/jrfortin.com\/jrf\/blog\/le-vide-nexiste-pas\/#breadcrumb","itemListElement":[{"@type":"ListItem","position":1,"name":"Accueil","item":"https:\/\/jrfortin.com\/jrf\/"},{"@type":"ListItem","position":2,"name":"Le vide n\u2019existe pas !"}]},{"@type":"WebSite","@id":"https:\/\/jrfortin.com\/jrf\/#website","url":"https:\/\/jrfortin.com\/jrf\/","name":"Dojo du Nouveau Monde","description":"R\u00e9seau de Shihan Jean-Rock Fortin","publisher":{"@id":"https:\/\/jrfortin.com\/jrf\/#\/schema\/person\/420b013ae3febafe8d99a66adee55de9"},"potentialAction":[{"@type":"SearchAction","target":{"@type":"EntryPoint","urlTemplate":"https:\/\/jrfortin.com\/jrf\/?s={search_term_string}"},"query-input":{"@type":"PropertyValueSpecification","valueRequired":true,"valueName":"search_term_string"}}],"inLanguage":"fr-FR"},{"@type":["Person","Organization"],"@id":"https:\/\/jrfortin.com\/jrf\/#\/schema\/person\/420b013ae3febafe8d99a66adee55de9","name":"Shihan Jean-Rock Fortin, M.A.","image":{"@type":"ImageObject","inLanguage":"fr-FR","@id":"https:\/\/jrfortin.com\/jrf\/#\/schema\/person\/image\/","url":"https:\/\/i2.wp.com\/jrfortin.com\/jrf\/wp-content\/uploads\/2020\/07\/ki-le-chemin.jpg?fit=600%2C848&ssl=1","contentUrl":"https:\/\/i2.wp.com\/jrfortin.com\/jrf\/wp-content\/uploads\/2020\/07\/ki-le-chemin.jpg?fit=600%2C848&ssl=1","width":600,"height":848,"caption":"Shihan Jean-Rock Fortin, M.A."},"logo":{"@id":"https:\/\/jrfortin.com\/jrf\/#\/schema\/person\/image\/"},"description":"Globetrotteur par affaires et pour le plaisir, et Orientaliste, je suis instructeur d'arts martiaux (maitre-enseignant de Ki-A\u00efkido [Shihan] &amp; Dim-Mak), Fondateur du Dojo du Nouveau Monde (2010), \"S\u00e9ancier\" de Kiatsu, M\u00e9tatronicien, Radiesth\u00e9siste, Coutelier d'art, Conf\u00e9rencier et Auteur du livre \"Ki - Le Chemin de l'\u00c9veil\" (2018). Je suis \u00e9galement Consultant strat\u00e9gique en \u00e9volution et prosp\u00e9rit\u00e9 des personnes et des organisations.","sameAs":["http:\/\/www.jrfortin.com"],"url":"https:\/\/jrfortin.com\/jrf\/blog\/author\/jean-rock\/"}]}},"jetpack_featured_media_url":"https:\/\/i0.wp.com\/jrfortin.com\/jrf\/wp-content\/uploads\/2013\/03\/shapeimage_2-32.png?fit=336%2C252&ssl=1","jetpack_sharing_enabled":true,"_links":{"self":[{"href":"https:\/\/jrfortin.com\/jrf\/wp-json\/wp\/v2\/posts\/859","targetHints":{"allow":["GET"]}}],"collection":[{"href":"https:\/\/jrfortin.com\/jrf\/wp-json\/wp\/v2\/posts"}],"about":[{"href":"https:\/\/jrfortin.com\/jrf\/wp-json\/wp\/v2\/types\/post"}],"author":[{"embeddable":true,"href":"https:\/\/jrfortin.com\/jrf\/wp-json\/wp\/v2\/users\/1"}],"replies":[{"embeddable":true,"href":"https:\/\/jrfortin.com\/jrf\/wp-json\/wp\/v2\/comments?post=859"}],"version-history":[{"count":2,"href":"https:\/\/jrfortin.com\/jrf\/wp-json\/wp\/v2\/posts\/859\/revisions"}],"predecessor-version":[{"id":16080,"href":"https:\/\/jrfortin.com\/jrf\/wp-json\/wp\/v2\/posts\/859\/revisions\/16080"}],"wp:featuredmedia":[{"embeddable":true,"href":"https:\/\/jrfortin.com\/jrf\/wp-json\/wp\/v2\/media\/860"}],"wp:attachment":[{"href":"https:\/\/jrfortin.com\/jrf\/wp-json\/wp\/v2\/media?parent=859"}],"wp:term":[{"taxonomy":"category","embeddable":true,"href":"https:\/\/jrfortin.com\/jrf\/wp-json\/wp\/v2\/categories?post=859"},{"taxonomy":"post_tag","embeddable":true,"href":"https:\/\/jrfortin.com\/jrf\/wp-json\/wp\/v2\/tags?post=859"}],"curies":[{"name":"wp","href":"https:\/\/api.w.org\/{rel}","templated":true}]}}